{"id":76472,"date":"2026-08-31T18:07:34","date_gmt":"2026-08-31T16:07:34","guid":{"rendered":"https:\/\/imagazine.it\/home_desk\/?p=76472"},"modified":"2026-09-03T18:11:36","modified_gmt":"2026-09-03T16:11:36","slug":"il-gresp-e-la-comunita-educante","status":"publish","type":"post","link":"https:\/\/imagazine.it\/home_desk\/il-gresp-e-la-comunita-educante\/","title":{"rendered":"Il GRESP e la comunit\u00e0 educante"},"content":{"rendered":"<h6>La serata finale del GRESP<\/h6>\n<p>&nbsp;<\/p>\n<p>GRADO \u2013 La quarta edizione del <strong>GRESP<\/strong> (Grande Estate SPES) si \u00e8 chiusa con una grande festa dopo due settimane di attivit\u00e0 che hanno coinvolto <strong>137 bambini e ragazzi<\/strong>, guidati da <strong>30 animatori<\/strong>.<\/p>\n<p>I festeggiamenti finali sono iniziati con la messa nella chiesa di San Crisogono, per poi proseguire nel Ricreatorio SPES con una cena comunitaria, gli spettacoli dei partecipanti, le premiazioni e il saluto alle famiglie.<\/p>\n<p>Nel suo intervento di chiusura, <strong>monsignor Paolo Nutarelli<\/strong> ha evidenziato tre elementi chiave dell&#8217;esperienza estiva.<\/p>\n<p>Il parroco ha definito il GRESP come il coronamento di un lungo e significativo viaggio educativo, inaugurato dai centri estivi della scuola dell&#8217;infanzia parrocchiale e arricchito dai campi per i ragazzi a Fusine, dalle attivit\u00e0 scout di Reparto e Branco, dalla novit\u00e0 dello <em>SPES Morning<\/em> e dalle numerose altre iniziative rivolte a famiglie, bambini e adolescenti.<\/p>\n<p>Dietro questa fitta rete di proposte, ha ribadito, si cela una solida alleanza educativa basata sulla capacit\u00e0 di fare rete e di collaborare sinergicamente.<\/p>\n<p>Un ringraziamento speciale \u00e8 stato tributato alla squadra di animatori \u2014 adolescenti, giovani e universitari \u2014 che hanno scelto di dedicare tempo ed energie ai pi\u00f9 piccoli.<\/p>\n<p>Don Paolo ha rimarcato come la loro dedizione non sia affatto scontata, specie considerando che molti di loro conciliano il lavoro stagionale pomeridiano e serale con il servizio gratuito prestato al GRESP fin dalle prime ore del mattino. Con un sorriso, il sacerdote ha tracciato un ritratto sincero dei ragazzi: pur non essendo perfetti, si sono rivelati meravigliosamente veri, mettendosi in gioco con la propria et\u00e0, la creativit\u00e0, l&#8217;energia e le immancabili fragilit\u00e0.<\/p>\n<p>Una risorsa umana definita insostituibile, senza la quale la manifestazione non avrebbe potuto prendere vita.<\/p>\n<p>Numerose sono state anche le realt\u00e0 del territorio coinvolte: dalle associazioni sportive agli operatori dei corsi di baseball, bocce, rugby, pallavolo, calcio, tennis, golf, canoa, voga, pesca, attivit\u00e0 subacquee, SUP, surf, scacchi, karate e ping-pong.<\/p>\n<p>A queste si sono aggiunti i radioamatori, i motoscafisti che hanno trasformato le loro imbarcazioni nel \u201cgaleone\u201d diretto a Barbana e le tante persone che hanno messo a disposizione tempo, capacit\u00e0 e passione. Fondamentale anche il lavoro dei volontari della cucina e la vicinanza concreta degli sponsor.<\/p>\n<p>Il secondo punto centrale dell&#8217;intervento ha toccato il tema della corresponsabilit\u00e0 della comunit\u00e0. Monsignor Nutarelli ha evidenziato che non \u00e8 possibile limitarsi a delegare: i sacerdoti passano, mentre la comunit\u00e0 rimane ed \u00e8 chiamata a sviluppare un profondo senso di appartenenza, invitando adulti, famiglie e ragazzi a mettersi in gioco e a contribuire attivamente, poich\u00e9 un percorso educativo richiede il sostegno e la partecipazione di tutti e non pu\u00f2 reggersi solo sul parroco o su pochi singoli.<\/p>\n<p>In ultimo, lo sguardo si \u00e8 focalizzato sul Ricreatorio SPES, descritto come un punto di riferimento fondamentale che deve continuare a crescere. Don Paolo ha ricordato che non \u00e8 sufficiente rinnovare gli spazi o sistemare le strutture, ma occorre viverlo come una vera casa, curandolo per renderlo quotidianamente vivo e accogliente.<\/p>\n<p>Un impegno quotidiano che affonda le radici nello stile di don Bosco, fondato sulla vicinanza ai giovani, sulla fiducia nelle loro potenzialit\u00e0 e sulla capacit\u00e0 di far sentire ciascuno accolto e amato.<\/p>\n<p>Pi\u00f9 che un semplice centro estivo, il GRESP si \u00e8 confermato un&#8217;autentica esperienza comunitaria in cui i dati numerici si sono trasformati nei volti reali di bambini, animatori, volontari, famiglie e associazioni.<\/p>\n<p>E mentre la quarta edizione si \u00e8 appena chiusa, al Ricreatorio SPES si guarda gi\u00e0 al futuro: l&#8217;avventura del GRESP 2027 \u00e8, idealmente, gi\u00e0 iniziata.<\/p>\n","protected":false},"excerpt":{"rendered":"<p>Concluso anche l&#8217;ultimo atto del viaggio educativo estivo promosso dalla Parrocchia di Grado attraverso diverse progettualit\u00e0<\/p>\n","protected":false},"author":22,"featured_media":76473,"comment_status":"closed","ping_status":"closed","sticky":false,"template":"","format":"image","meta":{"dwc-title":[""],"dwc-content":[""],"footnotes":""},"categories":[5],"tags":[198,174,260],"class_list":["post-76472","post","type-post","status-publish","format-image","has-post-thumbnail","hentry","category-attualita","tag-educazione","tag-grado","tag-parrocchia","post_format-post-format-image"],"rttpg_featured_image_url":{"full":["https:\/\/imagazine.it\/wp-content\/uploads\/2026\/09\/gresp2026.jpg",1366,646,false],"landscape":["https:\/\/imagazine.it\/wp-content\/uploads\/2026\/09\/gresp2026.jpg",1366,646,false],"portraits":["https:\/\/imagazine.it\/wp-content\/uploads\/2026\/09\/gresp2026.jpg",1366,646,false],"thumbnail":["https:\/\/imagazine.it\/wp-content\/uploads\/2026\/09\/gresp2026-150x150.jpg",150,150,true],"medium":["https:\/\/imagazine.it\/wp-content\/uploads\/2026\/09\/gresp2026-300x142.jpg",300,142,true],"large":["https:\/\/imagazine.it\/wp-content\/uploads\/2026\/09\/gresp2026-1024x484.jpg",640,303,true],"thumblist":["https:\/\/imagazine.it\/wp-content\/uploads\/2026\/09\/gresp2026-300x300.jpg",300,300,true],"thumbrelated":["https:\/\/imagazine.it\/wp-content\/uploads\/2026\/09\/gresp2026-500x500.jpg",500,500,true],"meccarouselthumb":["https:\/\/imagazine.it\/wp-content\/uploads\/2026\/09\/gresp2026-474x324.jpg",474,324,true],"gridsquare":["https:\/\/imagazine.it\/wp-content\/uploads\/2026\/09\/gresp2026-391x260.jpg",391,260,true],"tileview":["https:\/\/imagazine.it\/wp-content\/uploads\/2026\/09\/gresp2026-300x400.jpg",300,400,true],"1536x1536":["https:\/\/imagazine.it\/wp-content\/uploads\/2026\/09\/gresp2026.jpg",1366,646,false],"2048x2048":["https:\/\/imagazine.it\/wp-content\/uploads\/2026\/09\/gresp2026.jpg",1366,646,false],"newsup-slider-full":["https:\/\/imagazine.it\/wp-content\/uploads\/2026\/09\/gresp2026-1280x646.jpg",1280,646,true],"newsup-featured":["https:\/\/imagazine.it\/wp-content\/uploads\/2026\/09\/gresp2026-1024x484.jpg",1024,484,true],"newsup-medium":["https:\/\/imagazine.it\/wp-content\/uploads\/2026\/09\/gresp2026-720x380.jpg",720,380,true],"tptn_thumbnail":["https:\/\/imagazine.it\/wp-content\/uploads\/2026\/09\/gresp2026-250x210.jpg",250,210,true],"sow-carousel-default":["https:\/\/imagazine.it\/wp-content\/uploads\/2026\/09\/gresp2026-272x182.jpg",272,182,true]},"rttpg_author":{"display_name":"Livio Nonis","author_link":"https:\/\/imagazine.it\/home_desk\/author\/nonis\/"},"rttpg_comment":0,"rttpg_category":"<a href=\"https:\/\/imagazine.it\/home_desk\/category\/attualita\/\" rel=\"category tag\">ATTUALIT\u00c0<\/a>","rttpg_excerpt":"Concluso anche l'ultimo atto del viaggio educativo estivo promosso dalla Parrocchia di Grado attraverso diverse progettualit\u00e0","_links":{"self":[{"href":"https:\/\/imagazine.it\/home_desk\/wp-json\/wp\/v2\/posts\/76472","targetHints":{"allow":["GET"]}}],"collection":[{"href":"https:\/\/imagazine.it\/home_desk\/wp-json\/wp\/v2\/posts"}],"about":[{"href":"https:\/\/imagazine.it\/home_desk\/wp-json\/wp\/v2\/types\/post"}],"author":[{"embeddable":true,"href":"https:\/\/imagazine.it\/home_desk\/wp-json\/wp\/v2\/users\/22"}],"replies":[{"embeddable":true,"href":"https:\/\/imagazine.it\/home_desk\/wp-json\/wp\/v2\/comments?post=76472"}],"version-history":[{"count":2,"href":"https:\/\/imagazine.it\/home_desk\/wp-json\/wp\/v2\/posts\/76472\/revisions"}],"predecessor-version":[{"id":76475,"href":"https:\/\/imagazine.it\/home_desk\/wp-json\/wp\/v2\/posts\/76472\/revisions\/76475"}],"wp:featuredmedia":[{"embeddable":true,"href":"https:\/\/imagazine.it\/home_desk\/wp-json\/wp\/v2\/media\/76473"}],"wp:attachment":[{"href":"https:\/\/imagazine.it\/home_desk\/wp-json\/wp\/v2\/media?parent=76472"}],"wp:term":[{"taxonomy":"category","embeddable":true,"href":"https:\/\/imagazine.it\/home_desk\/wp-json\/wp\/v2\/categories?post=76472"},{"taxonomy":"post_tag","embeddable":true,"href":"https:\/\/imagazine.it\/home_desk\/wp-json\/wp\/v2\/tags?post=76472"}],"curies":[{"name":"wp","href":"https:\/\/api.w.org\/{rel}","templated":true}]}}