{"id":76453,"date":"2026-09-03T11:55:24","date_gmt":"2026-09-03T09:55:24","guid":{"rendered":"https:\/\/imagazine.it\/home_desk\/?p=76453"},"modified":"2026-09-03T11:55:24","modified_gmt":"2026-09-03T09:55:24","slug":"restaurato-il-monumento-ai-caduti-di-villa-vicentina","status":"publish","type":"post","link":"https:\/\/imagazine.it\/home_desk\/restaurato-il-monumento-ai-caduti-di-villa-vicentina\/","title":{"rendered":"Restaurato il Monumento ai Caduti di Villa Vicentina"},"content":{"rendered":"<h6>Il sopralluogo del consigliere regionale Budai<\/h6>\n<p>&nbsp;<\/p>\n<p>FIUMICELLO VILLA VICENTINA \u2013 Un luogo della memoria che torna a risplendere nel cuore della comunit\u00e0.<\/p>\n<p>Tutto \u00e8 pronto a Villa Vicentina per la cerimonia di inaugurazione del restaurato <strong>Monumento ai Caduti<\/strong>, un evento voluto e curato dal <strong>Gruppo Alpini Villa Vicentina &#8220;Vittorio Sclauzero&#8221;<\/strong>, con il patrocinio del Comune di Fiumicello Villa Vicentina e il contributo regionale.<\/p>\n<p>L&#8217;appuntamento con la storia e il ricordo \u00e8 fissato per <strong>domenica 13 settembre<\/strong> 2026. Le celebrazioni prenderanno il via la mattina presto per accogliere autorit\u00e0, cittadinanza e le penne nere provenienti da tutto il territorio: alle ore 10 ci sar\u00e0 l\u2019ammassamento dei partecipanti, seguir\u00e0 la sfilata lungo le vie cittadine si continuer\u00e0 con i discorsi ufficiali delle autorit\u00e0 e la solenne deposizione della corona d&#8217;alloro ai piedi del monumento restaurato, situato accanto alla chiesa di Santa Maria.<\/p>\n<p>Seguir\u00e0 la messa in suffragio e in ricordo di tutti i Caduti di tutte le guerre; al termine della cerimonia ufficiale, il &#8220;rompete le righe&#8221; e il trasferimento dei partecipanti per il tradizionale pranzo alpino presso l&#8217;area festeggiamenti di Capodisopra.<\/p>\n<p>Alla vigilia di questo grande traguardo comunitario \u00e8 stata impreziosita, nei giorni scorsi, da un momento istituzionale di primo piano. Il cantiere di restauro ha ricevuto la visita ufficiale del consigliere regionale <strong>Alberto Budai<\/strong>, accolto dal Gruppo Alpini e dalle maestranze della Cooperativa.<\/p>\n<p>Nel corso del sopralluogo, il consigliere ha potuto verificare da vicino lo stato avanzato dei lavori. Budai ha espresso parole di vivo elogio per le operatrici della cooperativa, capaci di riportare all&#8217;antico splendore un manufatto trascurato per troppi anni, e ha rivolto un plauso particolare agli artigiani della ditta Metalinox che si sono distinti per l&#8217;abilit\u00e0 dimostrata nella riproduzione fedele delle griglie originali recanti l&#8217;acronimo di casa Savoia <em>FERT<\/em> (<em>Fortitudo Eius Rhodum Tenuit<\/em>), l&#8217;antico motto che richiama la forza e la resilienza dei cavalieri di Rodi e della dinastia.<\/p>\n<p>Costruito originariamente nel 1917 dal Genio Militare della II zona della III Armata come fontana per dissetare soldati, popolazione e animali, il manufatto \u00e8 diventato Monumento ai Caduti nel dopoguerra e, dal 1984, custodisce la lapide che accomuna tutti i compaesani caduti nei conflitti mondiali senza distinzione di schieramento.<\/p>\n","protected":false},"excerpt":{"rendered":"<p>Domenica 13 settembre la cerimonia per celebrare la fine dell&#8217;intervento voluto dal Gruppo Alpini<\/p>\n","protected":false},"author":22,"featured_media":76454,"comment_status":"closed","ping_status":"closed","sticky":false,"template":"","format":"image","meta":{"dwc-title":[""],"dwc-content":[""],"footnotes":""},"categories":[5],"tags":[384,2186,333],"class_list":["post-76453","post","type-post","status-publish","format-image","has-post-thumbnail","hentry","category-attualita","tag-lavori","tag-memoria","tag-villa-vicentina","post_format-post-format-image"],"rttpg_featured_image_url":{"full":["https:\/\/imagazine.it\/wp-content\/uploads\/2026\/09\/alpini-villa-2026-02.jpg",1366,661,false],"landscape":["https:\/\/imagazine.it\/wp-content\/uploads\/2026\/09\/alpini-villa-2026-02.jpg",1366,661,false],"portraits":["https:\/\/imagazine.it\/wp-content\/uploads\/2026\/09\/alpini-villa-2026-02.jpg",1366,661,false],"thumbnail":["https:\/\/imagazine.it\/wp-content\/uploads\/2026\/09\/alpini-villa-2026-02-150x150.jpg",150,150,true],"medium":["https:\/\/imagazine.it\/wp-content\/uploads\/2026\/09\/alpini-villa-2026-02-300x145.jpg",300,145,true],"large":["https:\/\/imagazine.it\/wp-content\/uploads\/2026\/09\/alpini-villa-2026-02-1024x496.jpg",640,310,true],"thumblist":["https:\/\/imagazine.it\/wp-content\/uploads\/2026\/09\/alpini-villa-2026-02-300x300.jpg",300,300,true],"thumbrelated":["https:\/\/imagazine.it\/wp-content\/uploads\/2026\/09\/alpini-villa-2026-02-500x500.jpg",500,500,true],"meccarouselthumb":["https:\/\/imagazine.it\/wp-content\/uploads\/2026\/09\/alpini-villa-2026-02-474x324.jpg",474,324,true],"gridsquare":["https:\/\/imagazine.it\/wp-content\/uploads\/2026\/09\/alpini-villa-2026-02-391x260.jpg",391,260,true],"tileview":["https:\/\/imagazine.it\/wp-content\/uploads\/2026\/09\/alpini-villa-2026-02-300x400.jpg",300,400,true],"1536x1536":["https:\/\/imagazine.it\/wp-content\/uploads\/2026\/09\/alpini-villa-2026-02.jpg",1366,661,false],"2048x2048":["https:\/\/imagazine.it\/wp-content\/uploads\/2026\/09\/alpini-villa-2026-02.jpg",1366,661,false],"newsup-slider-full":["https:\/\/imagazine.it\/wp-content\/uploads\/2026\/09\/alpini-villa-2026-02-1280x661.jpg",1280,661,true],"newsup-featured":["https:\/\/imagazine.it\/wp-content\/uploads\/2026\/09\/alpini-villa-2026-02-1024x496.jpg",1024,496,true],"newsup-medium":["https:\/\/imagazine.it\/wp-content\/uploads\/2026\/09\/alpini-villa-2026-02-720x380.jpg",720,380,true],"tptn_thumbnail":["https:\/\/imagazine.it\/wp-content\/uploads\/2026\/09\/alpini-villa-2026-02-250x210.jpg",250,210,true],"sow-carousel-default":["https:\/\/imagazine.it\/wp-content\/uploads\/2026\/09\/alpini-villa-2026-02-272x182.jpg",272,182,true]},"rttpg_author":{"display_name":"Livio Nonis","author_link":"https:\/\/imagazine.it\/home_desk\/author\/nonis\/"},"rttpg_comment":0,"rttpg_category":"<a href=\"https:\/\/imagazine.it\/home_desk\/category\/attualita\/\" rel=\"category tag\">ATTUALIT\u00c0<\/a>","rttpg_excerpt":"Domenica 13 settembre la cerimonia per celebrare la fine dell'intervento voluto dal Gruppo Alpini","_links":{"self":[{"href":"https:\/\/imagazine.it\/home_desk\/wp-json\/wp\/v2\/posts\/76453","targetHints":{"allow":["GET"]}}],"collection":[{"href":"https:\/\/imagazine.it\/home_desk\/wp-json\/wp\/v2\/posts"}],"about":[{"href":"https:\/\/imagazine.it\/home_desk\/wp-json\/wp\/v2\/types\/post"}],"author":[{"embeddable":true,"href":"https:\/\/imagazine.it\/home_desk\/wp-json\/wp\/v2\/users\/22"}],"replies":[{"embeddable":true,"href":"https:\/\/imagazine.it\/home_desk\/wp-json\/wp\/v2\/comments?post=76453"}],"version-history":[{"count":2,"href":"https:\/\/imagazine.it\/home_desk\/wp-json\/wp\/v2\/posts\/76453\/revisions"}],"predecessor-version":[{"id":76456,"href":"https:\/\/imagazine.it\/home_desk\/wp-json\/wp\/v2\/posts\/76453\/revisions\/76456"}],"wp:featuredmedia":[{"embeddable":true,"href":"https:\/\/imagazine.it\/home_desk\/wp-json\/wp\/v2\/media\/76454"}],"wp:attachment":[{"href":"https:\/\/imagazine.it\/home_desk\/wp-json\/wp\/v2\/media?parent=76453"}],"wp:term":[{"taxonomy":"category","embeddable":true,"href":"https:\/\/imagazine.it\/home_desk\/wp-json\/wp\/v2\/categories?post=76453"},{"taxonomy":"post_tag","embeddable":true,"href":"https:\/\/imagazine.it\/home_desk\/wp-json\/wp\/v2\/tags?post=76453"}],"curies":[{"name":"wp","href":"https:\/\/api.w.org\/{rel}","templated":true}]}}