{"id":76426,"date":"2026-09-02T17:02:09","date_gmt":"2026-09-02T15:02:09","guid":{"rendered":"https:\/\/imagazine.it\/home_desk\/?p=76426"},"modified":"2026-09-02T17:02:09","modified_gmt":"2026-09-02T15:02:09","slug":"marina-monfalcone-nuova-stazione-di-rifornimento-nautico","status":"publish","type":"post","link":"https:\/\/imagazine.it\/home_desk\/marina-monfalcone-nuova-stazione-di-rifornimento-nautico\/","title":{"rendered":"Marina Monfalcone: nuova stazione di rifornimento nautico"},"content":{"rendered":"<h6>La nuova stazione di rifornimento nautico<\/h6>\n<p>&nbsp;<\/p>\n<p>MONFALCONE \u2013 <strong>Marina Monfalcone<\/strong> avr\u00e0 una <strong>stazione di rifornimento nautico<\/strong> entro la fine dell\u2019anno.<\/p>\n<p>\u201cGli investimenti procederanno in base al programma di sviluppo \u2013 spiega <strong>Hans-Peter Steinacher<\/strong>, amministratore delegato di Marina Monfalcone \u2013. Vogliamo realizzare una marina aperta, capace di unire nautica, sport e turismo e di offrire servizi utili anche al territorio. Una particolare attenzione sar\u00e0 dedicata alla sicurezza, attraverso sistemi di videosorveglianza e una collaborazione sempre pi\u00f9 stretta con il Comune\u201d.<br \/>\nLa nuova stazione di rifornimento, situata in prossimit\u00e0 del <strong>Canale del Brancolo<\/strong>, rappresenter\u00e0 un servizio nuovo e strategico per la nautica monfalconese.<\/p>\n<p>L\u2019impianto distribuir\u00e0 benzina e gasolio, rester\u00e0 <strong>aperto durante tutto l\u2019anno<\/strong>. La profondit\u00e0 media indicata dai tecnici \u00e8 di circa 3,80 metri, consentendo cos\u00ec l\u2019accesso anche a imbarcazioni di dimensioni rilevanti.<br \/>\nLa struttura \u00e8 ormai pronta per il completamento delle procedure necessarie all\u2019autorizzazione e alla messa in esercizio.<\/p>\n<p>Al suo interno saranno presenti anche <strong>servizi per la gestione dei reflui<\/strong> prodotti dalle imbarcazioni: le acque nere saranno convogliate nella rete fognaria, mentre le acque di sentina saranno raccolte in un apposito serbatoio e successivamente conferite, con cadenza periodica, agli impianti autorizzati.<\/p>\n<p>Prosegue parallelamente la <strong>riqualificazione dell\u2019Isola dei Bagni<\/strong>, che interessa un\u2019area di circa undici ettari, in parte appartenente alla societ\u00e0 Marina Monfalcone e in parte compresa nella concessione demaniale.<\/p>\n<p>Gli interventi prevedono la sistemazione dell\u2019area verde, la trasformazione dell\u2019ex parcheggio in uno spazio fruibile da tutti e la creazione di aree dedicate alle attivit\u00e0 sportive all\u2019aperto.<\/p>\n<p>\u00c8 stata recentemente completata la ristrutturazione della struttura ricettiva esistente, composta da otto camere, che ha mantenuto la medesima destinazione d\u2019uso.<\/p>\n<p>Il progetto comprende inoltre una nuova struttura ricettiva da 18 camere e la riqualificazione dei magazzini e degli spazi dell\u2019ex Pietas Julia. Gli interventi riguarderanno la ristrutturazione degli edifici esistenti, senza modificarne la destinazione d\u2019uso.<\/p>\n<p>Particolare attenzione sar\u00e0 dedicata alla realizzazione del <strong>percorso ciclopedonale<\/strong>. Il progetto sar\u00e0 depositato a breve: superato il ponte sul Brancolo, il percorso interesser\u00e0 via Bagni, si svilupper\u00e0 lungo il perimetro esterno di Marina Monfalcone e raggiunger\u00e0 l\u2019Isola dei Bagni, creando cos\u00ec un collegamento diretto.<\/p>\n<p>I servizi legati alla spiaggia sono stati completati, mentre la conclusione del complesso degli interventi programmati \u00e8 prevista entro la fine del 2028.<\/p>\n<p>Come illustrato dall\u2019architetto <strong>Federico Fabbro<\/strong>, la riqualificazione non riguarda soltanto gli edifici, ma anche il patrimonio ambientale dell\u2019isola. Sono state sostituite le alberature che presentavano condizioni di pericolo ed \u00e8 stata realizzata un\u2019area dedicata ai bambini.<\/p>\n<p>Comune e Marina stanno lavorando in modo coordinato anche per rafforzare la sicurezza dell\u2019area attraverso l\u2019integrazione dei sistemi pubblici e privati di videosorveglianza. Tra le ulteriori ipotesi allo studio rientrano la realizzazione di una barriera a protezione della spiaggia contro lo scirocco e le mareggiate e il possibile consolidamento del ponte sul Brancolo, per migliorarne la sicurezza e consentire una maggiore portata il transito dei mezzi pesanti.<\/p>\n<p>La fattibilit\u00e0 di questi interventi dovr\u00e0 essere approfondita sotto il profilo tecnico e amministrativo.<\/p>\n<p>Da segnalare che Monfalcone ospiter\u00e0, dal 1\u00b0 al 16 settembre 2028, il <strong>Campionato mondiale della classe Snipe<\/strong>. Secondo le stime l\u2019appuntamento dovrebbe richiamare circa 80 imbarcazioni e oltre 250 persone tra atleti, tecnici e accompagnatori, riportando in Italia la competizione mondiale dopo tredici anni.<\/p>\n","protected":false},"excerpt":{"rendered":"<p>Situata in prossimit\u00e0 del Canale del Brancolo sar\u00e0 operativa entro la fine dell&#8217;anno garantendo distribuzione quotidiana di benzina e gasolio <\/p>\n","protected":false},"author":28,"featured_media":76427,"comment_status":"closed","ping_status":"closed","sticky":false,"template":"","format":"image","meta":{"dwc-title":[""],"dwc-content":[""],"footnotes":""},"categories":[5,79],"tags":[1084,175,51,519],"class_list":["post-76426","post","type-post","status-publish","format-image","has-post-thumbnail","hentry","category-attualita","category-attualita-prima-pagina","tag-barche","tag-mare","tag-monfalcone","tag-nautica","post_format-post-format-image"],"rttpg_featured_image_url":{"full":["https:\/\/imagazine.it\/wp-content\/uploads\/2026\/09\/Marina-Monfalcone-1.jpeg",1366,1025,false],"landscape":["https:\/\/imagazine.it\/wp-content\/uploads\/2026\/09\/Marina-Monfalcone-1.jpeg",1366,1025,false],"portraits":["https:\/\/imagazine.it\/wp-content\/uploads\/2026\/09\/Marina-Monfalcone-1.jpeg",1366,1025,false],"thumbnail":["https:\/\/imagazine.it\/wp-content\/uploads\/2026\/09\/Marina-Monfalcone-1-150x150.jpeg",150,150,true],"medium":["https:\/\/imagazine.it\/wp-content\/uploads\/2026\/09\/Marina-Monfalcone-1-300x225.jpeg",300,225,true],"large":["https:\/\/imagazine.it\/wp-content\/uploads\/2026\/09\/Marina-Monfalcone-1-1024x768.jpeg",640,480,true],"thumblist":["https:\/\/imagazine.it\/wp-content\/uploads\/2026\/09\/Marina-Monfalcone-1-300x300.jpeg",300,300,true],"thumbrelated":["https:\/\/imagazine.it\/wp-content\/uploads\/2026\/09\/Marina-Monfalcone-1-500x500.jpeg",500,500,true],"meccarouselthumb":["https:\/\/imagazine.it\/wp-content\/uploads\/2026\/09\/Marina-Monfalcone-1-474x324.jpeg",474,324,true],"gridsquare":["https:\/\/imagazine.it\/wp-content\/uploads\/2026\/09\/Marina-Monfalcone-1-391x260.jpeg",391,260,true],"tileview":["https:\/\/imagazine.it\/wp-content\/uploads\/2026\/09\/Marina-Monfalcone-1-300x400.jpeg",300,400,true],"1536x1536":["https:\/\/imagazine.it\/wp-content\/uploads\/2026\/09\/Marina-Monfalcone-1.jpeg",1366,1025,false],"2048x2048":["https:\/\/imagazine.it\/wp-content\/uploads\/2026\/09\/Marina-Monfalcone-1.jpeg",1366,1025,false],"newsup-slider-full":["https:\/\/imagazine.it\/wp-content\/uploads\/2026\/09\/Marina-Monfalcone-1-1280x720.jpeg",1280,720,true],"newsup-featured":["https:\/\/imagazine.it\/wp-content\/uploads\/2026\/09\/Marina-Monfalcone-1-1024x768.jpeg",1024,768,true],"newsup-medium":["https:\/\/imagazine.it\/wp-content\/uploads\/2026\/09\/Marina-Monfalcone-1-720x380.jpeg",720,380,true],"tptn_thumbnail":["https:\/\/imagazine.it\/wp-content\/uploads\/2026\/09\/Marina-Monfalcone-1-250x210.jpeg",250,210,true],"sow-carousel-default":["https:\/\/imagazine.it\/wp-content\/uploads\/2026\/09\/Marina-Monfalcone-1-272x182.jpeg",272,182,true]},"rttpg_author":{"display_name":"redazione","author_link":"https:\/\/imagazine.it\/home_desk\/author\/redazione\/"},"rttpg_comment":0,"rttpg_category":"<a href=\"https:\/\/imagazine.it\/home_desk\/category\/attualita\/\" rel=\"category tag\">ATTUALIT\u00c0<\/a> <a href=\"https:\/\/imagazine.it\/home_desk\/category\/prima-pagina\/attualita-prima-pagina\/\" rel=\"category tag\">ATTUALIT\u00c0, PRIMA PAGINA<\/a>","rttpg_excerpt":"Situata in prossimit\u00e0 del Canale del Brancolo sar\u00e0 operativa entro la fine dell'anno garantendo distribuzione quotidiana di benzina e gasolio","_links":{"self":[{"href":"https:\/\/imagazine.it\/home_desk\/wp-json\/wp\/v2\/posts\/76426","targetHints":{"allow":["GET"]}}],"collection":[{"href":"https:\/\/imagazine.it\/home_desk\/wp-json\/wp\/v2\/posts"}],"about":[{"href":"https:\/\/imagazine.it\/home_desk\/wp-json\/wp\/v2\/types\/post"}],"author":[{"embeddable":true,"href":"https:\/\/imagazine.it\/home_desk\/wp-json\/wp\/v2\/users\/28"}],"replies":[{"embeddable":true,"href":"https:\/\/imagazine.it\/home_desk\/wp-json\/wp\/v2\/comments?post=76426"}],"version-history":[{"count":1,"href":"https:\/\/imagazine.it\/home_desk\/wp-json\/wp\/v2\/posts\/76426\/revisions"}],"predecessor-version":[{"id":76428,"href":"https:\/\/imagazine.it\/home_desk\/wp-json\/wp\/v2\/posts\/76426\/revisions\/76428"}],"wp:featuredmedia":[{"embeddable":true,"href":"https:\/\/imagazine.it\/home_desk\/wp-json\/wp\/v2\/media\/76427"}],"wp:attachment":[{"href":"https:\/\/imagazine.it\/home_desk\/wp-json\/wp\/v2\/media?parent=76426"}],"wp:term":[{"taxonomy":"category","embeddable":true,"href":"https:\/\/imagazine.it\/home_desk\/wp-json\/wp\/v2\/categories?post=76426"},{"taxonomy":"post_tag","embeddable":true,"href":"https:\/\/imagazine.it\/home_desk\/wp-json\/wp\/v2\/tags?post=76426"}],"curies":[{"name":"wp","href":"https:\/\/api.w.org\/{rel}","templated":true}]}}