{"id":76350,"date":"2026-08-31T12:10:55","date_gmt":"2026-08-31T10:10:55","guid":{"rendered":"https:\/\/imagazine.it\/home_desk\/?p=76350"},"modified":"2026-08-31T12:10:55","modified_gmt":"2026-08-31T10:10:55","slug":"grifone-africano-si-rifugia-a-cornino","status":"publish","type":"post","link":"https:\/\/imagazine.it\/home_desk\/grifone-africano-si-rifugia-a-cornino\/","title":{"rendered":"Grifone africano si rifugia a Cornino"},"content":{"rendered":"<h6>Il Grifone di Rueppell al centro con le ali aperte<\/h6>\n<p>&nbsp;<\/p>\n<p>FORGARIA NEL FRIULI\u00a0\u2013 <strong>Avvistamento eccezionale e di estrema rilevanza scientifica<\/strong>\u00a0nella Riserva naturale regionale del lago di Cornino, nel cui punto di alimentazione si \u00e8 posato <strong>il \u201cgrifone di Rueppell\u201d<\/strong>, un\u00a0<strong>raro grifone africano<\/strong>.<\/p>\n<p>L\u2019esemplare ha attirato l\u2019attenzione degli esperti del sito protetto, gestito dalla Coop Pavees, per le sue\u00a0<strong>dimensioni, un po\u2019 pi\u00f9 piccole<\/strong>\u00a0di quelle degli altri esemplari, per alcune\u00a0<strong>macchie bianche e strie sul piumaggio<\/strong>\u00a0e per l\u2019<strong>insolita colorazione\u00a0<\/strong>nelle parti inferiori delle ali.<\/p>\n<p>\u00abDopo ripetute osservazioni, analisi delle immagini raccolte con la webcam e confronti con altri esperti a livello internazionale \u00e8 stata confermata la straordinaria importanza dell\u2019evento: si tratta di un immaturo di grifone di Rueppell, \u201c<em>Gyps rueppellii<\/em>\u201d\u00bb, spiega il direttore scientifico della Riserva, <strong>Fulvio Genero<\/strong>, precisando che si tratta di un\u00a0<strong>avvoltoio presente nella fascia subsahariana, classificato in pericolo critico a causa del bracconaggio, dell\u2019avvelenamento e della perdita di habitat<\/strong>.<\/p>\n<p>Alcuni esemplari di grifone di Rueppell si uniscono a quelli europei che svernano in Africa e si spingono poi con loro fino in Europa, con maggior frequenza nella penisola iberica.<\/p>\n<p>In Italia gli avvistamenti della specie sono estremamente rari e accidentali: \u00abUn individuo era comparso in Sicilia nel 2019, unendosi ai grifoni dell\u2019isola. L\u2019osservazione in Friuli \u00e8 di grande importanza in quanto rappresenta\u00a0<strong>la seconda segnalazione italiana e una delle pi\u00f9 settentrionali in assoluto<\/strong>. L\u2019analisi delle riprese video effettuate ha consentito di certificare la presenza di questo grifone almeno dal mese di maggio 2026: ora vedremo per quanto rimarr\u00e0 nella colonia prima di riprendere i suoi lunghi spostamenti\u00bb, dichiara Genero.<\/p>\n<p>Nel frattempo la Riserva si appresta a celebrare il suo evento pi\u00f9 iconico e identitario, \u201c<strong><em>Vivi e liberi di volare<\/em><\/strong>\u201d, che si rinnover\u00e0 <strong>domenica 6 settembre<\/strong>.<\/p>\n<p>Il programma si aprir\u00e0 in mattinata, alle 10, con visite guidate gratuite al Centro visite e al lago; nel pomeriggio verr\u00e0 proposto il consueto programma scientifico, con la divulgazione delle ultime novit\u00e0 sullo stato delle colonie di grifoni che gravitano attorno al sito protetto, istituito 30 anni fa.<\/p>\n<p>\u00abNel tempo sono diventate sempre pi\u00f9 indipendenti, ampliando notevolmente gli spostamenti per la ricerca alimentare e assumendo una grande importanza dal punto di vista ecologico nell\u2019ecosistema alpino\u00bb, chiarisce il direttore Genero, precisando che la progressiva evoluzione \u00e8 stata agevolata \u00abdai notevoli movimenti sulle Alpi Orientali di avvoltoi di diversa origine e dall\u2019incremento del numero dei mammiferi carnivori, che accrescono la disponibilit\u00e0 di carcasse sul territorio\u00bb; un contributo importante \u00e8 inoltre arrivato dal mantenimento di varie forme di pastorizia tradizionale.<\/p>\n<p>\u00abTutti questi elementi hanno determinato un discreto andamento del numero di nascite, nonostante una riduzione dell\u2019apporto alimentare sul punto di alimentazione attivo nella Riserva di Cornino\u00bb.<\/p>\n<p>Fanno da contraltare fattori quali gli incendi e forme di disturbo localizzate, \u00abche hanno compromesso l\u2019involo dei giovani in alcune colonie\u00bb, documenta il direttore scientifico della Riserva, il quale domenica 6 settembre relazioner\u00e0 sull\u2019andamento della stagione riproduttiva 2025\/26, tracciando anche una panoramica sulla situazione negli altri Paesi.<\/p>\n<p>Tra le conferenze che verranno proposte al pubblico ce ne sar\u00e0 anche una dedicata agli altri animali \u2013 rispetto al grifone \u2013 che popolano la Riserva, il cui simbolo, il gufo reale, ricorda che l&#8217;obiettivo dell\u2019area protetta va oltre il grande avvoltoio ricomparso in Friuli grazie all\u2019attenta opera di reintroduzione avviata nei decenni scorsi a Cornino.<\/p>\n<p>L\u2019<em>habitat<\/em> della zona \u00e8 ideale per numerose specie animali e vegetali, rappresentando un ambiente unico, quasi mediterraneo in un contesto prealpino.<\/p>\n<p>Alle\u00a0<strong>ore 16<\/strong>, poi, il momento pi\u00f9 atteso ed emozionante:\u00a0<strong>saranno rimessi in libert\u00e0 3 giovani grifoni<\/strong>. \u00abFanno parte di un\u00a0<strong>gruppo che \u00e8 stato catturato nell\u2019ambito di indagini sanitarie<\/strong>\u00a0effettuate periodicamente in collaborazione con il dottor Stefano Pesaro, dell\u2019Universit\u00e0 di Udine, e con il Centro di Ricerca e Coordinamento per il Recupero della Fauna Selvatica, e vengono reinseriti in natura dopo un periodo di cure e controlli\u00bb, anticipa il presidente della Coop Pavees, <strong>Luca Sicuro<\/strong>.<\/p>\n<p>\u00abLa Riserva di Cornino si conferma realt\u00e0 dallo straordinario valore scientifico\u00bb, commenta il vicesindaco di Forgaria <strong>Luigino Ingrassi<\/strong>, auspicando che la giornata \u201cVivi e liberi di volare\u201d richiami come di consueto nel sito protetto un pubblico folto e vario.<\/p>\n","protected":false},"excerpt":{"rendered":"<p>Il raro esemplare a rischio estinzione si \u00e8 posato nei pressi del punto di alimentazione della Riserva regionale<\/p>\n","protected":false},"author":28,"featured_media":76352,"comment_status":"closed","ping_status":"closed","sticky":false,"template":"","format":"image","meta":{"dwc-title":[""],"dwc-content":[""],"footnotes":""},"categories":[5,79],"tags":[413,1679,1680,72],"class_list":["post-76350","post","type-post","status-publish","format-image","has-post-thumbnail","hentry","category-attualita","category-attualita-prima-pagina","tag-animali","tag-cornino","tag-forgaria","tag-natura","post_format-post-format-image"],"rttpg_featured_image_url":{"full":["https:\/\/imagazine.it\/wp-content\/uploads\/2026\/08\/grifone-di-Rueppell-al-centro-con-le-ali-aperte.jpg",800,489,false],"landscape":["https:\/\/imagazine.it\/wp-content\/uploads\/2026\/08\/grifone-di-Rueppell-al-centro-con-le-ali-aperte.jpg",800,489,false],"portraits":["https:\/\/imagazine.it\/wp-content\/uploads\/2026\/08\/grifone-di-Rueppell-al-centro-con-le-ali-aperte.jpg",800,489,false],"thumbnail":["https:\/\/imagazine.it\/wp-content\/uploads\/2026\/08\/grifone-di-Rueppell-al-centro-con-le-ali-aperte-150x150.jpg",150,150,true],"medium":["https:\/\/imagazine.it\/wp-content\/uploads\/2026\/08\/grifone-di-Rueppell-al-centro-con-le-ali-aperte-300x183.jpg",300,183,true],"large":["https:\/\/imagazine.it\/wp-content\/uploads\/2026\/08\/grifone-di-Rueppell-al-centro-con-le-ali-aperte.jpg",640,391,false],"thumblist":["https:\/\/imagazine.it\/wp-content\/uploads\/2026\/08\/grifone-di-Rueppell-al-centro-con-le-ali-aperte-300x300.jpg",300,300,true],"thumbrelated":["https:\/\/imagazine.it\/wp-content\/uploads\/2026\/08\/grifone-di-Rueppell-al-centro-con-le-ali-aperte-500x489.jpg",500,489,true],"meccarouselthumb":["https:\/\/imagazine.it\/wp-content\/uploads\/2026\/08\/grifone-di-Rueppell-al-centro-con-le-ali-aperte-474x324.jpg",474,324,true],"gridsquare":["https:\/\/imagazine.it\/wp-content\/uploads\/2026\/08\/grifone-di-Rueppell-al-centro-con-le-ali-aperte-391x260.jpg",391,260,true],"tileview":["https:\/\/imagazine.it\/wp-content\/uploads\/2026\/08\/grifone-di-Rueppell-al-centro-con-le-ali-aperte-300x400.jpg",300,400,true],"1536x1536":["https:\/\/imagazine.it\/wp-content\/uploads\/2026\/08\/grifone-di-Rueppell-al-centro-con-le-ali-aperte.jpg",800,489,false],"2048x2048":["https:\/\/imagazine.it\/wp-content\/uploads\/2026\/08\/grifone-di-Rueppell-al-centro-con-le-ali-aperte.jpg",800,489,false],"newsup-slider-full":["https:\/\/imagazine.it\/wp-content\/uploads\/2026\/08\/grifone-di-Rueppell-al-centro-con-le-ali-aperte.jpg",800,489,false],"newsup-featured":["https:\/\/imagazine.it\/wp-content\/uploads\/2026\/08\/grifone-di-Rueppell-al-centro-con-le-ali-aperte.jpg",800,489,false],"newsup-medium":["https:\/\/imagazine.it\/wp-content\/uploads\/2026\/08\/grifone-di-Rueppell-al-centro-con-le-ali-aperte-720x380.jpg",720,380,true],"tptn_thumbnail":["https:\/\/imagazine.it\/wp-content\/uploads\/2026\/08\/grifone-di-Rueppell-al-centro-con-le-ali-aperte-250x210.jpg",250,210,true],"sow-carousel-default":["https:\/\/imagazine.it\/wp-content\/uploads\/2026\/08\/grifone-di-Rueppell-al-centro-con-le-ali-aperte-272x182.jpg",272,182,true]},"rttpg_author":{"display_name":"redazione","author_link":"https:\/\/imagazine.it\/home_desk\/author\/redazione\/"},"rttpg_comment":0,"rttpg_category":"<a href=\"https:\/\/imagazine.it\/home_desk\/category\/attualita\/\" rel=\"category tag\">ATTUALIT\u00c0<\/a> <a href=\"https:\/\/imagazine.it\/home_desk\/category\/prima-pagina\/attualita-prima-pagina\/\" rel=\"category tag\">ATTUALIT\u00c0, PRIMA PAGINA<\/a>","rttpg_excerpt":"Il raro esemplare a rischio estinzione si \u00e8 posato nei pressi del punto di alimentazione della Riserva regionale","_links":{"self":[{"href":"https:\/\/imagazine.it\/home_desk\/wp-json\/wp\/v2\/posts\/76350","targetHints":{"allow":["GET"]}}],"collection":[{"href":"https:\/\/imagazine.it\/home_desk\/wp-json\/wp\/v2\/posts"}],"about":[{"href":"https:\/\/imagazine.it\/home_desk\/wp-json\/wp\/v2\/types\/post"}],"author":[{"embeddable":true,"href":"https:\/\/imagazine.it\/home_desk\/wp-json\/wp\/v2\/users\/28"}],"replies":[{"embeddable":true,"href":"https:\/\/imagazine.it\/home_desk\/wp-json\/wp\/v2\/comments?post=76350"}],"version-history":[{"count":2,"href":"https:\/\/imagazine.it\/home_desk\/wp-json\/wp\/v2\/posts\/76350\/revisions"}],"predecessor-version":[{"id":76354,"href":"https:\/\/imagazine.it\/home_desk\/wp-json\/wp\/v2\/posts\/76350\/revisions\/76354"}],"wp:featuredmedia":[{"embeddable":true,"href":"https:\/\/imagazine.it\/home_desk\/wp-json\/wp\/v2\/media\/76352"}],"wp:attachment":[{"href":"https:\/\/imagazine.it\/home_desk\/wp-json\/wp\/v2\/media?parent=76350"}],"wp:term":[{"taxonomy":"category","embeddable":true,"href":"https:\/\/imagazine.it\/home_desk\/wp-json\/wp\/v2\/categories?post=76350"},{"taxonomy":"post_tag","embeddable":true,"href":"https:\/\/imagazine.it\/home_desk\/wp-json\/wp\/v2\/tags?post=76350"}],"curies":[{"name":"wp","href":"https:\/\/api.w.org\/{rel}","templated":true}]}}