{"id":76343,"date":"2026-08-30T10:51:24","date_gmt":"2026-08-30T08:51:24","guid":{"rendered":"https:\/\/imagazine.it\/home_desk\/?p=76343"},"modified":"2026-08-31T11:07:04","modified_gmt":"2026-08-31T09:07:04","slug":"fiumicello-villa-vicentina-accoglie-la-peace-walk","status":"publish","type":"post","link":"https:\/\/imagazine.it\/home_desk\/fiumicello-villa-vicentina-accoglie-la-peace-walk\/","title":{"rendered":"Fiumicello Villa Vicentina accoglie la Peace Walk"},"content":{"rendered":"<h6>Foto di gruppo a San Lorenzo di Fiumicello<\/h6>\n<p>&nbsp;<\/p>\n<p>FIUMICELLO VILLA VICENTINA \u2013 La <strong>Peace Walk to Jerusalem<\/strong> \u2014 il cammino iniziato a Finisterre il 31 gennaio 2026 con arrivo previsto a Gerusalemme nel 2027 \u2014 ha fatto tappa a Fiumicello Villa Vicentina.<\/p>\n<p>Il ramo italiano, partito da Vicenza il 19 agosto 2026, \u00e8 giunto a San Lorenzo il 28 agosto dopo un percorso via mare da Lignano toccando Grado e Aquileia, unendo camminatori di tutto il mondo <strong>contro la guerra<\/strong>.<\/p>\n<p>A San Lorenzo, l&#8217;accoglienza dei cittadini e delle numerose associazioni locali (Acli, Auser, \u0391.\u039d.\u03a1.\u0399., Banda Tita Michelas, Camminata Metabolica, Circolo volontari FVV, Comitato per i gemellaggi, Gruppo animatore Unit\u00e0 Pastorale, Nordic Walking, Protezione Civile, Scout Agesci Fiumicello 1 e Voci di Donne) \u00e8 stata particolarmente calorosa e arricchita dalla frutta fresca donata con generosit\u00e0 dalle aziende agricole Pascolat e Feresin.<\/p>\n<p>\u200bI marciatori hanno poi ripreso il cammino fino a Villa Vicentina.<\/p>\n<p>Al loro arrivo nell&#8217;area festeggiamenti della Pro Loco, si sono lasciati andare a un improvvisato ballo collettivo sulle note di\u00a0<em>Live is Life<\/em>.<\/p>\n<p>\u00c8 seguito il benvenuto ufficiale del sindaco <strong>Alessandro Dijust<\/strong>, del rettore del Collegio del Mondo Unito di Duino <strong>Marco Gemelli<\/strong> e del Comitato promotore della Marcia Mondiale per la Pace e la NonViolenza 2026.<\/p>\n<p>\u200bLa serata \u00e8 proseguita con la presentazione del libro, <em>Solo i pesci hanno un nome. Lampedusa: vite in sospeso<\/em> di Enzo Raffaele, arricchita da un video della protagonista, la psichiatra Enza Malatino.<\/p>\n<p>Il volume supera la cronaca mediatica per esplorare l&#8217;impatto umano delle migrazioni, dando voce sia a chi arriva sia a chi accoglie. L&#8217;opera nasce dall&#8217;esperienza ventennale della dottoressa Malatino, che sull&#8217;isola ha curato i traumi dei migranti con la creazione dei primi gruppi di ascolto restituendo loro dignit\u00e0 e identit\u00e0. Il titolo denuncia come nel Mediterraneo gli esseri umani rischino di diventare semplici statistiche. Attraverso l&#8217;ascolto, il libro trasforma il dolore in connessione umana e solidariet\u00e0, mostrando come l&#8217;incontro reciproco possa ridare un volto a chi soffre e a chi aiuta.<\/p>\n<p>\u200bA seguire, il coro &#8220;Donna canta DONNA&#8221; dell&#8217;associazione\u00a0<em>Donna a Donna ODV<\/em>\u00a0di Monfalcone ha coinvolto il pubblico con l&#8217;esecuzione di brani intensi (<em>Pane e ciliegie<\/em>,\u00a0<em>Preghiera delle madri<\/em>,\u00a0<em>Be my voice<\/em>,\u00a0<em>Girotondo intorno al mondo<\/em>,\u00a0<em>People Have the Power<\/em>\u00a0e il bis\u00a0<em>Cambia todo cambia<\/em>).<\/p>\n<p>I presenti hanno accompagnato i canti con il battito delle mani e con la voce, prima di concludere la giornata con la cena offerta dalla Pro Loco.<\/p>\n<p><strong>Un passaggio di testimone speciale <\/strong><\/p>\n<p>Durante la sosta, il Comitato Promotore della Marcia Mondiale ha consegnato alla PeaceWalk la bandiera della Quarta Marcia Mondiale per la Pace e la NonViolenza della mia Citt\u00e0 2026.<\/p>\n<p>Questo simbolo accompagner\u00e0 i camminanti fino a Gerusalemme come un vero testimone, segno d\u2019incoraggiamento, di condivisione degli obiettivi comuni per la Pace e la NonViolenza e di comunione con tutte le persone del pianeta che lavorano per promuovere la Pace.<\/p>\n<figure id=\"attachment_76344\" aria-describedby=\"caption-attachment-76344\" style=\"width: 800px\" class=\"wp-caption aligncenter\"><img loading=\"lazy\" decoding=\"async\" class=\"size-full wp-image-76344\" src=\"https:\/\/imagazine.it\/wp-content\/uploads\/2026\/08\/PeaceWalk-Panchine-gialle-29.08.jpeg\" alt=\"\" width=\"800\" height=\"533\" title=\"\" srcset=\"https:\/\/imagazine.it\/wp-content\/uploads\/2026\/08\/PeaceWalk-Panchine-gialle-29.08.jpeg 800w, https:\/\/imagazine.it\/wp-content\/uploads\/2026\/08\/PeaceWalk-Panchine-gialle-29.08-300x200.jpeg 300w, https:\/\/imagazine.it\/wp-content\/uploads\/2026\/08\/PeaceWalk-Panchine-gialle-29.08-768x512.jpeg 768w, https:\/\/imagazine.it\/wp-content\/uploads\/2026\/08\/PeaceWalk-Panchine-gialle-29.08-391x260.jpeg 391w, https:\/\/imagazine.it\/wp-content\/uploads\/2026\/08\/PeaceWalk-Panchine-gialle-29.08-272x182.jpeg 272w\" sizes=\"auto, (max-width: 800px) 100vw, 800px\" \/><figcaption id=\"caption-attachment-76344\" class=\"wp-caption-text\">La sosta presso le panchine gialle<\/figcaption><\/figure>\n<p>Il giorno seguenti la marcia \u00e8 ripartita dalla palestra di Villa Vicentina in direzione Aurisina.<\/p>\n<p>Lungo le strade cittadine sono state effettuate due soste simboliche: la prima presso il Ginkgo Biloba \u2014 nato da un seme prelevato da un albero sopravvissuto al bombardamento di Hiroshima \u2014 per appendere nastri con messaggi di pace; la seconda presso le &#8220;panchine gialle&#8221; dedicate a Giulio Regeni, per rinnovare la richiesta di verit\u00e0 e giustizia.<\/p>\n<p>\u200bPer ragioni di tempo, il percorso si \u00e8 concluso in via Brancolo senza raggiungere il Parco dell&#8217;Isonzo. I camminatori sono stati salutati presso la chiesa di San Canzian d&#8217;Isonzo con l&#8217;augurio di un buon viaggio verso oriente, pronti ad affrontare le successive tappe di Monfalcone, Sistiana e Duino-Aurisina.<\/p>\n","protected":false},"excerpt":{"rendered":"<p>Partita da Finisterre e diretta a Gerusalemme unisce camminatori di tutto il mondo contro la guerra<\/p>\n","protected":false},"author":12,"featured_media":76349,"comment_status":"closed","ping_status":"closed","sticky":false,"template":"","format":"image","meta":{"dwc-title":[""],"dwc-content":[""],"footnotes":""},"categories":[5],"tags":[393,333],"class_list":["post-76343","post","type-post","status-publish","format-image","has-post-thumbnail","hentry","category-attualita","tag-fiumicello","tag-villa-vicentina","post_format-post-format-image"],"rttpg_featured_image_url":{"full":["https:\/\/imagazine.it\/wp-content\/uploads\/2026\/08\/PeaceWalk-il-cerchio-prima-la-partenza-29.08.jpeg",1366,701,false],"landscape":["https:\/\/imagazine.it\/wp-content\/uploads\/2026\/08\/PeaceWalk-il-cerchio-prima-la-partenza-29.08.jpeg",1366,701,false],"portraits":["https:\/\/imagazine.it\/wp-content\/uploads\/2026\/08\/PeaceWalk-il-cerchio-prima-la-partenza-29.08.jpeg",1366,701,false],"thumbnail":["https:\/\/imagazine.it\/wp-content\/uploads\/2026\/08\/PeaceWalk-il-cerchio-prima-la-partenza-29.08-150x150.jpeg",150,150,true],"medium":["https:\/\/imagazine.it\/wp-content\/uploads\/2026\/08\/PeaceWalk-il-cerchio-prima-la-partenza-29.08-300x154.jpeg",300,154,true],"large":["https:\/\/imagazine.it\/wp-content\/uploads\/2026\/08\/PeaceWalk-il-cerchio-prima-la-partenza-29.08-1024x525.jpeg",640,328,true],"thumblist":["https:\/\/imagazine.it\/wp-content\/uploads\/2026\/08\/PeaceWalk-il-cerchio-prima-la-partenza-29.08-300x300.jpeg",300,300,true],"thumbrelated":["https:\/\/imagazine.it\/wp-content\/uploads\/2026\/08\/PeaceWalk-il-cerchio-prima-la-partenza-29.08-500x500.jpeg",500,500,true],"meccarouselthumb":["https:\/\/imagazine.it\/wp-content\/uploads\/2026\/08\/PeaceWalk-il-cerchio-prima-la-partenza-29.08-474x324.jpeg",474,324,true],"gridsquare":["https:\/\/imagazine.it\/wp-content\/uploads\/2026\/08\/PeaceWalk-il-cerchio-prima-la-partenza-29.08-391x260.jpeg",391,260,true],"tileview":["https:\/\/imagazine.it\/wp-content\/uploads\/2026\/08\/PeaceWalk-il-cerchio-prima-la-partenza-29.08-300x400.jpeg",300,400,true],"1536x1536":["https:\/\/imagazine.it\/wp-content\/uploads\/2026\/08\/PeaceWalk-il-cerchio-prima-la-partenza-29.08.jpeg",1366,701,false],"2048x2048":["https:\/\/imagazine.it\/wp-content\/uploads\/2026\/08\/PeaceWalk-il-cerchio-prima-la-partenza-29.08.jpeg",1366,701,false],"newsup-slider-full":["https:\/\/imagazine.it\/wp-content\/uploads\/2026\/08\/PeaceWalk-il-cerchio-prima-la-partenza-29.08-1280x701.jpeg",1280,701,true],"newsup-featured":["https:\/\/imagazine.it\/wp-content\/uploads\/2026\/08\/PeaceWalk-il-cerchio-prima-la-partenza-29.08-1024x525.jpeg",1024,525,true],"newsup-medium":["https:\/\/imagazine.it\/wp-content\/uploads\/2026\/08\/PeaceWalk-il-cerchio-prima-la-partenza-29.08-720x380.jpeg",720,380,true],"tptn_thumbnail":["https:\/\/imagazine.it\/wp-content\/uploads\/2026\/08\/PeaceWalk-il-cerchio-prima-la-partenza-29.08-250x210.jpeg",250,210,true],"sow-carousel-default":["https:\/\/imagazine.it\/wp-content\/uploads\/2026\/08\/PeaceWalk-il-cerchio-prima-la-partenza-29.08-272x182.jpeg",272,182,true]},"rttpg_author":{"display_name":"Claudio Pizzin","author_link":"https:\/\/imagazine.it\/home_desk\/author\/pizzin\/"},"rttpg_comment":0,"rttpg_category":"<a href=\"https:\/\/imagazine.it\/home_desk\/category\/attualita\/\" rel=\"category tag\">ATTUALIT\u00c0<\/a>","rttpg_excerpt":"Partita da Finisterre e diretta a Gerusalemme unisce camminatori di tutto il mondo contro la guerra","_links":{"self":[{"href":"https:\/\/imagazine.it\/home_desk\/wp-json\/wp\/v2\/posts\/76343","targetHints":{"allow":["GET"]}}],"collection":[{"href":"https:\/\/imagazine.it\/home_desk\/wp-json\/wp\/v2\/posts"}],"about":[{"href":"https:\/\/imagazine.it\/home_desk\/wp-json\/wp\/v2\/types\/post"}],"author":[{"embeddable":true,"href":"https:\/\/imagazine.it\/home_desk\/wp-json\/wp\/v2\/users\/12"}],"replies":[{"embeddable":true,"href":"https:\/\/imagazine.it\/home_desk\/wp-json\/wp\/v2\/comments?post=76343"}],"version-history":[{"count":1,"href":"https:\/\/imagazine.it\/home_desk\/wp-json\/wp\/v2\/posts\/76343\/revisions"}],"predecessor-version":[{"id":76348,"href":"https:\/\/imagazine.it\/home_desk\/wp-json\/wp\/v2\/posts\/76343\/revisions\/76348"}],"wp:featuredmedia":[{"embeddable":true,"href":"https:\/\/imagazine.it\/home_desk\/wp-json\/wp\/v2\/media\/76349"}],"wp:attachment":[{"href":"https:\/\/imagazine.it\/home_desk\/wp-json\/wp\/v2\/media?parent=76343"}],"wp:term":[{"taxonomy":"category","embeddable":true,"href":"https:\/\/imagazine.it\/home_desk\/wp-json\/wp\/v2\/categories?post=76343"},{"taxonomy":"post_tag","embeddable":true,"href":"https:\/\/imagazine.it\/home_desk\/wp-json\/wp\/v2\/tags?post=76343"}],"curies":[{"name":"wp","href":"https:\/\/api.w.org\/{rel}","templated":true}]}}