{"id":73675,"date":"2026-04-30T17:40:02","date_gmt":"2026-04-30T15:40:02","guid":{"rendered":"https:\/\/imagazine.it\/home_desk\/?p=73675"},"modified":"2026-04-30T17:40:02","modified_gmt":"2026-04-30T15:40:02","slug":"fondazione-italiana-fegato-tiribelli-presidente","status":"publish","type":"post","link":"https:\/\/imagazine.it\/home_desk\/fondazione-italiana-fegato-tiribelli-presidente\/","title":{"rendered":"Fondazione Italiana Fegato: Tiribelli presidente"},"content":{"rendered":"<h6>Claudio Tiribelli<\/h6>\n<p>&nbsp;<\/p>\n<p>TRIESTE \u2013 La Fondazione Italiana Fegato \u2013 E.T.S. annuncia la propria iscrizione al (RUNTS), nella sezione \u201cAltri Enti del Terzo Settore\u201d, formalizzata con decreto della Regione Friuli Venezia Giulia n. 19536\/GRFVG del 14 aprile 2026.<\/p>\n<p>Il passaggio da ONLUS a Ente del Terzo Settore rappresenta un\u2019evoluzione naturale nel quadro della riforma del Terzo Settore e consente alla Fondazione di proseguire con continuit\u00e0 e rinnovata efficacia la propria missione: promuovere la ricerca scientifica, la prevenzione, la diagnosi e la cura delle malattie del fegato e delle vie biliari, insieme ad attivit\u00e0 di formazione, divulgazione e assistenza.<\/p>\n<p>A completamento di questo percorso, l\u2019assemblea plenaria, riunitasi oggi, ha rinnovato gli organi per il prossimo triennio, in conformit\u00e0 allo Statuto.<\/p>\n<p>Sono stati nominati: presidente <strong>Claudio Tiribelli<\/strong>, su designazione della Regione Friuli Venezia Giulia; vicepresidente <strong>Giorgio Soardo<\/strong>; componenti del Consiglio di Gestione <strong>Diego Antonini<\/strong>, <strong>Rino Dario<\/strong> e <strong>Silvia Russo<\/strong>.<\/p>\n<p>L\u2019assemblea ha inoltre designato il Controllore Unico, <strong>Roberta Boscarol<\/strong>, e il Comitato Scientifico, presieduto da <strong>Stefano Bellentani<\/strong>.<\/p>\n<p>\u201cL\u2019iscrizione al RUNTS \u2013 ha dichiarato il presidente Tiribelli \u2013 segna un passaggio strategico per la Fondazione, che rafforza il nostro impegno in termini di trasparenza, responsabilit\u00e0 e impatto sociale. Proseguiamo con determinazione nel nostro lavoro a supporto dei pazienti e della comunit\u00e0 scientifica, volto a garantire continuit\u00e0, competenza e piena operativit\u00e0 nella nuova fase della Fondazione\u201d.<\/p>\n","protected":false},"excerpt":{"rendered":"<p>Annunciata l\u2019iscrizione dell\u2019ente al Registro Unico Nazionale del Terzo Settore: una nuova fase tra continuit\u00e0 scientifica e rafforzamento del ruolo sociale<\/p>\n","protected":false},"author":28,"featured_media":73676,"comment_status":"closed","ping_status":"closed","sticky":false,"template":"","format":"image","meta":{"dwc-title":[""],"dwc-content":[""],"footnotes":""},"categories":[6,183],"tags":[2220,97,65],"class_list":["post-73675","post","type-post","status-publish","format-image","has-post-thumbnail","hentry","category-societa","category-societa-prima-pagina","tag-fif","tag-salute","tag-trieste","post_format-post-format-image"],"rttpg_featured_image_url":{"full":["https:\/\/imagazine.it\/wp-content\/uploads\/2026\/04\/Claudio-Tiribelli.jpg",1364,830,false],"landscape":["https:\/\/imagazine.it\/wp-content\/uploads\/2026\/04\/Claudio-Tiribelli.jpg",1364,830,false],"portraits":["https:\/\/imagazine.it\/wp-content\/uploads\/2026\/04\/Claudio-Tiribelli.jpg",1364,830,false],"thumbnail":["https:\/\/imagazine.it\/wp-content\/uploads\/2026\/04\/Claudio-Tiribelli-150x150.jpg",150,150,true],"medium":["https:\/\/imagazine.it\/wp-content\/uploads\/2026\/04\/Claudio-Tiribelli-300x183.jpg",300,183,true],"large":["https:\/\/imagazine.it\/wp-content\/uploads\/2026\/04\/Claudio-Tiribelli-1024x623.jpg",640,389,true],"thumblist":["https:\/\/imagazine.it\/wp-content\/uploads\/2026\/04\/Claudio-Tiribelli-300x300.jpg",300,300,true],"thumbrelated":["https:\/\/imagazine.it\/wp-content\/uploads\/2026\/04\/Claudio-Tiribelli-500x500.jpg",500,500,true],"meccarouselthumb":["https:\/\/imagazine.it\/wp-content\/uploads\/2026\/04\/Claudio-Tiribelli-474x324.jpg",474,324,true],"gridsquare":["https:\/\/imagazine.it\/wp-content\/uploads\/2026\/04\/Claudio-Tiribelli-391x260.jpg",391,260,true],"tileview":["https:\/\/imagazine.it\/wp-content\/uploads\/2026\/04\/Claudio-Tiribelli-300x400.jpg",300,400,true],"1536x1536":["https:\/\/imagazine.it\/wp-content\/uploads\/2026\/04\/Claudio-Tiribelli.jpg",1364,830,false],"2048x2048":["https:\/\/imagazine.it\/wp-content\/uploads\/2026\/04\/Claudio-Tiribelli.jpg",1364,830,false],"newsup-slider-full":["https:\/\/imagazine.it\/wp-content\/uploads\/2026\/04\/Claudio-Tiribelli-1280x720.jpg",1280,720,true],"newsup-featured":["https:\/\/imagazine.it\/wp-content\/uploads\/2026\/04\/Claudio-Tiribelli-1024x623.jpg",1024,623,true],"newsup-medium":["https:\/\/imagazine.it\/wp-content\/uploads\/2026\/04\/Claudio-Tiribelli-720x380.jpg",720,380,true],"tptn_thumbnail":["https:\/\/imagazine.it\/wp-content\/uploads\/2026\/04\/Claudio-Tiribelli-250x210.jpg",250,210,true],"sow-carousel-default":["https:\/\/imagazine.it\/wp-content\/uploads\/2026\/04\/Claudio-Tiribelli-272x182.jpg",272,182,true]},"rttpg_author":{"display_name":"redazione","author_link":"https:\/\/imagazine.it\/home_desk\/author\/redazione\/"},"rttpg_comment":0,"rttpg_category":"<a href=\"https:\/\/imagazine.it\/home_desk\/category\/societa\/\" rel=\"category tag\">SOCIET\u00c0<\/a> <a href=\"https:\/\/imagazine.it\/home_desk\/category\/prima-pagina\/societa-prima-pagina\/\" rel=\"category tag\">SOCIET\u00c0, PRIMA PAGINA<\/a>","rttpg_excerpt":"Annunciata l\u2019iscrizione dell\u2019ente al Registro Unico Nazionale del Terzo Settore: una nuova fase tra continuit\u00e0 scientifica e rafforzamento del ruolo sociale","_links":{"self":[{"href":"https:\/\/imagazine.it\/home_desk\/wp-json\/wp\/v2\/posts\/73675","targetHints":{"allow":["GET"]}}],"collection":[{"href":"https:\/\/imagazine.it\/home_desk\/wp-json\/wp\/v2\/posts"}],"about":[{"href":"https:\/\/imagazine.it\/home_desk\/wp-json\/wp\/v2\/types\/post"}],"author":[{"embeddable":true,"href":"https:\/\/imagazine.it\/home_desk\/wp-json\/wp\/v2\/users\/28"}],"replies":[{"embeddable":true,"href":"https:\/\/imagazine.it\/home_desk\/wp-json\/wp\/v2\/comments?post=73675"}],"version-history":[{"count":1,"href":"https:\/\/imagazine.it\/home_desk\/wp-json\/wp\/v2\/posts\/73675\/revisions"}],"predecessor-version":[{"id":73677,"href":"https:\/\/imagazine.it\/home_desk\/wp-json\/wp\/v2\/posts\/73675\/revisions\/73677"}],"wp:featuredmedia":[{"embeddable":true,"href":"https:\/\/imagazine.it\/home_desk\/wp-json\/wp\/v2\/media\/73676"}],"wp:attachment":[{"href":"https:\/\/imagazine.it\/home_desk\/wp-json\/wp\/v2\/media?parent=73675"}],"wp:term":[{"taxonomy":"category","embeddable":true,"href":"https:\/\/imagazine.it\/home_desk\/wp-json\/wp\/v2\/categories?post=73675"},{"taxonomy":"post_tag","embeddable":true,"href":"https:\/\/imagazine.it\/home_desk\/wp-json\/wp\/v2\/tags?post=73675"}],"curies":[{"name":"wp","href":"https:\/\/api.w.org\/{rel}","templated":true}]}}