{"id":73635,"date":"2026-04-30T10:38:40","date_gmt":"2026-04-30T08:38:40","guid":{"rendered":"https:\/\/imagazine.it\/home_desk\/?p=73635"},"modified":"2026-04-30T10:39:41","modified_gmt":"2026-04-30T08:39:41","slug":"udinese-maglie-in-pietra-in-memoria-del-terremoto","status":"publish","type":"post","link":"https:\/\/imagazine.it\/home_desk\/udinese-maglie-in-pietra-in-memoria-del-terremoto\/","title":{"rendered":"Udinese: maglie &#8220;in pietra&#8221; in memoria del terremoto"},"content":{"rendered":"<h6>La presentazione della maglia in memoria del terremoto<\/h6>\n<p>&nbsp;<\/p>\n<p>VENZONE \u2013 Non \u00e8 solo una divisa da gioco, ma un manifesto di pietra e dignit\u00e0.<\/p>\n<p>In occasione del 50\u00b0 anniversario del terremoto che nel 1976 scosse le fondamenta del Friuli, l\u2019<strong>Udinese<\/strong> <strong>Calcio<\/strong> e <strong>Macron<\/strong> hanno presentato un kit speciale che va oltre l&#8217;aspetto sportivo, trasformandosi in un tributo collettivo a un popolo che ha saputo ricostruirsi senza mai abbassare la testa.<\/p>\n<p>Il design della maglia \u00e8 un richiamo tattile alla terra friulana: il colore scelto \u00e8 il pietra, arricchito da una grafica che riproduce fedelmente la facciata del Duomo di Venzone.<\/p>\n<p>Quel duomo, ridotto in macerie dall&#8217;Orcolat e rimesso in piedi pezzo dopo pezzo, \u00e8 oggi il simbolo mondiale della resilienza.<\/p>\n<p>Indossare questa maglia significa, metaforicamente, vestire le mura di quella ricostruzione.<\/p>\n<p>Ogni elemento del kit narra un frammento di quella tragedia e della successiva rinascita: al centro del petto, dove solitamente dominano gli sponsor, campeggia la scritta \u201c<em>Il Friuli ringrazia e non dimentica<\/em>\u201d.<\/p>\n<p>\u00c8 la stessa frase che apparve sui muri diroccati di Gemona, un messaggio di gratitudine verso chi port\u00f2 aiuto e un giuramento di memoria per chi non c&#8217;\u00e8 pi\u00f9.<\/p>\n<p>In un tocco di elegante solennit\u00e0, la manica destra \u00e8 bordata interamente di nero, a richiamare la fascia di lutto in memoria delle vittime. All&#8217;interno del collo, un&#8217;etichetta rossa ospita l\u2019aquila araldica d\u2019oro e la scritta \u201c<em>L\u2019Orcolat<\/em>\u201d, il mostro delle montagne che nel folklore locale incarna la forza distruttrice della terra.<\/p>\n<p>Da segnalare il passo indietro fatto dai partner commerciali. Io Sono Friuli Venezia Giulia, Banca 360 FVG, Bluenergy e bet365 Scores hanno scelto di rinunciare alla loro visibilit\u00e0, lasciando la maglia &#8220;pulita&#8221;. Un gesto di rispetto che permette al messaggio etico e storico di risuonare con una forza senza precedenti.<\/p>\n<p>Con questo kit, l&#8217;Udinese non celebra solo una data sul calendario, ma l&#8217;anima di una regione che, cinquant&#8217;anni dopo, continua a dimostrare che dalle pietre cadute pu\u00f2 nascere una bellezza ancora pi\u00f9 solida.<\/p>\n","protected":false},"excerpt":{"rendered":"<p>In occasione della gara di campionato con il Torino la squadra friulana indosser\u00e0 una divisa speciale per i 50 anni dal sisma del 1976<\/p>\n","protected":false},"author":22,"featured_media":73636,"comment_status":"closed","ping_status":"closed","sticky":false,"template":"","format":"image","meta":{"dwc-title":[""],"dwc-content":[""],"footnotes":""},"categories":[38,157],"tags":[947,2186,1842,949],"class_list":["post-73635","post","type-post","status-publish","format-image","has-post-thumbnail","hentry","category-sport","category-sport-prima-pagina","tag-calcio","tag-memoria","tag-terremoto","tag-udinese","post_format-post-format-image"],"rttpg_featured_image_url":{"full":["https:\/\/imagazine.it\/wp-content\/uploads\/2026\/04\/orcolat-03.jpg",1366,815,false],"landscape":["https:\/\/imagazine.it\/wp-content\/uploads\/2026\/04\/orcolat-03.jpg",1366,815,false],"portraits":["https:\/\/imagazine.it\/wp-content\/uploads\/2026\/04\/orcolat-03.jpg",1366,815,false],"thumbnail":["https:\/\/imagazine.it\/wp-content\/uploads\/2026\/04\/orcolat-03-150x150.jpg",150,150,true],"medium":["https:\/\/imagazine.it\/wp-content\/uploads\/2026\/04\/orcolat-03-300x179.jpg",300,179,true],"large":["https:\/\/imagazine.it\/wp-content\/uploads\/2026\/04\/orcolat-03-1024x611.jpg",640,382,true],"thumblist":["https:\/\/imagazine.it\/wp-content\/uploads\/2026\/04\/orcolat-03-300x300.jpg",300,300,true],"thumbrelated":["https:\/\/imagazine.it\/wp-content\/uploads\/2026\/04\/orcolat-03-500x500.jpg",500,500,true],"meccarouselthumb":["https:\/\/imagazine.it\/wp-content\/uploads\/2026\/04\/orcolat-03-474x324.jpg",474,324,true],"gridsquare":["https:\/\/imagazine.it\/wp-content\/uploads\/2026\/04\/orcolat-03-391x260.jpg",391,260,true],"tileview":["https:\/\/imagazine.it\/wp-content\/uploads\/2026\/04\/orcolat-03-300x400.jpg",300,400,true],"1536x1536":["https:\/\/imagazine.it\/wp-content\/uploads\/2026\/04\/orcolat-03.jpg",1366,815,false],"2048x2048":["https:\/\/imagazine.it\/wp-content\/uploads\/2026\/04\/orcolat-03.jpg",1366,815,false],"newsup-slider-full":["https:\/\/imagazine.it\/wp-content\/uploads\/2026\/04\/orcolat-03-1280x720.jpg",1280,720,true],"newsup-featured":["https:\/\/imagazine.it\/wp-content\/uploads\/2026\/04\/orcolat-03-1024x611.jpg",1024,611,true],"newsup-medium":["https:\/\/imagazine.it\/wp-content\/uploads\/2026\/04\/orcolat-03-720x380.jpg",720,380,true],"tptn_thumbnail":["https:\/\/imagazine.it\/wp-content\/uploads\/2026\/04\/orcolat-03-250x210.jpg",250,210,true],"sow-carousel-default":["https:\/\/imagazine.it\/wp-content\/uploads\/2026\/04\/orcolat-03-272x182.jpg",272,182,true]},"rttpg_author":{"display_name":"Livio Nonis","author_link":"https:\/\/imagazine.it\/home_desk\/author\/nonis\/"},"rttpg_comment":0,"rttpg_category":"<a href=\"https:\/\/imagazine.it\/home_desk\/category\/sport\/\" rel=\"category tag\">SPORT<\/a> <a href=\"https:\/\/imagazine.it\/home_desk\/category\/prima-pagina\/sport-prima-pagina\/\" rel=\"category tag\">SPORT, PRIMA PAGINA<\/a>","rttpg_excerpt":"In occasione della gara di campionato con il Torino la squadra friulana indosser\u00e0 una divisa speciale per i 50 anni dal sisma del 1976","_links":{"self":[{"href":"https:\/\/imagazine.it\/home_desk\/wp-json\/wp\/v2\/posts\/73635","targetHints":{"allow":["GET"]}}],"collection":[{"href":"https:\/\/imagazine.it\/home_desk\/wp-json\/wp\/v2\/posts"}],"about":[{"href":"https:\/\/imagazine.it\/home_desk\/wp-json\/wp\/v2\/types\/post"}],"author":[{"embeddable":true,"href":"https:\/\/imagazine.it\/home_desk\/wp-json\/wp\/v2\/users\/22"}],"replies":[{"embeddable":true,"href":"https:\/\/imagazine.it\/home_desk\/wp-json\/wp\/v2\/comments?post=73635"}],"version-history":[{"count":3,"href":"https:\/\/imagazine.it\/home_desk\/wp-json\/wp\/v2\/posts\/73635\/revisions"}],"predecessor-version":[{"id":73639,"href":"https:\/\/imagazine.it\/home_desk\/wp-json\/wp\/v2\/posts\/73635\/revisions\/73639"}],"wp:featuredmedia":[{"embeddable":true,"href":"https:\/\/imagazine.it\/home_desk\/wp-json\/wp\/v2\/media\/73636"}],"wp:attachment":[{"href":"https:\/\/imagazine.it\/home_desk\/wp-json\/wp\/v2\/media?parent=73635"}],"wp:term":[{"taxonomy":"category","embeddable":true,"href":"https:\/\/imagazine.it\/home_desk\/wp-json\/wp\/v2\/categories?post=73635"},{"taxonomy":"post_tag","embeddable":true,"href":"https:\/\/imagazine.it\/home_desk\/wp-json\/wp\/v2\/tags?post=73635"}],"curies":[{"name":"wp","href":"https:\/\/api.w.org\/{rel}","templated":true}]}}