{"id":73624,"date":"2026-04-29T18:18:56","date_gmt":"2026-04-29T16:18:56","guid":{"rendered":"https:\/\/imagazine.it\/home_desk\/?p=73624"},"modified":"2026-04-29T18:18:56","modified_gmt":"2026-04-29T16:18:56","slug":"melodie-dimpresa-a-gorizia","status":"publish","type":"post","link":"https:\/\/imagazine.it\/home_desk\/melodie-dimpresa-a-gorizia\/","title":{"rendered":"Melodie d\u2019impresa a Gorizia"},"content":{"rendered":"<h6>Gruppo di allievi e allieve GO! BORDERLESS OPERA LAB (ph. Cristina Modonutti)<\/h6>\n<p>GORIZIA \u2013 Quando l\u2019emozione della musica incontra la creativit\u00e0 dell\u2019artigianato, \u00e8 tempo di<strong> \u201c<em>Melodie d\u2019impresa<\/em>\u201d<\/strong>: \u00e8 questo lo spirito del\u00a0<strong>progetto realizzato dall\u2019Accademia Go! Borderless Opera Lab di Gorizia\u00a0<\/strong>che, grazie ai finanziamenti del\u00a0<strong>bando \u201cCreativit\u00e0\u201d della Regione Friuli Venezia Giulia\u00a0<\/strong>e in collaborazione con ASUGI e La Casa delle Arti Gorizia, nel mese di maggio trover\u00e0 compimento con gli\u00a0<strong>eventi finali di restituzione<\/strong>\u00a0di un percorso formativo e artistico che vuole far incontrare il mondo della cultura con l\u2019ambito dell\u2019imprenditorialit\u00e0.<\/p>\n<p><strong>L\u2019Accademia internazionale di perfezionamento in canto lirico e mestieri della scena <\/strong>promossa dal<strong> Piccolo Opera Festival<\/strong>\u00a0ha portato infatti il gruppo di allievi e allieve under 35 provenienti da tutto il mondo, che a Gorizia trascorrono un periodo di master sotto la guida di prestigiosi docenti, a conoscere da vicino alcune\u00a0<strong>cooperative solidali della Regione<\/strong>, che coinvolgono persone in situazioni di fragilit\u00e0 sociale e occupazionale e hanno sviluppato al loro interno un laboratorio di sartoria:\u00a0la<strong> Sartoria sociale Fil della Caritas di Udine<\/strong>, la <strong>Coop Noncello di Pordenone<\/strong>, la<strong> Sartoria di Gorizia della Cooperativa La Collina <\/strong>e le sartorie <strong>Peacework e Linguaggi Tessili APS di Trieste.\u00a0<\/strong><\/p>\n<p>In preparazione dei quattro concerti che saranno offerti alla comunit\u00e0 a partire del 2 maggio a Gorizia,\u00a0il personale delle sartorie ha conosciuto gli interpreti, ascoltato le arie\u00a0che faranno parte del loro repertorio, approfondito il contesto storico-musicale delle opere da cui sono tratte.<\/p>\n<p>In base a ci\u00f2, hanno sviluppato un\u00a0lavoro creativo per realizzare costumi e accessori d\u2019abbigliamento adatti a descrivere i personaggi o la cornice dei brani, che gli interpreti potranno indossare in pubblico durante le esibizioni, accompagnati da una\u00a0presentazione curata dalle sartorie stesse.<\/p>\n<p>Una produzione del tutto originale, per la quale non va dimenticato che questi laboratori inclusivi utilizzano di preferenza\u00a0<strong>materiali di recupero e scarti<\/strong>, che vengono quindi riciclati e\u00a0<strong>riproposti in chiave innovativa.\u00a0<\/strong><\/p>\n<p>Primo appuntamento\u00a0<strong>sabato 2 maggio <\/strong>alle 18.30 presso la sede dell\u2019Accademia in<strong> Palazzo Strassoldo a Gorizia<\/strong>, con il concerto dal titolo<strong> \u201c<em>Le Commedianti<\/em>\u201d\u00a0<\/strong>su arie tratte da opere di Rossini e Mozart, in abbinamento a due sartorie di Trieste, il laboratorio creativo\u00a0<strong><em>Peacework<\/em> della Comunit\u00e0 di Sant\u2019Egidio\u00a0<\/strong>e<strong>\u00a0Linguaggi Tessili APS.<\/strong><\/p>\n<p>Si prosegue\u00a0<strong>marted\u00ec 5 maggio <\/strong>sempre in<strong> Palazzo Strassoldo <\/strong>alle 18.30, dove saranno di scena<strong> \u201c<em>Le ferite dell\u2019amore<\/em>\u201d<\/strong>, con le creazioni della\u00a0<strong>Sartoria sociale Fil della Caritas di Udine<\/strong>\u00a0e brani da opere tra Ottocento e Novecento (Massenet, \u010cajkovskij, Bernstein, Dvo\u0159\u00e1k e Bizet).<\/p>\n<p><strong>Domenica 10 maggio <\/strong>sar\u00e0 il<strong> Parco Basaglia di Gorizia <\/strong>ad accogliere alle 17.30 il concerto dal titolo <strong>\u201c<em>Il gioco del teatro<\/em>\u201d<\/strong>\u00a0tutto dedicato a \u201c<em>Il barbiere di Siviglia<\/em>\u201d di Rossini e \u201c<em>Il flauto magico<\/em>\u201d di Mozart, in collaborazione con la\u00a0<strong>Cooperativa Noncello di Pordenone<\/strong>.<\/p>\n<p>Infine\u00a0<strong>gioved\u00ec 14 maggio <\/strong>al<strong> Kulturni Center Lojze Bratu\u017e <\/strong>di Gorizia alle 18.30, ultimo concerto a tema<strong> \u201c<em>Novecento<\/em>\u201d\u00a0<\/strong>su opere di vari autori (Puccini, Rota, Offenbach, Cilea, Verdi), in sinergia con la Sartoria della\u00a0Cooperativa La Collina a Gorizia.<\/p>\n<p>Nutrito il gruppo di giovani voci internazionali del GO! Borderless Opera Lab impegnate nei vari ruoli in scena:\u00a0<strong>Aida Turganbayeva<\/strong>\u00a0(soprano, Kazakistan),\u00a0<strong>Marko Erzar<\/strong>\u00a0(baritono, Slovenia),\u00a0<strong>Nejka \u010cuk<\/strong>\u00a0(mezzosoprano, Slovenia),\u00a0<strong>Rei Itoh<\/strong>\u00a0(soprano, Giappone),\u00a0<strong>Sofia Dzhavadian\u00a0<\/strong>(soprano, Russia\/Armenia),\u00a0<strong>Mariia Kozlova<\/strong>\u00a0(soprano, Russia),\u00a0<strong>Manuel Sedmak<\/strong>\u00a0(baritono Italia\/Slovenia),\u00a0<strong>Eleonora Filipponi<\/strong>\u00a0(mezzosoprano, Italia).<\/p>\n<p>I concerti avranno la\u00a0regia di<strong> Giulio Ciabatti<\/strong>, con accompagnamento al\u00a0<strong>pianoforte di\u00a0Francesca Clemente<\/strong>.<\/p>\n<p><strong>Ingresso libero\u00a0<\/strong>fino a esaurimento dei posti disponibili.<\/p>\n","protected":false},"excerpt":{"rendered":"<p>Tessere la musica con l&#8217;artigianato delle sartorie sociali del Friuli Venezia Giulia: quattro concerti per altrettante restituzioni artistiche<\/p>\n","protected":false},"author":28,"featured_media":73625,"comment_status":"closed","ping_status":"closed","sticky":false,"template":"","format":"image","meta":{"dwc-title":[""],"dwc-content":[""],"footnotes":""},"categories":[37,80],"tags":[1636,43,55],"class_list":["post-73624","post","type-post","status-publish","format-image","has-post-thumbnail","hentry","category-cultura-e-spettacolo","category-culturaspettacolo-prima-pagina","tag-artigianato","tag-gorizia","tag-musica","post_format-post-format-image"],"rttpg_featured_image_url":{"full":["https:\/\/imagazine.it\/wp-content\/uploads\/2026\/04\/Piccolo-Opera-Festival-8178.jpeg",1366,763,false],"landscape":["https:\/\/imagazine.it\/wp-content\/uploads\/2026\/04\/Piccolo-Opera-Festival-8178.jpeg",1366,763,false],"portraits":["https:\/\/imagazine.it\/wp-content\/uploads\/2026\/04\/Piccolo-Opera-Festival-8178.jpeg",1366,763,false],"thumbnail":["https:\/\/imagazine.it\/wp-content\/uploads\/2026\/04\/Piccolo-Opera-Festival-8178-150x150.jpeg",150,150,true],"medium":["https:\/\/imagazine.it\/wp-content\/uploads\/2026\/04\/Piccolo-Opera-Festival-8178-300x168.jpeg",300,168,true],"large":["https:\/\/imagazine.it\/wp-content\/uploads\/2026\/04\/Piccolo-Opera-Festival-8178-1024x572.jpeg",640,358,true],"thumblist":["https:\/\/imagazine.it\/wp-content\/uploads\/2026\/04\/Piccolo-Opera-Festival-8178-300x300.jpeg",300,300,true],"thumbrelated":["https:\/\/imagazine.it\/wp-content\/uploads\/2026\/04\/Piccolo-Opera-Festival-8178-500x500.jpeg",500,500,true],"meccarouselthumb":["https:\/\/imagazine.it\/wp-content\/uploads\/2026\/04\/Piccolo-Opera-Festival-8178-474x324.jpeg",474,324,true],"gridsquare":["https:\/\/imagazine.it\/wp-content\/uploads\/2026\/04\/Piccolo-Opera-Festival-8178-391x260.jpeg",391,260,true],"tileview":["https:\/\/imagazine.it\/wp-content\/uploads\/2026\/04\/Piccolo-Opera-Festival-8178-300x400.jpeg",300,400,true],"1536x1536":["https:\/\/imagazine.it\/wp-content\/uploads\/2026\/04\/Piccolo-Opera-Festival-8178.jpeg",1366,763,false],"2048x2048":["https:\/\/imagazine.it\/wp-content\/uploads\/2026\/04\/Piccolo-Opera-Festival-8178.jpeg",1366,763,false],"newsup-slider-full":["https:\/\/imagazine.it\/wp-content\/uploads\/2026\/04\/Piccolo-Opera-Festival-8178-1280x720.jpeg",1280,720,true],"newsup-featured":["https:\/\/imagazine.it\/wp-content\/uploads\/2026\/04\/Piccolo-Opera-Festival-8178-1024x572.jpeg",1024,572,true],"newsup-medium":["https:\/\/imagazine.it\/wp-content\/uploads\/2026\/04\/Piccolo-Opera-Festival-8178-720x380.jpeg",720,380,true],"tptn_thumbnail":["https:\/\/imagazine.it\/wp-content\/uploads\/2026\/04\/Piccolo-Opera-Festival-8178-250x210.jpeg",250,210,true],"sow-carousel-default":["https:\/\/imagazine.it\/wp-content\/uploads\/2026\/04\/Piccolo-Opera-Festival-8178-272x182.jpeg",272,182,true]},"rttpg_author":{"display_name":"redazione","author_link":"https:\/\/imagazine.it\/home_desk\/author\/redazione\/"},"rttpg_comment":0,"rttpg_category":"<a href=\"https:\/\/imagazine.it\/home_desk\/category\/cultura-e-spettacolo\/\" rel=\"category tag\">CULTURA&amp;SPETTACOLO<\/a> <a href=\"https:\/\/imagazine.it\/home_desk\/category\/prima-pagina\/culturaspettacolo-prima-pagina\/\" rel=\"category tag\">CULTURA&amp;SPETTACOLO, PRIMA PAGINA<\/a>","rttpg_excerpt":"Tessere la musica con l'artigianato delle sartorie sociali del Friuli Venezia Giulia: quattro concerti per altrettante restituzioni artistiche","_links":{"self":[{"href":"https:\/\/imagazine.it\/home_desk\/wp-json\/wp\/v2\/posts\/73624","targetHints":{"allow":["GET"]}}],"collection":[{"href":"https:\/\/imagazine.it\/home_desk\/wp-json\/wp\/v2\/posts"}],"about":[{"href":"https:\/\/imagazine.it\/home_desk\/wp-json\/wp\/v2\/types\/post"}],"author":[{"embeddable":true,"href":"https:\/\/imagazine.it\/home_desk\/wp-json\/wp\/v2\/users\/28"}],"replies":[{"embeddable":true,"href":"https:\/\/imagazine.it\/home_desk\/wp-json\/wp\/v2\/comments?post=73624"}],"version-history":[{"count":2,"href":"https:\/\/imagazine.it\/home_desk\/wp-json\/wp\/v2\/posts\/73624\/revisions"}],"predecessor-version":[{"id":73627,"href":"https:\/\/imagazine.it\/home_desk\/wp-json\/wp\/v2\/posts\/73624\/revisions\/73627"}],"wp:featuredmedia":[{"embeddable":true,"href":"https:\/\/imagazine.it\/home_desk\/wp-json\/wp\/v2\/media\/73625"}],"wp:attachment":[{"href":"https:\/\/imagazine.it\/home_desk\/wp-json\/wp\/v2\/media?parent=73624"}],"wp:term":[{"taxonomy":"category","embeddable":true,"href":"https:\/\/imagazine.it\/home_desk\/wp-json\/wp\/v2\/categories?post=73624"},{"taxonomy":"post_tag","embeddable":true,"href":"https:\/\/imagazine.it\/home_desk\/wp-json\/wp\/v2\/tags?post=73624"}],"curies":[{"name":"wp","href":"https:\/\/api.w.org\/{rel}","templated":true}]}}