{"id":73620,"date":"2026-04-29T17:42:52","date_gmt":"2026-04-29T15:42:52","guid":{"rendered":"https:\/\/imagazine.it\/home_desk\/?p=73620"},"modified":"2026-04-29T17:42:52","modified_gmt":"2026-04-29T15:42:52","slug":"grado-al-via-lorario-estivo-dei-bus-urbani","status":"publish","type":"post","link":"https:\/\/imagazine.it\/home_desk\/grado-al-via-lorario-estivo-dei-bus-urbani\/","title":{"rendered":"Grado: al via l&#8217;orario estivo dei bus urbani"},"content":{"rendered":"<h6>Uno dei bus elettrici in servizio a Grado<\/h6>\n<p>&nbsp;<\/p>\n<p>GRADO \u2013 Dal 1\u00b0 maggio 2026<strong> APT Gorizia <\/strong>attiva a <strong>Grado<\/strong> l\u2019orario estivo del servizio urbano, anticipando anche quest\u2019anno la programmazione stagionale rispetto al resto della rete aziendale.<\/p>\n<p>Giunto al terzo anno di applicazione, il potenziamento del servizio si conferma una scelta strutturale pensata per rispondere in modo efficace alla crescente domanda di mobilit\u00e0 che caratterizza la localit\u00e0 gi\u00e0 a partire dalla primavera, periodo in cui Grado registra un significativo afflusso di visitatori, oltre alla normale mobilit\u00e0 dei residenti.<\/p>\n<h3><strong>PI\u00d9 CORSE E COLLEGAMENTI CAPILLARI<\/strong><\/h3>\n<p>A partire dal 1\u00b0 maggio, con l\u2019avvio ufficiale della stagione turistica, fino al 20 settembre, la <strong>linea urbana 37 <\/strong>prevede un incremento delle corse rispetto all\u2019orario invernale: <strong>27 corse attive <\/strong>tutti i giorni, di cui<strong> 7 in pi\u00f9 da luned\u00ec a sabato <\/strong>e<strong> 13 aggiuntive la domenica <\/strong>e nelle altre<strong> festivit\u00e0.<\/strong><\/p>\n<p>La prima corsa del giorno parte da via Romagna alle ore 6.59; le corse successive effettuano il percorso completo con partenze da via Zara ogni 30 minuti, dalle 7 alle 19.30, tutti i giorni<\/p>\n<p>(fino al 9 giugno resta attiva la corsa scolastica del mattino con il relativo prolungamento).<\/p>\n<p>Il servizio urbano di Grado consente di raggiungere tutte le principali destinazioni dell\u2019isola: Pineta, spiaggia GIT, Costa Azzurra, Terme, centro storico.<\/p>\n<h3><strong>UNA MOBILIT\u00c0 SEMPRE PI\u00d9 GREEN<br \/>\n<\/strong><\/h3>\n<p>A Grado il trasporto pubblico urbano \u00e8 ormai completamente elettrico: una scelta che va oltre l\u2019innovazione tecnologica e si inserisce in una visione pi\u00f9 ampia di APT per la tutela del territorio.<\/p>\n<p>La scelta di adottare esclusivamente mezzi a trazione elettrica contribuisce alla riduzione delle emissioni e al miglioramento della qualit\u00e0 dell\u2019aria, offrendo al tempo stesso un <strong>servizio silenzioso<\/strong>.<\/p>\n<h3><strong>TAP TO GO: IL BIGLIETTO SI PAGA A BORDO<br \/>\n<\/strong><\/h3>\n<p>Sempre pi\u00f9 utilizzato, soprattutto dai turisti, il sistema <strong><em>TAP TO GO<\/em><\/strong> consente di acquistare il biglietto <strong>direttamente a bordo <\/strong>con carta <em>contactless<\/em> o dispositivi digitali.<\/p>\n<p>Una modalit\u00e0 che evita la necessit\u00e0 di acquistare il titolo di viaggio in anticipo e rende il servizio ancora pi\u00f9 accessibile anche per chi utilizza il bus in modo occasionale.<\/p>\n<p>Il sistema si affianca agli altri canali disponibili, come le app TplFVG e Glimble FVG, le biglietterie e le emettitrici automatiche.<\/p>\n<h3><strong>ABBONAMENTI<\/strong><\/h3>\n<p>Per chi utilizza il servizio con maggiore frequenza, sono disponibili diverse formule di abbonamento, pensate per offrire una soluzione economicamente vantaggiosa.<\/p>\n<p>Gli abbonamenti rappresentano l\u2019opzione pi\u00f9 conveniente per residenti, lavoratori stagionali e frequentatori abituali, consentendo di muoversi liberamente sull\u2019isola senza pensieri e con un risparmio significativo rispetto all\u2019acquisto dei singoli biglietti. Ad esempio: abbonamento quindicinale: euro 21,25; mensile: euro 32.<\/p>\n<p>Sono inoltre previste diverse agevolazioni, come gli abbonamenti semestrali o annuali per over 65 residenti in Friuli Venezia Giulia con uno sconto del 50% (tariffa scontata per una linea urbana: semestrale euro 80; annuale euro 160).<\/p>\n<p>La sottoscrizione online per tutti gli abbonamenti offre un ulteriore sconto del 5%.<\/p>\n<p>Tutti i dettagli sulle tariffe e gli altri tipi di agevolazione su <span style=\"text-decoration: underline;\"><a href=\"http:\/\/tplfvg.it\" target=\"_blank\" rel=\"noopener\">tplfvg.it<\/a><\/span><\/p>\n","protected":false},"excerpt":{"rendered":"<p>Dal primo maggio corse ogni trenta minuti. Mezzi elettrici e possibilit\u00e0 di pagamento digitale a bordo<\/p>\n","protected":false},"author":28,"featured_media":73621,"comment_status":"closed","ping_status":"closed","sticky":false,"template":"","format":"image","meta":{"dwc-title":[""],"dwc-content":[""],"footnotes":""},"categories":[5,79],"tags":[1968,176,174,86],"class_list":["post-73620","post","type-post","status-publish","format-image","has-post-thumbnail","hentry","category-attualita","category-attualita-prima-pagina","tag-bus","tag-estate","tag-grado","tag-trasporti","post_format-post-format-image"],"rttpg_featured_image_url":{"full":["https:\/\/imagazine.it\/wp-content\/uploads\/2026\/04\/grado-eco-move-7.jpg",1366,768,false],"landscape":["https:\/\/imagazine.it\/wp-content\/uploads\/2026\/04\/grado-eco-move-7.jpg",1366,768,false],"portraits":["https:\/\/imagazine.it\/wp-content\/uploads\/2026\/04\/grado-eco-move-7.jpg",1366,768,false],"thumbnail":["https:\/\/imagazine.it\/wp-content\/uploads\/2026\/04\/grado-eco-move-7-150x150.jpg",150,150,true],"medium":["https:\/\/imagazine.it\/wp-content\/uploads\/2026\/04\/grado-eco-move-7-300x169.jpg",300,169,true],"large":["https:\/\/imagazine.it\/wp-content\/uploads\/2026\/04\/grado-eco-move-7-1024x576.jpg",640,360,true],"thumblist":["https:\/\/imagazine.it\/wp-content\/uploads\/2026\/04\/grado-eco-move-7-300x300.jpg",300,300,true],"thumbrelated":["https:\/\/imagazine.it\/wp-content\/uploads\/2026\/04\/grado-eco-move-7-500x500.jpg",500,500,true],"meccarouselthumb":["https:\/\/imagazine.it\/wp-content\/uploads\/2026\/04\/grado-eco-move-7-474x324.jpg",474,324,true],"gridsquare":["https:\/\/imagazine.it\/wp-content\/uploads\/2026\/04\/grado-eco-move-7-391x260.jpg",391,260,true],"tileview":["https:\/\/imagazine.it\/wp-content\/uploads\/2026\/04\/grado-eco-move-7-300x400.jpg",300,400,true],"1536x1536":["https:\/\/imagazine.it\/wp-content\/uploads\/2026\/04\/grado-eco-move-7.jpg",1366,768,false],"2048x2048":["https:\/\/imagazine.it\/wp-content\/uploads\/2026\/04\/grado-eco-move-7.jpg",1366,768,false],"newsup-slider-full":["https:\/\/imagazine.it\/wp-content\/uploads\/2026\/04\/grado-eco-move-7-1280x720.jpg",1280,720,true],"newsup-featured":["https:\/\/imagazine.it\/wp-content\/uploads\/2026\/04\/grado-eco-move-7-1024x576.jpg",1024,576,true],"newsup-medium":["https:\/\/imagazine.it\/wp-content\/uploads\/2026\/04\/grado-eco-move-7-720x380.jpg",720,380,true],"tptn_thumbnail":["https:\/\/imagazine.it\/wp-content\/uploads\/2026\/04\/grado-eco-move-7-250x210.jpg",250,210,true],"sow-carousel-default":["https:\/\/imagazine.it\/wp-content\/uploads\/2026\/04\/grado-eco-move-7-272x182.jpg",272,182,true]},"rttpg_author":{"display_name":"redazione","author_link":"https:\/\/imagazine.it\/home_desk\/author\/redazione\/"},"rttpg_comment":0,"rttpg_category":"<a href=\"https:\/\/imagazine.it\/home_desk\/category\/attualita\/\" rel=\"category tag\">ATTUALIT\u00c0<\/a> <a href=\"https:\/\/imagazine.it\/home_desk\/category\/prima-pagina\/attualita-prima-pagina\/\" rel=\"category tag\">ATTUALIT\u00c0, PRIMA PAGINA<\/a>","rttpg_excerpt":"Dal primo maggio corse ogni trenta minuti. Mezzi elettrici e possibilit\u00e0 di pagamento digitale a bordo","_links":{"self":[{"href":"https:\/\/imagazine.it\/home_desk\/wp-json\/wp\/v2\/posts\/73620","targetHints":{"allow":["GET"]}}],"collection":[{"href":"https:\/\/imagazine.it\/home_desk\/wp-json\/wp\/v2\/posts"}],"about":[{"href":"https:\/\/imagazine.it\/home_desk\/wp-json\/wp\/v2\/types\/post"}],"author":[{"embeddable":true,"href":"https:\/\/imagazine.it\/home_desk\/wp-json\/wp\/v2\/users\/28"}],"replies":[{"embeddable":true,"href":"https:\/\/imagazine.it\/home_desk\/wp-json\/wp\/v2\/comments?post=73620"}],"version-history":[{"count":2,"href":"https:\/\/imagazine.it\/home_desk\/wp-json\/wp\/v2\/posts\/73620\/revisions"}],"predecessor-version":[{"id":73623,"href":"https:\/\/imagazine.it\/home_desk\/wp-json\/wp\/v2\/posts\/73620\/revisions\/73623"}],"wp:featuredmedia":[{"embeddable":true,"href":"https:\/\/imagazine.it\/home_desk\/wp-json\/wp\/v2\/media\/73621"}],"wp:attachment":[{"href":"https:\/\/imagazine.it\/home_desk\/wp-json\/wp\/v2\/media?parent=73620"}],"wp:term":[{"taxonomy":"category","embeddable":true,"href":"https:\/\/imagazine.it\/home_desk\/wp-json\/wp\/v2\/categories?post=73620"},{"taxonomy":"post_tag","embeddable":true,"href":"https:\/\/imagazine.it\/home_desk\/wp-json\/wp\/v2\/tags?post=73620"}],"curies":[{"name":"wp","href":"https:\/\/api.w.org\/{rel}","templated":true}]}}