{"id":73610,"date":"2026-04-29T11:51:34","date_gmt":"2026-04-29T09:51:34","guid":{"rendered":"https:\/\/imagazine.it\/home_desk\/?p=73610"},"modified":"2026-04-29T11:51:34","modified_gmt":"2026-04-29T09:51:34","slug":"protezione-civile-a-palmanova-due-piloti-delite-di-droni","status":"publish","type":"post","link":"https:\/\/imagazine.it\/home_desk\/protezione-civile-a-palmanova-due-piloti-delite-di-droni\/","title":{"rendered":"Protezione Civile: a Palmanova due piloti d&#8217;\u00e9lite di droni"},"content":{"rendered":"<h6>Il vicesindaco Piani con De Santis e Azzani<\/h6>\n<p>&nbsp;<\/p>\n<p>PALMANOVA \u2013 Tecnologia, formazione d\u2019eccellenza e sicurezza del territorio. Sono questi i pilastri della cerimonia che si \u00e8 svolta nella Sala Ottagonale del Centro Operativo di Palmanova.<\/p>\n<p>Protagonisti della giornata sono stati\u00a0<strong>Marco De Santis<\/strong> e<strong> Giacomo Azzani<\/strong>, volontari del Gruppo comunale di Protezione Civile di Palmanova, che hanno ricevuto ufficialmente gli\u00a0<strong>attestati per l\u2019utilizzo di sistemi UAS <\/strong>(<em>Unmanned Aircraft System<\/em>), comunemente noti come<strong> droni<\/strong>.<\/p>\n<p>Alla cerimonia hanno preso parte l\u2019assessore regionale alla Protezione Civile\u00a0<strong>Riccardo Riccardi<\/strong>, insieme ai direttori\u00a0<strong>Amedeo Aristei, Nazareno Candotti, Cristina Trocca <\/strong>e al funzionario <strong>Massimo Zia<\/strong>, <em>mentor<\/em> del percorso formativo.<\/p>\n<p>Diventare piloti di droni in ambito di emergenza non \u00e8 un semplice <em>hobby<\/em>, ma\u00a0<strong>un impegno tecnico di alto livello<\/strong>.<\/p>\n<p>Il percorso completato dai due volontari \u00e8 stato intenso: 7 mesi di addestramento, da giugno 2025 all&#8217;inizio del 2026, 60 ore di formazione divise tra teoria e pratica di volo presso le sedi di Pasian di Pordenone e Palmanova.<\/p>\n<p>De Santis e Azzani hanno ottenuto le abilitazioni avanzate A1-A3, A2 e gli scenari standard STS (Teorico e Pratico). I\u00a0volontari sono ora<strong> abilitati a volare non solo in condizioni ordinarie ma anche in scenari critici<\/strong>,\u00a0dove la precisione e il rispetto delle norme di volo sono vitali.<\/p>\n<p>L&#8217;ingresso di queste tecnologie nel Gruppo di Palmanova\u00a0<strong>trasforma radicalmente le capacit\u00e0 di intervento<\/strong>.<\/p>\n<p>I droni saranno gli occhi dall&#8217;alto per rilievi e mappature, analisi rapida del territorio dopo eventi atmosferici, incendi boschivi, supporto tecnico per individuare focolai nascosti, ricerca e soccorso, ispezione di aree impervie o pericolose per l&#8217;uomo, supporto alle Forze dell&#8217;Ordine, monitoraggio in tempo reale durante emergenze o grandi eventi.<\/p>\n<p>\u201cPalmanova si conferma un punto di riferimento per la Protezione Civile regionale. Con la qualifica di De Santis e Azzani, la citt\u00e0 pu\u00f2 vantare due dei 39 piloti d&#8217;\u00e9lite formati a livello regionale. \u00c8 un risultato che ci rende profondamente orgogliosi. Contare su volontari cos\u00ec preparati significa elevare gli standard di sicurezza per tutta la nostra comunit\u00e0\u201d,\u00a0affermano il vicesindaco <strong>Luca Piani<\/strong> e\u00a0<strong>Mario Marangoni<\/strong>, assessore comunale alla Protezione Civile.<\/p>\n<figure id=\"attachment_73611\" aria-describedby=\"caption-attachment-73611\" style=\"width: 800px\" class=\"wp-caption aligncenter\"><img loading=\"lazy\" decoding=\"async\" class=\"size-full wp-image-73611\" src=\"https:\/\/imagazine.it\/wp-content\/uploads\/2026\/04\/image00018.jpg\" alt=\"\" width=\"800\" height=\"575\" title=\"\" srcset=\"https:\/\/imagazine.it\/wp-content\/uploads\/2026\/04\/image00018.jpg 800w, https:\/\/imagazine.it\/wp-content\/uploads\/2026\/04\/image00018-300x216.jpg 300w, https:\/\/imagazine.it\/wp-content\/uploads\/2026\/04\/image00018-768x552.jpg 768w\" sizes=\"auto, (max-width: 800px) 100vw, 800px\" \/><figcaption id=\"caption-attachment-73611\" class=\"wp-caption-text\">Prova pratica con i droni<\/figcaption><\/figure>\n<p>L&#8217;iniziativa fa parte di una strategia regionale che coinvolge 23 Comuni.<\/p>\n<p>A breve, il Gruppo comunale di Palmanova\u00a0<strong>ricever\u00e0 in dotazione nuovi droni di ultima generazione<\/strong>, acquistati dalla Regione che continuer\u00e0 a sostenere il progetto garantendo la manutenzione dei mezzi, la copertura assicurativa e la gestione burocratica sul portale nazionale D-Flight, lasciando ai volontari l&#8217;unico, fondamentale compito: essere pronti a intervenire quando il territorio chiama.<\/p>\n","protected":false},"excerpt":{"rendered":"<p>Marco De Santis e Giacomo Azzani hanno ottenuto il brevetto per volare anche in scenari critici. Velivoli di ultima generazione in arrivo al Gruppo comunale<\/p>\n","protected":false},"author":28,"featured_media":73612,"comment_status":"closed","ping_status":"closed","sticky":false,"template":"","format":"image","meta":{"dwc-title":[""],"dwc-content":[""],"footnotes":""},"categories":[5,79],"tags":[400,154,457,214],"class_list":["post-73610","post","type-post","status-publish","format-image","has-post-thumbnail","hentry","category-attualita","category-attualita-prima-pagina","tag-formazione","tag-palmanova","tag-protezione-civile","tag-volontariato","post_format-post-format-image"],"rttpg_featured_image_url":{"full":["https:\/\/imagazine.it\/wp-content\/uploads\/2026\/04\/terzetto.jpg",1366,734,false],"landscape":["https:\/\/imagazine.it\/wp-content\/uploads\/2026\/04\/terzetto.jpg",1366,734,false],"portraits":["https:\/\/imagazine.it\/wp-content\/uploads\/2026\/04\/terzetto.jpg",1366,734,false],"thumbnail":["https:\/\/imagazine.it\/wp-content\/uploads\/2026\/04\/terzetto-150x150.jpg",150,150,true],"medium":["https:\/\/imagazine.it\/wp-content\/uploads\/2026\/04\/terzetto-300x161.jpg",300,161,true],"large":["https:\/\/imagazine.it\/wp-content\/uploads\/2026\/04\/terzetto-1024x550.jpg",640,344,true],"thumblist":["https:\/\/imagazine.it\/wp-content\/uploads\/2026\/04\/terzetto-300x300.jpg",300,300,true],"thumbrelated":["https:\/\/imagazine.it\/wp-content\/uploads\/2026\/04\/terzetto-500x500.jpg",500,500,true],"meccarouselthumb":["https:\/\/imagazine.it\/wp-content\/uploads\/2026\/04\/terzetto-474x324.jpg",474,324,true],"gridsquare":["https:\/\/imagazine.it\/wp-content\/uploads\/2026\/04\/terzetto-391x260.jpg",391,260,true],"tileview":["https:\/\/imagazine.it\/wp-content\/uploads\/2026\/04\/terzetto-300x400.jpg",300,400,true],"1536x1536":["https:\/\/imagazine.it\/wp-content\/uploads\/2026\/04\/terzetto.jpg",1366,734,false],"2048x2048":["https:\/\/imagazine.it\/wp-content\/uploads\/2026\/04\/terzetto.jpg",1366,734,false],"newsup-slider-full":["https:\/\/imagazine.it\/wp-content\/uploads\/2026\/04\/terzetto-1280x720.jpg",1280,720,true],"newsup-featured":["https:\/\/imagazine.it\/wp-content\/uploads\/2026\/04\/terzetto-1024x550.jpg",1024,550,true],"newsup-medium":["https:\/\/imagazine.it\/wp-content\/uploads\/2026\/04\/terzetto-720x380.jpg",720,380,true],"tptn_thumbnail":["https:\/\/imagazine.it\/wp-content\/uploads\/2026\/04\/terzetto-250x210.jpg",250,210,true],"sow-carousel-default":["https:\/\/imagazine.it\/wp-content\/uploads\/2026\/04\/terzetto-272x182.jpg",272,182,true]},"rttpg_author":{"display_name":"redazione","author_link":"https:\/\/imagazine.it\/home_desk\/author\/redazione\/"},"rttpg_comment":0,"rttpg_category":"<a href=\"https:\/\/imagazine.it\/home_desk\/category\/attualita\/\" rel=\"category tag\">ATTUALIT\u00c0<\/a> <a href=\"https:\/\/imagazine.it\/home_desk\/category\/prima-pagina\/attualita-prima-pagina\/\" rel=\"category tag\">ATTUALIT\u00c0, PRIMA PAGINA<\/a>","rttpg_excerpt":"Marco De Santis e Giacomo Azzani hanno ottenuto il brevetto per volare anche in scenari critici. Velivoli di ultima generazione in arrivo al Gruppo comunale","_links":{"self":[{"href":"https:\/\/imagazine.it\/home_desk\/wp-json\/wp\/v2\/posts\/73610","targetHints":{"allow":["GET"]}}],"collection":[{"href":"https:\/\/imagazine.it\/home_desk\/wp-json\/wp\/v2\/posts"}],"about":[{"href":"https:\/\/imagazine.it\/home_desk\/wp-json\/wp\/v2\/types\/post"}],"author":[{"embeddable":true,"href":"https:\/\/imagazine.it\/home_desk\/wp-json\/wp\/v2\/users\/28"}],"replies":[{"embeddable":true,"href":"https:\/\/imagazine.it\/home_desk\/wp-json\/wp\/v2\/comments?post=73610"}],"version-history":[{"count":3,"href":"https:\/\/imagazine.it\/home_desk\/wp-json\/wp\/v2\/posts\/73610\/revisions"}],"predecessor-version":[{"id":73615,"href":"https:\/\/imagazine.it\/home_desk\/wp-json\/wp\/v2\/posts\/73610\/revisions\/73615"}],"wp:featuredmedia":[{"embeddable":true,"href":"https:\/\/imagazine.it\/home_desk\/wp-json\/wp\/v2\/media\/73612"}],"wp:attachment":[{"href":"https:\/\/imagazine.it\/home_desk\/wp-json\/wp\/v2\/media?parent=73610"}],"wp:term":[{"taxonomy":"category","embeddable":true,"href":"https:\/\/imagazine.it\/home_desk\/wp-json\/wp\/v2\/categories?post=73610"},{"taxonomy":"post_tag","embeddable":true,"href":"https:\/\/imagazine.it\/home_desk\/wp-json\/wp\/v2\/tags?post=73610"}],"curies":[{"name":"wp","href":"https:\/\/api.w.org\/{rel}","templated":true}]}}