{"id":73606,"date":"2026-04-29T11:05:24","date_gmt":"2026-04-29T09:05:24","guid":{"rendered":"https:\/\/imagazine.it\/home_desk\/?p=73606"},"modified":"2026-04-29T11:05:24","modified_gmt":"2026-04-29T09:05:24","slug":"pallacanestro-codroipese-tra-giovani-e-futuro","status":"publish","type":"post","link":"https:\/\/imagazine.it\/home_desk\/pallacanestro-codroipese-tra-giovani-e-futuro\/","title":{"rendered":"Pallacanestro Codroipese tra giovani e futuro"},"content":{"rendered":"<h6>Staff e Consiglio direttivo della Pallacanestro Codroipese<\/h6>\n<p>&nbsp;<\/p>\n<p>CODROIPO \u2013 L&#8217;<strong>A.S.D. Pallacanestro Codroipese <\/strong>celebra i suoi 70 anni di fondazione.<\/p>\n<p>Nata dall\u2019entusiasmo di gruppi di ragazzi che si allenavano sull\u2019asfalto dietro il Duomo di Codroipo, la <strong>Pallacanestro Codroipese <\/strong>ha accompagnato nel tempo centinaia di giovani e famiglie, costruendo una storia fatta di impegno, risultati sportivi e valori condivisi.<\/p>\n<p>In questi decenni la societ\u00e0 ha raggiunto traguardi significativi, portando le proprie squadre maschili e femminili in categorie di rilievo.<\/p>\n<p>Oggi la societ\u00e0 vive una nuova fase di sviluppo. Dal 2024, infatti, una rinnovata dirigenza ha avviato un progetto ambizioso, con un forte investimento nel settore giovanile e minibasket, affidato a tecnici professionisti per elevare la qualit\u00e0 tecnica senza perdere di vista i valori fondamentali: inclusione, divertimento e spirito di squadra.<\/p>\n<p>Le celebrazioni prenderanno il via <strong>venerd\u00ec 1 maggio <\/strong>con il <strong>torneo U15<\/strong> e, a seguire, il 2 e 3 con <strong>U17<\/strong> e<strong> Mb2016.<\/strong> <strong>Marted\u00ec 5 maggio <\/strong>alle ore 10.30 al<strong> Pala Hank Biasatti <\/strong>di Codroipo si terr\u00e0 un evento dedicato ai pi\u00f9 giovani: \u201c<em>Social Marketing, Sport, Passione \u2013 dalla creazione di contenuti al dietro le quinte della partita<\/em>\u201d. Un appuntamento pensato per gli studenti delle scuole secondarie di primo e secondo grado del comprensorio che unir\u00e0 attivit\u00e0 pratica in campo e un t<em>alk <\/em>con ospiti di rilievo del panorama sportivo e comunicativo: <strong>Sebastian Spada <\/strong>(responsabile marketing sportivo), <strong>Davide Micalich <\/strong>(presidente UEB Cividale), <strong>Matteo Pratic\u00f2 <\/strong>(<em>head coach<\/em> della Pallacanestro Codroipese). A moderare l&#8217;evento sar\u00e0 <strong>Gilberto Zorat <\/strong>(speaker della Gesteco Cividale e voce di Wideline Radio).<\/p>\n<p>L\u2019incontro offrir\u00e0 uno sguardo concreto sul mondo della comunicazione sportiva e sull\u2019uso consapevole dei <em>social media<\/em>, mostrando ai ragazzi cosa si cela dietro contenuti digitali, video e campagne di comunicazione.<\/p>\n<p>L\u2019evento sar\u00e0 arricchito dalla produzione di un <em>reel <\/em>realizzato in tempo reale. L&#8217;evento \u00e8 realizzato grazie al supporto tecnico e alla collaborazione di <strong><em>Xpress<\/em><\/strong> di <strong>Franco Bressanutti <\/strong>e <strong><em>Brandy<\/em><\/strong> di <strong>Jacopo Faggiani.<\/strong><\/p>\n<p><strong>Sabato 9 maggio alle ore 20<\/strong> spazio allo sport giocato con una partita speciale della <strong>nazionale femminile <em>Over<\/em> 60 (OSI)<\/strong>, che vedr\u00e0 in campo anche <strong>Elena Tamagnini<\/strong>.<\/p>\n<p><strong>Dall\u20198 al 14 giugno<\/strong>, Codroipo (8-11 giugno) e Latisana ospiteranno le finali nazionali <strong>del campionato di Serie B femminile<\/strong>, con 16 squadre da tutta Italia impegnate nella corsa alla promozione in Serie A2. Un appuntamento che porter\u00e0 sul territorio atlete, staff e appassionati, generando un importante indotto sportivo e turistico per il Medio Friuli.<\/p>\n<p>Grande attenzione anche ai pi\u00f9 giovani con il <strong>CBA Summer Camp<\/strong>, in programma <strong>dal 15 al 19 giugno <\/strong>e<strong> dal 22 al 26 giugno<\/strong>, rivolto a bambini e bambine nati dal 2013 al 2018. Un\u2019esperienza multisport organizzata in sinergia con la Polisportiva Codroipese, che includer\u00e0 basket, tennis, giochi di gruppo e nuoto, in collaborazione con la societ\u00e0 Kuma.<\/p>\n<p>\u201cNel 2026 abbiamo avviato un nuovo progetto tecnico per il settore giovanile, condiviso con altre realt\u00e0 del territorio \u2013 sottolinea il presidente<strong> Massimo Fedrizzi<\/strong> \u2013 con l\u2019obiettivo di far crescere allenatori e ragazzi non solo dal punto di vista sportivo, ma anche umano e sociale\u201d.<\/p>\n<p>Le attivit\u00e0 celebrative proseguiranno tutti i weekend del mese di maggio, partite dimostrative e iniziative speciali, tra cui un progetto in collaborazione con il <strong>Comitato Italiano Arbitri \u201cArbitriamo con gli arbitri\u201d<\/strong>, che coinvolger\u00e0 giovani atleti anche nel ruolo arbitrale.<\/p>\n<p>Nel corso dell\u2019anno continueranno inoltre gli appuntamenti tradizionali, come la CBA Cup, torneo minibasket dedicato ai pi\u00f9 piccoli, e l\u2019attivit\u00e0 ordinaria della societ\u00e0, che oggi conta oltre 200 atleti suddivisi tra minibasket, settore giovanile e squadre senior.<\/p>\n<p>\u201cCrediamo fortemente nella collaborazione tra associazioni \u2013 aggiunge <strong>Fedrizzi <\/strong>\u2013 perch\u00e9 solo lavorando insieme \u00e8 possibile creare opportunit\u00e0, rafforzare il tessuto sociale e offrire ai giovani esperienze di valore\u201d.<\/p>\n<h3><strong>La Pallacanestro Codroipese oggi<\/strong><\/h3>\n<p><strong>A.S.D. Pallacanestro Codroipese<\/strong> partecipa attualmente a 12 campionati di federazione: 5 di minibasket (per bambini dai 5 agli 11 anni); 5 giovanili (per ragazzi dai 12 ai 19 anni) e 2 <em>senior (<\/em>uno in prima e l&#8217;altro in terza divisione regionale dove partecipano tutti gli amatori del basket codroipesi e i ragazzi usciti dal settore giovanile che non possono ambire a giocare in categorie superiori).<\/p>\n<p><strong>Coinvolge oltre 200 atleti <\/strong>(95 dai 4 agli 11 anni, 75 dai 12 ai 19 anni, 40 con oltre 20 anni) e investe costantemente in formazione, attrezzature (materiali e macchinari) e progettualit\u00e0 educative, promuovendo lo sport come strumento di crescita, inclusione e comunit\u00e0.<\/p>\n","protected":false},"excerpt":{"rendered":"<p>In occasione dei 70 anni di fondazione la societ\u00e0 cestistisca promuove un mese di eventi tra sport e comunit\u00e0<\/p>\n","protected":false},"author":28,"featured_media":73607,"comment_status":"closed","ping_status":"closed","sticky":false,"template":"","format":"image","meta":{"dwc-title":[""],"dwc-content":[""],"footnotes":""},"categories":[38,157],"tags":[530,255,63,1103],"class_list":["post-73606","post","type-post","status-publish","format-image","has-post-thumbnail","hentry","category-sport","category-sport-prima-pagina","tag-anniversario","tag-basket","tag-codroipo","tag-pallacanestro","post_format-post-format-image"],"rttpg_featured_image_url":{"full":["https:\/\/imagazine.it\/wp-content\/uploads\/2026\/04\/Staff-e-Consiglio.jpeg",1366,701,false],"landscape":["https:\/\/imagazine.it\/wp-content\/uploads\/2026\/04\/Staff-e-Consiglio.jpeg",1366,701,false],"portraits":["https:\/\/imagazine.it\/wp-content\/uploads\/2026\/04\/Staff-e-Consiglio.jpeg",1366,701,false],"thumbnail":["https:\/\/imagazine.it\/wp-content\/uploads\/2026\/04\/Staff-e-Consiglio-150x150.jpeg",150,150,true],"medium":["https:\/\/imagazine.it\/wp-content\/uploads\/2026\/04\/Staff-e-Consiglio-300x154.jpeg",300,154,true],"large":["https:\/\/imagazine.it\/wp-content\/uploads\/2026\/04\/Staff-e-Consiglio-1024x525.jpeg",640,328,true],"thumblist":["https:\/\/imagazine.it\/wp-content\/uploads\/2026\/04\/Staff-e-Consiglio-300x300.jpeg",300,300,true],"thumbrelated":["https:\/\/imagazine.it\/wp-content\/uploads\/2026\/04\/Staff-e-Consiglio-500x500.jpeg",500,500,true],"meccarouselthumb":["https:\/\/imagazine.it\/wp-content\/uploads\/2026\/04\/Staff-e-Consiglio-474x324.jpeg",474,324,true],"gridsquare":["https:\/\/imagazine.it\/wp-content\/uploads\/2026\/04\/Staff-e-Consiglio-391x260.jpeg",391,260,true],"tileview":["https:\/\/imagazine.it\/wp-content\/uploads\/2026\/04\/Staff-e-Consiglio-300x400.jpeg",300,400,true],"1536x1536":["https:\/\/imagazine.it\/wp-content\/uploads\/2026\/04\/Staff-e-Consiglio.jpeg",1366,701,false],"2048x2048":["https:\/\/imagazine.it\/wp-content\/uploads\/2026\/04\/Staff-e-Consiglio.jpeg",1366,701,false],"newsup-slider-full":["https:\/\/imagazine.it\/wp-content\/uploads\/2026\/04\/Staff-e-Consiglio-1280x701.jpeg",1280,701,true],"newsup-featured":["https:\/\/imagazine.it\/wp-content\/uploads\/2026\/04\/Staff-e-Consiglio-1024x525.jpeg",1024,525,true],"newsup-medium":["https:\/\/imagazine.it\/wp-content\/uploads\/2026\/04\/Staff-e-Consiglio-720x380.jpeg",720,380,true],"tptn_thumbnail":["https:\/\/imagazine.it\/wp-content\/uploads\/2026\/04\/Staff-e-Consiglio-250x210.jpeg",250,210,true],"sow-carousel-default":["https:\/\/imagazine.it\/wp-content\/uploads\/2026\/04\/Staff-e-Consiglio-272x182.jpeg",272,182,true]},"rttpg_author":{"display_name":"redazione","author_link":"https:\/\/imagazine.it\/home_desk\/author\/redazione\/"},"rttpg_comment":0,"rttpg_category":"<a href=\"https:\/\/imagazine.it\/home_desk\/category\/sport\/\" rel=\"category tag\">SPORT<\/a> <a href=\"https:\/\/imagazine.it\/home_desk\/category\/prima-pagina\/sport-prima-pagina\/\" rel=\"category tag\">SPORT, PRIMA PAGINA<\/a>","rttpg_excerpt":"In occasione dei 70 anni di fondazione la societ\u00e0 cestistisca promuove un mese di eventi tra sport e comunit\u00e0","_links":{"self":[{"href":"https:\/\/imagazine.it\/home_desk\/wp-json\/wp\/v2\/posts\/73606","targetHints":{"allow":["GET"]}}],"collection":[{"href":"https:\/\/imagazine.it\/home_desk\/wp-json\/wp\/v2\/posts"}],"about":[{"href":"https:\/\/imagazine.it\/home_desk\/wp-json\/wp\/v2\/types\/post"}],"author":[{"embeddable":true,"href":"https:\/\/imagazine.it\/home_desk\/wp-json\/wp\/v2\/users\/28"}],"replies":[{"embeddable":true,"href":"https:\/\/imagazine.it\/home_desk\/wp-json\/wp\/v2\/comments?post=73606"}],"version-history":[{"count":2,"href":"https:\/\/imagazine.it\/home_desk\/wp-json\/wp\/v2\/posts\/73606\/revisions"}],"predecessor-version":[{"id":73609,"href":"https:\/\/imagazine.it\/home_desk\/wp-json\/wp\/v2\/posts\/73606\/revisions\/73609"}],"wp:featuredmedia":[{"embeddable":true,"href":"https:\/\/imagazine.it\/home_desk\/wp-json\/wp\/v2\/media\/73607"}],"wp:attachment":[{"href":"https:\/\/imagazine.it\/home_desk\/wp-json\/wp\/v2\/media?parent=73606"}],"wp:term":[{"taxonomy":"category","embeddable":true,"href":"https:\/\/imagazine.it\/home_desk\/wp-json\/wp\/v2\/categories?post=73606"},{"taxonomy":"post_tag","embeddable":true,"href":"https:\/\/imagazine.it\/home_desk\/wp-json\/wp\/v2\/tags?post=73606"}],"curies":[{"name":"wp","href":"https:\/\/api.w.org\/{rel}","templated":true}]}}