{"id":73601,"date":"2026-04-29T10:04:02","date_gmt":"2026-04-29T08:04:02","guid":{"rendered":"https:\/\/imagazine.it\/home_desk\/?p=73601"},"modified":"2026-04-29T10:04:02","modified_gmt":"2026-04-29T08:04:02","slug":"primo-soccorso-formazione-in-memoria-di-franca-sangoi","status":"publish","type":"post","link":"https:\/\/imagazine.it\/home_desk\/primo-soccorso-formazione-in-memoria-di-franca-sangoi\/","title":{"rendered":"Primo soccorso: formazione in memoria di Franca Sangoi"},"content":{"rendered":"<h6>I 29 corsisti assieme ai formatori della Croce Verde<\/h6>\n<p>&nbsp;<\/p>\n<p>CERVIGNANO DEL FRIULI \u2013 Sono state 29 le persone che hanno partecipato al corso di primo soccorso e rianimazione cardiopolmonare, con disostruzione delle vie aeree in et\u00e0 pediatrica, organizzato gratuitamente dalla <strong>Croce Verde Basso Friuli<\/strong>.<\/p>\n<p>Lezioni teoriche e pratiche che hanno visto alternarsi in qualit\u00e0 di formatori i medici <strong>Gianfranco Matera<\/strong> e <strong>Alessio Ban<\/strong>, e gli infermieri <strong>Michael Fabroni<\/strong>, <strong>Lisa Dur\u00ec<\/strong>, <strong>Annalisa Riva<\/strong>, <strong>Zorana Calic<\/strong> e <strong>Giorgio Padovan<\/strong>, nonch\u00e9 il vigile del fuoco <strong>Michele Colautti<\/strong>.<\/p>\n<p>Tutte le serate formative, con appuntamenti bisettimanali tenutisi dal 24 marzo al 23 aprile con test conclusivo, sono state coordinate dai ragazzi del <strong>\u201cGruppo Corsi\u201d della Croce Verde<\/strong>. Un gruppo rimasto orfano di <strong>Franca Sangoi<\/strong>, volontaria sempre attiva e presente nelle precedenti edizioni e recentemente scomparsa, la cui memoria il personale della Croce Verde ha voluto onorare fin dalla prima lezione con i 29 corsisti.<\/p>\n<p>\u201cI corsi di primo soccorso organizzati periodicamente presso la nostra sede \u2013 afferma il presidente della Croce Verde Basso Friuli, <strong>Diego Modesti<\/strong> &#8211; rappresentano un momento formativo e un importante gesto di responsabilit\u00e0 civica. Il corso \u00e8 completamente gratuito ed \u00e8 aperto a tutti, senza distinzione. Parteciparvi significa acquisire competenze fondamentali che possono fare la differenza in situazioni di emergenza, sia nella vita quotidiana che in ambito lavorativo. Al termine del percorso formativo viene rilasciato un certificato di partecipazione e superamento\u201d.<\/p>\n<p>\u201cIl metodo didattico adottato \u2013 prosegue Modesti &#8211; \u00e8 frutto di anni di esperienza e si \u00e8 dimostrato particolarmente efficace. Le lezioni teoriche, coinvolgenti e supportate da strumenti didattici moderni, si affiancano a sessioni pratiche e dimostrative. Questo approccio consente ai partecipanti di mettere subito in pratica quanto appreso, consolidando le competenze attraverso esercitazioni realistiche.\u00a0Il personale docente \u00e8 composto dal nostro \u201cgruppo corsi\u201d: volontari in servizio attivo, dipendenti, medici e infermieri altamente qualificati e certificati per operare in contesti di massima emergenza. La qualit\u00e0 della formazione \u00e8 dunque garantita da professionisti che ogni giorno operano sul campo\u201d.<\/p>\n<p>\u201cIl superamento del corso \u2013 sottolinea il presidente \u2013 rappresenta inoltre il primo passo per entrare a far parte della nostra grande famiglia di volontari. L\u2019ultima edizione ha visto un\u2019ottima partecipazione di corsisti, segnale che testimonia l\u2019interesse crescente verso queste iniziative e il valore riconosciuto alla nostra associazione.\u00a0Invitiamo tutti i cittadini a cogliere questa opportunit\u00e0: formarsi significa essere pronti ad aiutare e a contribuire attivamente alla sicurezza della propria comunit\u00e0\u201d.<\/p>\n<p>\u201cLa grande affluenza e partecipazione al Corso organizzato dalla Croce Verde \u2013 aggiunge il direttore sanitario, <strong>Luciano Pletti<\/strong> \u2013 testimonia una sensibilit\u00e0, diffusa a tutte le generazioni, per l\u2019impegno di aiuto che il nostro territorio continua a manifestare. Questo ci rende orgogliosi per il successo dell\u2019iniziativa e ottimisti rispetto a una auspicabile crescita del reclutamento di nuovi volontari per la nostra associazione\u201d.<\/p>\n<p>Proprio nelle prossime settimane si terr\u00e0 infatti il corso avanzato per poter prestare servizio sulle ambulanze. Per informazioni in merito \u00e8 possibile contattare direttamente la Croce Verde (via telefono 0431 31111 o via email <a href=\"mailto:croceverdebassofriuli@gmail.com\">croceverdebassofriuli@gmail.com<\/a>).<\/p>\n","protected":false},"excerpt":{"rendered":"<p>Concluso alla Croce Verde Basso Friuli il corso di rianimazione cardiopolmonare, il primo dopo la scomparsa della storica volontaria. Coinvolti 29 cittadini<\/p>\n","protected":false},"author":28,"featured_media":73603,"comment_status":"closed","ping_status":"closed","sticky":false,"template":"","format":"image","meta":{"dwc-title":[""],"dwc-content":[""],"footnotes":""},"categories":[5],"tags":[119,400,97,95,214],"class_list":["post-73601","post","type-post","status-publish","format-image","has-post-thumbnail","hentry","category-attualita","tag-cervignano","tag-formazione","tag-salute","tag-sanita","tag-volontariato","post_format-post-format-image"],"rttpg_featured_image_url":{"full":["https:\/\/imagazine.it\/wp-content\/uploads\/2026\/04\/corso2026foto.jpg",1366,605,false],"landscape":["https:\/\/imagazine.it\/wp-content\/uploads\/2026\/04\/corso2026foto.jpg",1366,605,false],"portraits":["https:\/\/imagazine.it\/wp-content\/uploads\/2026\/04\/corso2026foto.jpg",1366,605,false],"thumbnail":["https:\/\/imagazine.it\/wp-content\/uploads\/2026\/04\/corso2026foto-150x150.jpg",150,150,true],"medium":["https:\/\/imagazine.it\/wp-content\/uploads\/2026\/04\/corso2026foto-300x133.jpg",300,133,true],"large":["https:\/\/imagazine.it\/wp-content\/uploads\/2026\/04\/corso2026foto-1024x454.jpg",640,284,true],"thumblist":["https:\/\/imagazine.it\/wp-content\/uploads\/2026\/04\/corso2026foto-300x300.jpg",300,300,true],"thumbrelated":["https:\/\/imagazine.it\/wp-content\/uploads\/2026\/04\/corso2026foto-500x500.jpg",500,500,true],"meccarouselthumb":["https:\/\/imagazine.it\/wp-content\/uploads\/2026\/04\/corso2026foto-474x324.jpg",474,324,true],"gridsquare":["https:\/\/imagazine.it\/wp-content\/uploads\/2026\/04\/corso2026foto-391x260.jpg",391,260,true],"tileview":["https:\/\/imagazine.it\/wp-content\/uploads\/2026\/04\/corso2026foto-300x400.jpg",300,400,true],"1536x1536":["https:\/\/imagazine.it\/wp-content\/uploads\/2026\/04\/corso2026foto.jpg",1366,605,false],"2048x2048":["https:\/\/imagazine.it\/wp-content\/uploads\/2026\/04\/corso2026foto.jpg",1366,605,false],"newsup-slider-full":["https:\/\/imagazine.it\/wp-content\/uploads\/2026\/04\/corso2026foto-1280x605.jpg",1280,605,true],"newsup-featured":["https:\/\/imagazine.it\/wp-content\/uploads\/2026\/04\/corso2026foto-1024x454.jpg",1024,454,true],"newsup-medium":["https:\/\/imagazine.it\/wp-content\/uploads\/2026\/04\/corso2026foto-720x380.jpg",720,380,true],"tptn_thumbnail":["https:\/\/imagazine.it\/wp-content\/uploads\/2026\/04\/corso2026foto-250x210.jpg",250,210,true],"sow-carousel-default":["https:\/\/imagazine.it\/wp-content\/uploads\/2026\/04\/corso2026foto-272x182.jpg",272,182,true]},"rttpg_author":{"display_name":"redazione","author_link":"https:\/\/imagazine.it\/home_desk\/author\/redazione\/"},"rttpg_comment":0,"rttpg_category":"<a href=\"https:\/\/imagazine.it\/home_desk\/category\/attualita\/\" rel=\"category tag\">ATTUALIT\u00c0<\/a>","rttpg_excerpt":"Concluso alla Croce Verde Basso Friuli il corso di rianimazione cardiopolmonare, il primo dopo la scomparsa della storica volontaria. Coinvolti 29 cittadini","_links":{"self":[{"href":"https:\/\/imagazine.it\/home_desk\/wp-json\/wp\/v2\/posts\/73601","targetHints":{"allow":["GET"]}}],"collection":[{"href":"https:\/\/imagazine.it\/home_desk\/wp-json\/wp\/v2\/posts"}],"about":[{"href":"https:\/\/imagazine.it\/home_desk\/wp-json\/wp\/v2\/types\/post"}],"author":[{"embeddable":true,"href":"https:\/\/imagazine.it\/home_desk\/wp-json\/wp\/v2\/users\/28"}],"replies":[{"embeddable":true,"href":"https:\/\/imagazine.it\/home_desk\/wp-json\/wp\/v2\/comments?post=73601"}],"version-history":[{"count":2,"href":"https:\/\/imagazine.it\/home_desk\/wp-json\/wp\/v2\/posts\/73601\/revisions"}],"predecessor-version":[{"id":73605,"href":"https:\/\/imagazine.it\/home_desk\/wp-json\/wp\/v2\/posts\/73601\/revisions\/73605"}],"wp:featuredmedia":[{"embeddable":true,"href":"https:\/\/imagazine.it\/home_desk\/wp-json\/wp\/v2\/media\/73603"}],"wp:attachment":[{"href":"https:\/\/imagazine.it\/home_desk\/wp-json\/wp\/v2\/media?parent=73601"}],"wp:term":[{"taxonomy":"category","embeddable":true,"href":"https:\/\/imagazine.it\/home_desk\/wp-json\/wp\/v2\/categories?post=73601"},{"taxonomy":"post_tag","embeddable":true,"href":"https:\/\/imagazine.it\/home_desk\/wp-json\/wp\/v2\/tags?post=73601"}],"curies":[{"name":"wp","href":"https:\/\/api.w.org\/{rel}","templated":true}]}}