{"id":73590,"date":"2026-04-28T17:27:40","date_gmt":"2026-04-28T15:27:40","guid":{"rendered":"https:\/\/imagazine.it\/home_desk\/?p=73590"},"modified":"2026-04-28T17:27:40","modified_gmt":"2026-04-28T15:27:40","slug":"special-olympics-la-fiamma-della-speranza-verso-lignano","status":"publish","type":"post","link":"https:\/\/imagazine.it\/home_desk\/special-olympics-la-fiamma-della-speranza-verso-lignano\/","title":{"rendered":"Special Olympics: la Fiamma della Speranza verso Lignano"},"content":{"rendered":"<h6>La partenza della Fiamma della Speranza da L&#8217;Aquila<\/h6>\n<p>&nbsp;<\/p>\n<p>L\u2019AQUILA<strong> \u2013\u00a0<\/strong>Questa mattina ha preso il via da L\u2019Aquila il viaggio della\u00a0<strong>Fiamma della Speranza<\/strong>\u00a0che,\u00a0<strong>dal 19 al 24 maggio<\/strong>, arder\u00e0 sul tripode di\u00a0<strong>Lignano Sabbiadoro <\/strong>in occasione della\u00a0<strong>41\u00aa edizione<\/strong>\u00a0dei\u00a0<strong>Giochi Nazionali Estivi &#8211; Special Olympics<\/strong>.<\/p>\n<p>La <em>Torch Run<\/em> impegner\u00e0 progressivamente 150 runners con e senza disabilit\u00e0 intellettive.<\/p>\n<p>Il percorso conclusivo in Friuli Venezia Giulia attraverser\u00e0 tre capoluoghi di provincia \u2013\u00a0<strong>Pordenone<\/strong>\u00a0(<strong>7 maggio<\/strong>),\u00a0<strong>Trieste<\/strong>\u00a0(<strong>8 maggio<\/strong>) e\u00a0<strong>Udine<\/strong>\u00a0(<strong>12 maggio<\/strong>) \u2013 dopo aver toccato altre due regioni italiane \u2013 Abruzzo e Veneto \u2013 coinvolgendo nel suo tragitto anche Portogruaro (5 maggio) e Bibione (6 maggio).<\/p>\n<p>Tappa dopo tappa, scuole, associazioni, famiglie e cittadini saranno protagonisti di momenti di festa e condivisione, fino all\u2019approdo culmine del <strong>20 maggio<\/strong> allo stadio Guido Teghil, in occasione della <strong>cerimonia di apertura<\/strong>, quando proprio l\u2019accensione del tripode segner\u00e0 ufficialmente l\u2019inizio dei Giochi Nazionali.<\/p>\n<p>Confermate, intanto, la rappresentanza regionale a Lignano (la delegazione FVG sar\u00e0 caratterizzata da circa 150 unit\u00e0 in rappresentanza di dieci sodalizi) e anche le sedi di gara (per tutte le discipline all\u2019aperto, grazie alla disponibilit\u00e0 dei Comuni limitrofi, il comitato organizzatore presieduto da Giuliano Clinori ha previsto un piano B in caso di maltempo).<\/p>\n<p>Queste le societ\u00e0 del Friuli Venezia Giulia: Asd Accademia Danze Trieste, Asd Aps Acquamarina Team Trieste, Asd Bocciofila Osoppana (Osoppo), Team Adria 1877 (Trieste), Team Cest Trieste, Asd Fai Sport (Cervignano del Friuli), Asd. Flic Flac (Prata di Pordenone), Asd Giuliano Schultz Odv (Gradisca d\u2019Isonzo), Asd Oltre Lo Sport Aps (Udine) e Asd Sci Club Due Monfalcone-Ronchi.<\/p>\n<p>La partecipazione alla <em>kermesse<\/em> \u00e8 riservata ad atleti con disabilit\u00e0 intellettive a partire dagli otto anni e da atleti senza disabilit\u00e0 intellettive per tutte le discipline sportive che prevedono lo Sport Unificato.<\/p>\n<h3><strong>Il Movimento Special Olympics in Italia<\/strong><\/h3>\n<p>Sono oltre 12mila gli atleti di Special Olympics in Italia. La partecipazione alle gare \u00e8 riservata, senza limiti di et\u00e0, a partire dagli 8 anni. Dai 2 ai 7 anni, invece, si \u00e8 coinvolti nel Young Athletes Program (YAP), programma di attivit\u00e0 motorio e di introduzione allo sport.<\/p>\n<p>Ognuno \u00e8 diverso con le sue grandi potenzialit\u00e0 da valorizzare.<\/p>\n<p>Special Olympics offre l\u2019opportunit\u00e0 di mettersi in gioco prima di tutto con s\u00e9 stessi, gareggiando per livelli di abilit\u00e0. Molti iniziano praticando un solo sport, poi ne provano altri e spesso diventano atleti multidisciplinari.<\/p>\n<p>Attraverso la pratica sportiva imparano a vedersi per le loro capacit\u00e0 e insegnano a chi li osserva a fare lo stesso. Sono fiduciosi e pieni di energia profusa dalle loro stesse conquiste, piccole o grandi che siano.<\/p>\n<p>Gli atleti Special Olympics sono parte integrante di una comunit\u00e0 globale e inclusiva che sta crescendo ogni giorno di pi\u00f9.<\/p>\n<p>Il loro mondo \u00e8 aperto a una moltitudine di opportunit\u00e0 che sono sempre pronti a cogliere con lo spirito giusto.<\/p>\n<h3><strong>Le discipline <\/strong><\/h3>\n<p>Saranno 21 le discipline sportive in gara nelle strutture di Lignano Sabbiadoro (con sconfinamenti anche nei Comuni amici di Cordovado, Bibione e Portogruaro), dove sono previste anche prove di Unified Sports\u00ae: atletica, badminton, basket, bocce, bowling, calcio, canottaggio, indoor rowing, danza sportiva, equitazione, ginnastica artistica e ritmica, golf, karate, judo, nuoto, open water, pallavolo, rugby, tennis, tennistavolo e, come prova, orienteering.<\/p>\n<h3>Lo sport unificato<\/h3>\n<p>La specificit\u00e0 del modello adottato da Special Olympics Unified Sports\u00a9 prevede che, all\u2019interno delle medesime squadre, siano presenti anche persone senza disabilit\u00e0 intellettive (atleti insieme ad atleti partner).<\/p>\n<p>La proposta sportiva diventa cos\u00ec realmente inclusiva e consente agli atleti di sperimentare un ambiente accogliente nel quale esprimere al meglio potenziali e le abilit\u00e0.<\/p>\n<h3><strong>La Cerimonia di Apertura<\/strong><\/h3>\n<p>L\u2019evento si terr\u00e0 il 20 maggio alle ore 21 allo stadio Teghil di Lignano Sabbiadoro. L\u2019ingresso delle delegazioni, musica e spettacolo faranno da cornice all\u2019arrivo della Fiamma della Speranza che terminer\u00e0 il suo viaggio con l\u2019accensione del tripode.<\/p>\n<p>Un momento simbolico di grande effetto attraverso il quale verranno proclamati ufficialmente aperti i Giochi.<\/p>\n","protected":false},"excerpt":{"rendered":"<p>Ha preso il via dall&#8217;Aquila il viaggio della torcia che il 20 maggio accender\u00e0 il tripode dello stadio Teghil per i Giochi Nazionali Estivi <\/p>\n","protected":false},"author":28,"featured_media":73591,"comment_status":"closed","ping_status":"closed","sticky":false,"template":"","format":"image","meta":{"dwc-title":[""],"dwc-content":[""],"footnotes":""},"categories":[38,157],"tags":[256,885,225],"class_list":["post-73590","post","type-post","status-publish","format-image","has-post-thumbnail","hentry","category-sport","category-sport-prima-pagina","tag-disabilita","tag-inclusione","tag-lignano","post_format-post-format-image"],"rttpg_featured_image_url":{"full":["https:\/\/imagazine.it\/wp-content\/uploads\/2026\/04\/fiamma-speranza-aquila.jpeg",1366,725,false],"landscape":["https:\/\/imagazine.it\/wp-content\/uploads\/2026\/04\/fiamma-speranza-aquila.jpeg",1366,725,false],"portraits":["https:\/\/imagazine.it\/wp-content\/uploads\/2026\/04\/fiamma-speranza-aquila.jpeg",1366,725,false],"thumbnail":["https:\/\/imagazine.it\/wp-content\/uploads\/2026\/04\/fiamma-speranza-aquila-150x150.jpeg",150,150,true],"medium":["https:\/\/imagazine.it\/wp-content\/uploads\/2026\/04\/fiamma-speranza-aquila-300x159.jpeg",300,159,true],"large":["https:\/\/imagazine.it\/wp-content\/uploads\/2026\/04\/fiamma-speranza-aquila-1024x543.jpeg",640,339,true],"thumblist":["https:\/\/imagazine.it\/wp-content\/uploads\/2026\/04\/fiamma-speranza-aquila-300x300.jpeg",300,300,true],"thumbrelated":["https:\/\/imagazine.it\/wp-content\/uploads\/2026\/04\/fiamma-speranza-aquila-500x500.jpeg",500,500,true],"meccarouselthumb":["https:\/\/imagazine.it\/wp-content\/uploads\/2026\/04\/fiamma-speranza-aquila-474x324.jpeg",474,324,true],"gridsquare":["https:\/\/imagazine.it\/wp-content\/uploads\/2026\/04\/fiamma-speranza-aquila-391x260.jpeg",391,260,true],"tileview":["https:\/\/imagazine.it\/wp-content\/uploads\/2026\/04\/fiamma-speranza-aquila-300x400.jpeg",300,400,true],"1536x1536":["https:\/\/imagazine.it\/wp-content\/uploads\/2026\/04\/fiamma-speranza-aquila.jpeg",1366,725,false],"2048x2048":["https:\/\/imagazine.it\/wp-content\/uploads\/2026\/04\/fiamma-speranza-aquila.jpeg",1366,725,false],"newsup-slider-full":["https:\/\/imagazine.it\/wp-content\/uploads\/2026\/04\/fiamma-speranza-aquila-1280x720.jpeg",1280,720,true],"newsup-featured":["https:\/\/imagazine.it\/wp-content\/uploads\/2026\/04\/fiamma-speranza-aquila-1024x543.jpeg",1024,543,true],"newsup-medium":["https:\/\/imagazine.it\/wp-content\/uploads\/2026\/04\/fiamma-speranza-aquila-720x380.jpeg",720,380,true],"tptn_thumbnail":["https:\/\/imagazine.it\/wp-content\/uploads\/2026\/04\/fiamma-speranza-aquila-250x210.jpeg",250,210,true],"sow-carousel-default":["https:\/\/imagazine.it\/wp-content\/uploads\/2026\/04\/fiamma-speranza-aquila-272x182.jpeg",272,182,true]},"rttpg_author":{"display_name":"redazione","author_link":"https:\/\/imagazine.it\/home_desk\/author\/redazione\/"},"rttpg_comment":0,"rttpg_category":"<a href=\"https:\/\/imagazine.it\/home_desk\/category\/sport\/\" rel=\"category tag\">SPORT<\/a> <a href=\"https:\/\/imagazine.it\/home_desk\/category\/prima-pagina\/sport-prima-pagina\/\" rel=\"category tag\">SPORT, PRIMA PAGINA<\/a>","rttpg_excerpt":"Ha preso il via dall'Aquila il viaggio della torcia che il 20 maggio accender\u00e0 il tripode dello stadio Teghil per i Giochi Nazionali Estivi","_links":{"self":[{"href":"https:\/\/imagazine.it\/home_desk\/wp-json\/wp\/v2\/posts\/73590","targetHints":{"allow":["GET"]}}],"collection":[{"href":"https:\/\/imagazine.it\/home_desk\/wp-json\/wp\/v2\/posts"}],"about":[{"href":"https:\/\/imagazine.it\/home_desk\/wp-json\/wp\/v2\/types\/post"}],"author":[{"embeddable":true,"href":"https:\/\/imagazine.it\/home_desk\/wp-json\/wp\/v2\/users\/28"}],"replies":[{"embeddable":true,"href":"https:\/\/imagazine.it\/home_desk\/wp-json\/wp\/v2\/comments?post=73590"}],"version-history":[{"count":2,"href":"https:\/\/imagazine.it\/home_desk\/wp-json\/wp\/v2\/posts\/73590\/revisions"}],"predecessor-version":[{"id":73593,"href":"https:\/\/imagazine.it\/home_desk\/wp-json\/wp\/v2\/posts\/73590\/revisions\/73593"}],"wp:featuredmedia":[{"embeddable":true,"href":"https:\/\/imagazine.it\/home_desk\/wp-json\/wp\/v2\/media\/73591"}],"wp:attachment":[{"href":"https:\/\/imagazine.it\/home_desk\/wp-json\/wp\/v2\/media?parent=73590"}],"wp:term":[{"taxonomy":"category","embeddable":true,"href":"https:\/\/imagazine.it\/home_desk\/wp-json\/wp\/v2\/categories?post=73590"},{"taxonomy":"post_tag","embeddable":true,"href":"https:\/\/imagazine.it\/home_desk\/wp-json\/wp\/v2\/tags?post=73590"}],"curies":[{"name":"wp","href":"https:\/\/api.w.org\/{rel}","templated":true}]}}