{"id":73580,"date":"2026-04-28T16:38:11","date_gmt":"2026-04-28T14:38:11","guid":{"rendered":"https:\/\/imagazine.it\/home_desk\/?p=73580"},"modified":"2026-04-28T16:38:11","modified_gmt":"2026-04-28T14:38:11","slug":"grado-rilancia-la-pastorale-del-turismo-2","status":"publish","type":"post","link":"https:\/\/imagazine.it\/home_desk\/grado-rilancia-la-pastorale-del-turismo-2\/","title":{"rendered":"Grado rilancia la pastorale del turismo"},"content":{"rendered":"<h6>La Basilica delle Grazie di Grado<\/h6>\n<p>&nbsp;<\/p>\n<p>GRADO \u2013 Con lo sguardo rivolto alla stagione estiva 2026, la <strong>Parrocchia di Sant&#8217;Eufemia<\/strong> presenta ufficialmente il proprio programma pastorale, delineando un\u2019offerta che si integra nel calendario cittadino con un obiettivo preciso: trasformare il tempo della vacanza in un\u2019esperienza di coscienza.<\/p>\n<p>Il concetto cardine \u00e8 quello della <strong>pastorale del turismo<\/strong>, un approccio che riconosce nel tempo libero una disponibilit\u00e0 privilegiata all\u2019incontro e alla bellezza.<\/p>\n<p>La Chiesa gradese sceglie di non restare in attesa, ma di farsi presenza attiva per offrire occasioni di riflessione che vadano oltre il mero intrattenimento.<\/p>\n<p>Il calendario si sviluppa attorno a tre dimensioni essenziali: la \u201c<em>Bellezza<\/em>\u201d attraverso la musica, l\u2019arte, la cultura che abitano le basiliche; la \u201c<em>Profondit\u00e0<\/em>\u201d con momenti di preghiera, adorazione, lectio, pellegrinaggi; la \u201c<em>Comunit\u00e0<\/em> che diventa casa per chi arriva, anche solo per pochi giorni.<\/p>\n<p>Le celebrazioni liturgiche interesseranno non solo il cuore storico, ma anche le aree di Citt\u00e0 Giardino e Grado Pineta, per abbracciare sia i residenti che i turisti stagionali.<\/p>\n<p>In una terra di confine e di mare, la Parrocchia ribadisce la volont\u00e0 di non limitarsi a fornire servizi, ma di costruire una comunit\u00e0 che accoglie.<\/p>\n<p>A partire <strong>dal 4 giugno e fino all\u201911 settembre<\/strong>, la <strong>Basilica<\/strong> <strong>di Sant&#8217;Eufemia<\/strong> si trasformer\u00e0 ogni marted\u00ec e gioved\u00ec alle ore 21 in un palcoscenico per la <strong>rassegna di musica e concerti<\/strong>.<\/p>\n<p>Un calendario ricco che vedr\u00e0 protagoniste numerose associazioni musicali del territorio e provenienti da tutta la regione.<\/p>\n<p>Il mercoled\u00ec sera sar\u00e0 invece dedicato alla <strong>dimensione contemplativa<\/strong>. <strong>Dal 17 giugno al 26 agosto<\/strong>, a partire dalle 20.30, lo spazio sacro ospiter\u00e0 l\u2019<strong>Adorazione<\/strong> <strong>Eucaristica<\/strong> e la \u201c<strong><em>Lectio Divina<\/em><\/strong>\u201d. Si tratter\u00e0 di appuntamenti settimanali pensati per offrire un\u2019oasi di silenzio, preghiera e ascolto della Parola nel cuore della stagione estiva.<\/p>\n<p>L\u2019evento di maggiore rilievo simbolico e devozionale resta per\u00f2 rappresentato dai <strong>pellegrinaggi notturni verso l\u2019isola di Barbana<\/strong>. Quattro date da segnare in agenda, tutte di luned\u00ec: 20 luglio (ore 20.30), 10 agosto (ore 20.30), 17 agosto (ore 20.30), 7 settembre (ore 20).<\/p>\n<p>L&#8217;estate del 2026 a Grado si preannuncia come un lungo viaggio tra terra e mare, dove il sacro si mescola alla brezza dell&#8217;Adriatico. Tutto inizia a giugno nella <strong>Messa all\u2019Alba<\/strong> del 21 giugno: trovarsi sul <strong>Lungomare Nazario Sauro<\/strong> alle 5.30 significa accogliere il solstizio in un clima di pace assoluta, prima che la citt\u00e0 si svegli.<\/p>\n<p>\u00c8 l&#8217;antipasto spirituale che prepara ai grandi riti, come il <em>Corpus Domini<\/em> e la devozione a Sant\u2019Antonio, con la tradizionale benedizione dei gigli che profuma la Basilica.<\/p>\n<p>Il cuore pulsante dell&#8217;estate batte per\u00f2 a luglio. Il <em>Perd\u00f3n de Barbana<\/em> non \u00e8 solo una data sul calendario (il <strong>5 luglio<\/strong>), ma l&#8217;essenza stessa di Grado: quel legame indissolubile con la sua laguna che parte gi\u00e0 il giorno prima, il <em>Sabo Grando<\/em>, tra canti e litanie.<\/p>\n<p>Ma siccome a Grado la fede sa farsi gioia conviviale, luglio \u00e8 anche il mese della <em>Sardelada<\/em>. Per due weekend, il <strong>Campo Patriarca Elia<\/strong> si riempie del profumo delle sarde scottate, celebrando prima i patroni Ermagora e Fortunato e poi la piena estate, in un rito laico che unisce residenti e turisti attorno alla tavola.<\/p>\n<p>Verso la fine della stagione, l&#8217;attenzione si sposta sulla gratitudine. Dopo il caos gioioso del Ferragosto (la Giornata del Villeggiante), il ritmo rallenta. Si arriva cos\u00ec a met\u00e0 settembre, quando la Memoria di Sant\u2019Eufemia chiude idealmente il cerchio: una messa di ringraziamento dedicata ai volontari, le braccia e il cuore che permettono a questa macchina complessa di fede e divertimento di funzionare ogni anno.<\/p>\n<h3>Le messe estive<\/h3>\n<p>Ecco un riepilogo dettagliato degli orari delle Sante Messe per l&#8217;estate 2026 (dal 23 maggio al 6 settembre), suddivisi per chiesa:<\/p>\n<ul>\n<li><strong>Basilica di Sant&#8217;Eufemia<\/strong><\/li>\n<li><strong>Luned\u00ec &#8211; Venerd\u00ec:<\/strong> 08.30 e 18.30 (Rosario mezz&#8217;ora prima).<\/li>\n<\/ul>\n<ul>\n<li><em>Nota:<\/em> Il gioved\u00ec alle 17.00 c&#8217;\u00e8 il Rosario meditato per la famiglia.<\/li>\n<\/ul>\n<ul>\n<li><strong>Sabato e Prefestivi:<\/strong> 18.30 (Rosario alle 18.00).<\/li>\n<li><strong>Domenica e Festivi:<\/strong><\/li>\n<\/ul>\n<ul>\n<li>30 (Attenzione: il <strong>5 luglio<\/strong> l&#8217;orario \u00e8 anticipato alle 08.00).<\/li>\n<li>30 (in lingua latina, animata dalla Corale &#8220;Santa Cecilia&#8221;).<\/li>\n<li>30.<\/li>\n<li>00 (solo dal 5 luglio al 30 agosto).<\/li>\n<\/ul>\n<ul>\n<li><strong>Chiesa di San Crisogono (Citt\u00e0 Giardino)<\/strong><\/li>\n<\/ul>\n<ul>\n<li><strong>Sabato:<\/strong> 20.30 (animata dal Coro &#8220;don Luigi Pontel&#8221;).<\/li>\n<li><strong>Domenica e Festivi:<\/strong> 07.30.<\/li>\n<li><strong>Casa Serena (Isola della Schiusa):<\/strong> 09.50 (ogni luned\u00ec).<\/li>\n<li><strong>Ospizio Marino:<\/strong> 19.30 (ogni venerd\u00ec).<\/li>\n<\/ul>\n<ul>\n<li><strong>Chiesa di San Marco (Fossalon)<\/strong><\/li>\n<\/ul>\n<ul>\n<li><strong>Marted\u00ec e Gioved\u00ec:<\/strong> 17.30.<\/li>\n<li><strong>Domenica e Festivi:<\/strong> 10.00.<\/li>\n<\/ul>\n<ul>\n<li><strong>Altre Cappelle e Chiese<\/strong><\/li>\n<\/ul>\n<ul>\n<li><strong>Cappella di San Francesco (Pineta):<\/strong> Domenica e festivi alle 09.00.<\/li>\n<li><strong>Chiesa del Sacro Cuore (Via Roma):<\/strong> Domenica e festivi alle 07.00 (servizio attivo dal 28 giugno).<\/li>\n<\/ul>\n","protected":false},"excerpt":{"rendered":"<p>Trasformare il tempo della vacanza in un\u2019esperienza di coscienza: ecco tutti gli appuntamenti promossi dalla parrocchia gradese<\/p>\n","protected":false},"author":22,"featured_media":69102,"comment_status":"closed","ping_status":"closed","sticky":false,"template":"","format":"image","meta":{"dwc-title":[""],"dwc-content":[""],"footnotes":""},"categories":[6],"tags":[939,174,999],"class_list":["post-73580","post","type-post","status-publish","format-image","has-post-thumbnail","hentry","category-societa","tag-chiesa","tag-grado","tag-turismo","post_format-post-format-image"],"rttpg_featured_image_url":{"full":["https:\/\/imagazine.it\/wp-content\/uploads\/2025\/10\/Il-Catafalco-della-Basilica-delle-Grazie-02.jpg",800,673,false],"landscape":["https:\/\/imagazine.it\/wp-content\/uploads\/2025\/10\/Il-Catafalco-della-Basilica-delle-Grazie-02.jpg",800,673,false],"portraits":["https:\/\/imagazine.it\/wp-content\/uploads\/2025\/10\/Il-Catafalco-della-Basilica-delle-Grazie-02.jpg",800,673,false],"thumbnail":["https:\/\/imagazine.it\/wp-content\/uploads\/2025\/10\/Il-Catafalco-della-Basilica-delle-Grazie-02-150x150.jpg",150,150,true],"medium":["https:\/\/imagazine.it\/wp-content\/uploads\/2025\/10\/Il-Catafalco-della-Basilica-delle-Grazie-02-300x252.jpg",300,252,true],"large":["https:\/\/imagazine.it\/wp-content\/uploads\/2025\/10\/Il-Catafalco-della-Basilica-delle-Grazie-02.jpg",640,538,false],"thumblist":["https:\/\/imagazine.it\/wp-content\/uploads\/2025\/10\/Il-Catafalco-della-Basilica-delle-Grazie-02-300x300.jpg",300,300,true],"thumbrelated":["https:\/\/imagazine.it\/wp-content\/uploads\/2025\/10\/Il-Catafalco-della-Basilica-delle-Grazie-02-500x500.jpg",500,500,true],"meccarouselthumb":["https:\/\/imagazine.it\/wp-content\/uploads\/2025\/10\/Il-Catafalco-della-Basilica-delle-Grazie-02-474x324.jpg",474,324,true],"gridsquare":["https:\/\/imagazine.it\/wp-content\/uploads\/2025\/10\/Il-Catafalco-della-Basilica-delle-Grazie-02-391x260.jpg",391,260,true],"tileview":["https:\/\/imagazine.it\/wp-content\/uploads\/2025\/10\/Il-Catafalco-della-Basilica-delle-Grazie-02-300x400.jpg",300,400,true],"1536x1536":["https:\/\/imagazine.it\/wp-content\/uploads\/2025\/10\/Il-Catafalco-della-Basilica-delle-Grazie-02.jpg",800,673,false],"2048x2048":["https:\/\/imagazine.it\/wp-content\/uploads\/2025\/10\/Il-Catafalco-della-Basilica-delle-Grazie-02.jpg",800,673,false],"newsup-slider-full":["https:\/\/imagazine.it\/wp-content\/uploads\/2025\/10\/Il-Catafalco-della-Basilica-delle-Grazie-02.jpg",800,673,false],"newsup-featured":["https:\/\/imagazine.it\/wp-content\/uploads\/2025\/10\/Il-Catafalco-della-Basilica-delle-Grazie-02.jpg",800,673,false],"newsup-medium":["https:\/\/imagazine.it\/wp-content\/uploads\/2025\/10\/Il-Catafalco-della-Basilica-delle-Grazie-02-720x380.jpg",720,380,true],"tptn_thumbnail":["https:\/\/imagazine.it\/wp-content\/uploads\/2025\/10\/Il-Catafalco-della-Basilica-delle-Grazie-02-250x210.jpg",250,210,true],"sow-carousel-default":["https:\/\/imagazine.it\/wp-content\/uploads\/2025\/10\/Il-Catafalco-della-Basilica-delle-Grazie-02-272x182.jpg",272,182,true]},"rttpg_author":{"display_name":"Livio Nonis","author_link":"https:\/\/imagazine.it\/home_desk\/author\/nonis\/"},"rttpg_comment":0,"rttpg_category":"<a href=\"https:\/\/imagazine.it\/home_desk\/category\/societa\/\" rel=\"category tag\">SOCIET\u00c0<\/a>","rttpg_excerpt":"Trasformare il tempo della vacanza in un\u2019esperienza di coscienza: ecco tutti gli appuntamenti promossi dalla parrocchia gradese","_links":{"self":[{"href":"https:\/\/imagazine.it\/home_desk\/wp-json\/wp\/v2\/posts\/73580","targetHints":{"allow":["GET"]}}],"collection":[{"href":"https:\/\/imagazine.it\/home_desk\/wp-json\/wp\/v2\/posts"}],"about":[{"href":"https:\/\/imagazine.it\/home_desk\/wp-json\/wp\/v2\/types\/post"}],"author":[{"embeddable":true,"href":"https:\/\/imagazine.it\/home_desk\/wp-json\/wp\/v2\/users\/22"}],"replies":[{"embeddable":true,"href":"https:\/\/imagazine.it\/home_desk\/wp-json\/wp\/v2\/comments?post=73580"}],"version-history":[{"count":2,"href":"https:\/\/imagazine.it\/home_desk\/wp-json\/wp\/v2\/posts\/73580\/revisions"}],"predecessor-version":[{"id":73583,"href":"https:\/\/imagazine.it\/home_desk\/wp-json\/wp\/v2\/posts\/73580\/revisions\/73583"}],"wp:featuredmedia":[{"embeddable":true,"href":"https:\/\/imagazine.it\/home_desk\/wp-json\/wp\/v2\/media\/69102"}],"wp:attachment":[{"href":"https:\/\/imagazine.it\/home_desk\/wp-json\/wp\/v2\/media?parent=73580"}],"wp:term":[{"taxonomy":"category","embeddable":true,"href":"https:\/\/imagazine.it\/home_desk\/wp-json\/wp\/v2\/categories?post=73580"},{"taxonomy":"post_tag","embeddable":true,"href":"https:\/\/imagazine.it\/home_desk\/wp-json\/wp\/v2\/tags?post=73580"}],"curies":[{"name":"wp","href":"https:\/\/api.w.org\/{rel}","templated":true}]}}