{"id":73575,"date":"2026-04-25T15:54:43","date_gmt":"2026-04-25T13:54:43","guid":{"rendered":"https:\/\/imagazine.it\/home_desk\/?p=73575"},"modified":"2026-04-28T16:04:37","modified_gmt":"2026-04-28T14:04:37","slug":"una-campana-nuova-per-le-celebrazioni-di-scodovacca","status":"publish","type":"post","link":"https:\/\/imagazine.it\/home_desk\/una-campana-nuova-per-le-celebrazioni-di-scodovacca\/","title":{"rendered":"Una campana nuova per le celebrazioni di Scodovacca"},"content":{"rendered":"<h6>La campana in bronzo donata dalla comunit\u00e0 di Cervignano<\/h6>\n<p>&nbsp;<\/p>\n<p>CERVIGNANO DEL FRIULI \u2013 Il 25 aprile la <strong>comunit\u00e0 di Scodovacca<\/strong> celebra solennemente il proprio patrono, <strong>San Marco evangelista<\/strong>.<\/p>\n<p>Alla messa, presieduta dal parroco <strong>don Sinuhe Marotta<\/strong>, hanno concelebrato i sacerdoti dell\u2019Unit\u00e0 Pastorale.<\/p>\n<p>L&#8217;occasione \u00e8 stata resa ancora pi\u00f9 speciale dall&#8217;<strong>inaugurazione<\/strong> <strong>della piccola campana donata dalla comunit\u00e0 di Cervignano<\/strong>.<\/p>\n<p>Il nuovo bronzo d\u2019ora in avanti scandir\u00e0 l\u2019inizio di ogni funzione religiosa.<\/p>\n<p>Pur trattandosi di una realt\u00e0 numericamente contenuta, Scodovacca continua a custodire con dedizione le proprie tradizioni, espressione di un&#8217;identit\u00e0 e di un senso di appartenenza che si manifestano con entusiasmo sia nelle celebrazioni solenni sia nei momenti di festa.<\/p>\n<p>Come da tradizione, nel pomeriggio sono stati celebrati i vespri e al termine della funzione ha avuto luogo un convivio comunitario, momento in cui l&#8217;intera collettivit\u00e0 si \u00e8 ritrovata per condividere un tempo di fraternit\u00e0 e di festa.<\/p>\n<figure id=\"attachment_73576\" aria-describedby=\"caption-attachment-73576\" style=\"width: 800px\" class=\"wp-caption aligncenter\"><img loading=\"lazy\" decoding=\"async\" class=\"size-full wp-image-73576\" src=\"https:\/\/imagazine.it\/wp-content\/uploads\/2026\/04\/scodovacca-san-marco-04.jpg\" alt=\"\" width=\"800\" height=\"602\" title=\"\" srcset=\"https:\/\/imagazine.it\/wp-content\/uploads\/2026\/04\/scodovacca-san-marco-04.jpg 800w, https:\/\/imagazine.it\/wp-content\/uploads\/2026\/04\/scodovacca-san-marco-04-300x226.jpg 300w, https:\/\/imagazine.it\/wp-content\/uploads\/2026\/04\/scodovacca-san-marco-04-768x578.jpg 768w\" sizes=\"auto, (max-width: 800px) 100vw, 800px\" \/><figcaption id=\"caption-attachment-73576\" class=\"wp-caption-text\">I sacerdoti durante la celebrazione<\/figcaption><\/figure>\n","protected":false},"excerpt":{"rendered":"<p>Donata dalla comunit\u00e0 di Cervignano in occasione della festa patronale di San Marco. Realizzata in bronzo scandir\u00e0 le funzioni<\/p>\n","protected":false},"author":22,"featured_media":73577,"comment_status":"closed","ping_status":"closed","sticky":false,"template":"","format":"image","meta":{"dwc-title":[""],"dwc-content":[""],"footnotes":""},"categories":[5],"tags":[119,939,395,419],"class_list":["post-73575","post","type-post","status-publish","format-image","has-post-thumbnail","hentry","category-attualita","tag-cervignano","tag-chiesa","tag-scodovacca","tag-tradizioni","post_format-post-format-image"],"rttpg_featured_image_url":{"full":["https:\/\/imagazine.it\/wp-content\/uploads\/2026\/04\/scodovacca-san-marco-la-nuova-campana-01.jpg",1366,784,false],"landscape":["https:\/\/imagazine.it\/wp-content\/uploads\/2026\/04\/scodovacca-san-marco-la-nuova-campana-01.jpg",1366,784,false],"portraits":["https:\/\/imagazine.it\/wp-content\/uploads\/2026\/04\/scodovacca-san-marco-la-nuova-campana-01.jpg",1366,784,false],"thumbnail":["https:\/\/imagazine.it\/wp-content\/uploads\/2026\/04\/scodovacca-san-marco-la-nuova-campana-01-150x150.jpg",150,150,true],"medium":["https:\/\/imagazine.it\/wp-content\/uploads\/2026\/04\/scodovacca-san-marco-la-nuova-campana-01-300x172.jpg",300,172,true],"large":["https:\/\/imagazine.it\/wp-content\/uploads\/2026\/04\/scodovacca-san-marco-la-nuova-campana-01-1024x588.jpg",640,368,true],"thumblist":["https:\/\/imagazine.it\/wp-content\/uploads\/2026\/04\/scodovacca-san-marco-la-nuova-campana-01-300x300.jpg",300,300,true],"thumbrelated":["https:\/\/imagazine.it\/wp-content\/uploads\/2026\/04\/scodovacca-san-marco-la-nuova-campana-01-500x500.jpg",500,500,true],"meccarouselthumb":["https:\/\/imagazine.it\/wp-content\/uploads\/2026\/04\/scodovacca-san-marco-la-nuova-campana-01-474x324.jpg",474,324,true],"gridsquare":["https:\/\/imagazine.it\/wp-content\/uploads\/2026\/04\/scodovacca-san-marco-la-nuova-campana-01-391x260.jpg",391,260,true],"tileview":["https:\/\/imagazine.it\/wp-content\/uploads\/2026\/04\/scodovacca-san-marco-la-nuova-campana-01-300x400.jpg",300,400,true],"1536x1536":["https:\/\/imagazine.it\/wp-content\/uploads\/2026\/04\/scodovacca-san-marco-la-nuova-campana-01.jpg",1366,784,false],"2048x2048":["https:\/\/imagazine.it\/wp-content\/uploads\/2026\/04\/scodovacca-san-marco-la-nuova-campana-01.jpg",1366,784,false],"newsup-slider-full":["https:\/\/imagazine.it\/wp-content\/uploads\/2026\/04\/scodovacca-san-marco-la-nuova-campana-01-1280x720.jpg",1280,720,true],"newsup-featured":["https:\/\/imagazine.it\/wp-content\/uploads\/2026\/04\/scodovacca-san-marco-la-nuova-campana-01-1024x588.jpg",1024,588,true],"newsup-medium":["https:\/\/imagazine.it\/wp-content\/uploads\/2026\/04\/scodovacca-san-marco-la-nuova-campana-01-720x380.jpg",720,380,true],"tptn_thumbnail":["https:\/\/imagazine.it\/wp-content\/uploads\/2026\/04\/scodovacca-san-marco-la-nuova-campana-01-250x210.jpg",250,210,true],"sow-carousel-default":["https:\/\/imagazine.it\/wp-content\/uploads\/2026\/04\/scodovacca-san-marco-la-nuova-campana-01-272x182.jpg",272,182,true]},"rttpg_author":{"display_name":"Livio Nonis","author_link":"https:\/\/imagazine.it\/home_desk\/author\/nonis\/"},"rttpg_comment":0,"rttpg_category":"<a href=\"https:\/\/imagazine.it\/home_desk\/category\/attualita\/\" rel=\"category tag\">ATTUALIT\u00c0<\/a>","rttpg_excerpt":"Donata dalla comunit\u00e0 di Cervignano in occasione della festa patronale di San Marco. Realizzata in bronzo scandir\u00e0 le funzioni","_links":{"self":[{"href":"https:\/\/imagazine.it\/home_desk\/wp-json\/wp\/v2\/posts\/73575","targetHints":{"allow":["GET"]}}],"collection":[{"href":"https:\/\/imagazine.it\/home_desk\/wp-json\/wp\/v2\/posts"}],"about":[{"href":"https:\/\/imagazine.it\/home_desk\/wp-json\/wp\/v2\/types\/post"}],"author":[{"embeddable":true,"href":"https:\/\/imagazine.it\/home_desk\/wp-json\/wp\/v2\/users\/22"}],"replies":[{"embeddable":true,"href":"https:\/\/imagazine.it\/home_desk\/wp-json\/wp\/v2\/comments?post=73575"}],"version-history":[{"count":2,"href":"https:\/\/imagazine.it\/home_desk\/wp-json\/wp\/v2\/posts\/73575\/revisions"}],"predecessor-version":[{"id":73579,"href":"https:\/\/imagazine.it\/home_desk\/wp-json\/wp\/v2\/posts\/73575\/revisions\/73579"}],"wp:featuredmedia":[{"embeddable":true,"href":"https:\/\/imagazine.it\/home_desk\/wp-json\/wp\/v2\/media\/73577"}],"wp:attachment":[{"href":"https:\/\/imagazine.it\/home_desk\/wp-json\/wp\/v2\/media?parent=73575"}],"wp:term":[{"taxonomy":"category","embeddable":true,"href":"https:\/\/imagazine.it\/home_desk\/wp-json\/wp\/v2\/categories?post=73575"},{"taxonomy":"post_tag","embeddable":true,"href":"https:\/\/imagazine.it\/home_desk\/wp-json\/wp\/v2\/tags?post=73575"}],"curies":[{"name":"wp","href":"https:\/\/api.w.org\/{rel}","templated":true}]}}