{"id":73550,"date":"2026-04-27T18:09:22","date_gmt":"2026-04-27T16:09:22","guid":{"rendered":"https:\/\/imagazine.it\/home_desk\/?p=73550"},"modified":"2026-04-27T18:09:22","modified_gmt":"2026-04-27T16:09:22","slug":"street-art-per-raccontare-la-storia-di-muggia","status":"publish","type":"post","link":"https:\/\/imagazine.it\/home_desk\/street-art-per-raccontare-la-storia-di-muggia\/","title":{"rendered":"Street art per raccontare la storia di Muggia"},"content":{"rendered":"<p>&nbsp;<\/p>\n<p>MUGGIA \u2013 \u00c8 stata inaugurata questa mattina l\u2019opera di <em>street art<\/em> alle porte di Muggia che racconta la storia della citt\u00e0.<\/p>\n<p>Un <strong>murale lungo 95 metri e alto 4,2<\/strong>, realizzato dal Comune di Muggia, attraverso l\u2019intervento dell\u2019artista <strong>Davide Comelli<\/strong>, insieme a <strong>Mattia Campo Dall\u2019Orto<\/strong>.<\/p>\n<p>L\u2019area individuata \u00e8 stata quella dell\u2019ex cantiere Felszegi (oggi san Rocco) e la strada \u00e8 via Trieste, una delle principali arterie di accesso a Muggia.<\/p>\n<p>All\u2019inaugurazione hanno preso parte il sindaco <strong>Paolo Polidori<\/strong>, il vicesindaco <strong>Nicola Delconte<\/strong> e gli assessori <strong>Andrea Mariucci<\/strong>, <strong>Giorgio De Sanctis<\/strong>, <strong>Alessandra Orlando<\/strong> ed <strong>Elisabetta Steff\u00e8<\/strong>.<\/p>\n<p>Il percorso di ricerca ha visto nella sua prima fase la raccolta di immagini storiche per definire e raccontare le diverse tematiche.<\/p>\n<p>Come fonti sono state utilizzate l\u2019archivio storico della biblioteca comunale, le documentazioni del Museo Car\u00e0 e raccolte private che testimoniano la vita del cantiere e della citt\u00e0 nelle diverse epoche.<\/p>\n<p>Tra i temi scelti ampio spazio \u00e8 stato dato alla cantieristica navale, che \u00e8 stata fondamentale nella storia della citt\u00e0 e del suo sviluppo.<\/p>\n<p>Tra le figure individuate e inserite nell\u2019opera; ci sono anche immagini che parlano del Mandracchio, considerando che Muggia \u00e8 una delle poche citt\u00e0 del Mediterraneo ad avere un Mandracchio che non sia stato interrato e ancora utilizzato.<\/p>\n<p><img loading=\"lazy\" decoding=\"async\" class=\"aligncenter size-full wp-image-73552\" src=\"https:\/\/imagazine.it\/wp-content\/uploads\/2026\/04\/murale1.jpg\" alt=\"\" width=\"800\" height=\"602\" title=\"\" srcset=\"https:\/\/imagazine.it\/wp-content\/uploads\/2026\/04\/murale1.jpg 800w, https:\/\/imagazine.it\/wp-content\/uploads\/2026\/04\/murale1-300x226.jpg 300w, https:\/\/imagazine.it\/wp-content\/uploads\/2026\/04\/murale1-768x578.jpg 768w\" sizes=\"auto, (max-width: 800px) 100vw, 800px\" \/><\/p>\n<p>Valorizzata anche la figura di Ugo Car\u00e0, il legame con la citt\u00e0 e la Repubblica di Venezia e il rapporto tra Muggia e il suo mare.<\/p>\n<p>Ai disegni lungo tutta la parete del cantiere si aggiungono tocchi di colore, in diversi punti della narrazione, che rappresentano un omaggio al Carnevale.<\/p>\n","protected":false},"excerpt":{"rendered":"<p>Inaugurato il murale di Davide Comelli e Mattia Campo Dall\u2019Orto commissionato dal Comune. Dalla cantieristica al carnevale ecco i temi raffigurati<\/p>\n","protected":false},"author":28,"featured_media":73551,"comment_status":"closed","ping_status":"closed","sticky":false,"template":"","format":"image","meta":{"dwc-title":[""],"dwc-content":[""],"footnotes":""},"categories":[6,183],"tags":[874,1848],"class_list":["post-73550","post","type-post","status-publish","format-image","has-post-thumbnail","hentry","category-societa","category-societa-prima-pagina","tag-muggia","tag-street-art","post_format-post-format-image"],"rttpg_featured_image_url":{"full":["https:\/\/imagazine.it\/wp-content\/uploads\/2026\/04\/murale2.jpg",1366,786,false],"landscape":["https:\/\/imagazine.it\/wp-content\/uploads\/2026\/04\/murale2.jpg",1366,786,false],"portraits":["https:\/\/imagazine.it\/wp-content\/uploads\/2026\/04\/murale2.jpg",1366,786,false],"thumbnail":["https:\/\/imagazine.it\/wp-content\/uploads\/2026\/04\/murale2-150x150.jpg",150,150,true],"medium":["https:\/\/imagazine.it\/wp-content\/uploads\/2026\/04\/murale2-300x173.jpg",300,173,true],"large":["https:\/\/imagazine.it\/wp-content\/uploads\/2026\/04\/murale2-1024x589.jpg",640,368,true],"thumblist":["https:\/\/imagazine.it\/wp-content\/uploads\/2026\/04\/murale2-300x300.jpg",300,300,true],"thumbrelated":["https:\/\/imagazine.it\/wp-content\/uploads\/2026\/04\/murale2-500x500.jpg",500,500,true],"meccarouselthumb":["https:\/\/imagazine.it\/wp-content\/uploads\/2026\/04\/murale2-474x324.jpg",474,324,true],"gridsquare":["https:\/\/imagazine.it\/wp-content\/uploads\/2026\/04\/murale2-391x260.jpg",391,260,true],"tileview":["https:\/\/imagazine.it\/wp-content\/uploads\/2026\/04\/murale2-300x400.jpg",300,400,true],"1536x1536":["https:\/\/imagazine.it\/wp-content\/uploads\/2026\/04\/murale2.jpg",1366,786,false],"2048x2048":["https:\/\/imagazine.it\/wp-content\/uploads\/2026\/04\/murale2.jpg",1366,786,false],"newsup-slider-full":["https:\/\/imagazine.it\/wp-content\/uploads\/2026\/04\/murale2-1280x720.jpg",1280,720,true],"newsup-featured":["https:\/\/imagazine.it\/wp-content\/uploads\/2026\/04\/murale2-1024x589.jpg",1024,589,true],"newsup-medium":["https:\/\/imagazine.it\/wp-content\/uploads\/2026\/04\/murale2-720x380.jpg",720,380,true],"tptn_thumbnail":["https:\/\/imagazine.it\/wp-content\/uploads\/2026\/04\/murale2-250x210.jpg",250,210,true],"sow-carousel-default":["https:\/\/imagazine.it\/wp-content\/uploads\/2026\/04\/murale2-272x182.jpg",272,182,true]},"rttpg_author":{"display_name":"redazione","author_link":"https:\/\/imagazine.it\/home_desk\/author\/redazione\/"},"rttpg_comment":0,"rttpg_category":"<a href=\"https:\/\/imagazine.it\/home_desk\/category\/societa\/\" rel=\"category tag\">SOCIET\u00c0<\/a> <a href=\"https:\/\/imagazine.it\/home_desk\/category\/prima-pagina\/societa-prima-pagina\/\" rel=\"category tag\">SOCIET\u00c0, PRIMA PAGINA<\/a>","rttpg_excerpt":"Inaugurato il murale di Davide Comelli e Mattia Campo Dall\u2019Orto commissionato dal Comune. Dalla cantieristica al carnevale ecco i temi raffigurati","_links":{"self":[{"href":"https:\/\/imagazine.it\/home_desk\/wp-json\/wp\/v2\/posts\/73550","targetHints":{"allow":["GET"]}}],"collection":[{"href":"https:\/\/imagazine.it\/home_desk\/wp-json\/wp\/v2\/posts"}],"about":[{"href":"https:\/\/imagazine.it\/home_desk\/wp-json\/wp\/v2\/types\/post"}],"author":[{"embeddable":true,"href":"https:\/\/imagazine.it\/home_desk\/wp-json\/wp\/v2\/users\/28"}],"replies":[{"embeddable":true,"href":"https:\/\/imagazine.it\/home_desk\/wp-json\/wp\/v2\/comments?post=73550"}],"version-history":[{"count":2,"href":"https:\/\/imagazine.it\/home_desk\/wp-json\/wp\/v2\/posts\/73550\/revisions"}],"predecessor-version":[{"id":73554,"href":"https:\/\/imagazine.it\/home_desk\/wp-json\/wp\/v2\/posts\/73550\/revisions\/73554"}],"wp:featuredmedia":[{"embeddable":true,"href":"https:\/\/imagazine.it\/home_desk\/wp-json\/wp\/v2\/media\/73551"}],"wp:attachment":[{"href":"https:\/\/imagazine.it\/home_desk\/wp-json\/wp\/v2\/media?parent=73550"}],"wp:term":[{"taxonomy":"category","embeddable":true,"href":"https:\/\/imagazine.it\/home_desk\/wp-json\/wp\/v2\/categories?post=73550"},{"taxonomy":"post_tag","embeddable":true,"href":"https:\/\/imagazine.it\/home_desk\/wp-json\/wp\/v2\/tags?post=73550"}],"curies":[{"name":"wp","href":"https:\/\/api.w.org\/{rel}","templated":true}]}}