{"id":73545,"date":"2026-04-27T17:53:26","date_gmt":"2026-04-27T15:53:26","guid":{"rendered":"https:\/\/imagazine.it\/home_desk\/?p=73545"},"modified":"2026-04-27T17:53:26","modified_gmt":"2026-04-27T15:53:26","slug":"libera-2-ultima-settimana-di-riprese-a-trieste","status":"publish","type":"post","link":"https:\/\/imagazine.it\/home_desk\/libera-2-ultima-settimana-di-riprese-a-trieste\/","title":{"rendered":"&#8220;Libera 2&#8221;: ultima settimana di riprese a Trieste"},"content":{"rendered":"<h6>Il set in piazza Unit\u00e0<\/h6>\n<p>&nbsp;<\/p>\n<p>TRIESTE \u2013 Si \u00e8 svolto questa mattina a Trieste, negli spazi operativi attualmente adibiti alla produzione, l\u2019incontro stampa di \u201c<strong>Libera 2<\/strong>\u201d, seconda stagione della fiction prodotta da\u00a0<strong>11 Marzo Film<\/strong>\u00a0in collaborazione con\u00a0<strong>Rai Fiction<\/strong>\u00a0e diretta da<strong>\u00a0Gianluca Mazzella<\/strong>.<\/p>\n<p>La serie \u00e8<strong>\u00a0<\/strong>realizzata\u00a0con il contributo del<strong> Fondo per lo sviluppo degli investimenti nel cinema e nell&#8217;audiovisivo del Ministero della Cultura<\/strong>\u00a0e con il contributo della<strong>\u00a0Friuli Venezia Giulia Film Commission \u2013 PromoTurismoFVG.\u00a0<\/strong><\/p>\n<p>La fiction segna il ritorno sul set in Friuli Venezia Giulia di\u00a0<strong>Lunetta Savino<\/strong>, nei panni della protagonista Libera, affiancata da\u00a0<strong>Matteo Martari<\/strong>\u00a0nel ruolo di Pietro Zanon e da\u00a0<strong>Daisy Pieropan<\/strong>, che interpreta la nipote Clara.<\/p>\n<p>Si conferma, cos\u00ec, il legame con la citt\u00e0 di Trieste, dove \u00e8 ambientato il racconto: tra palazzi storici, scorci urbani e vedute sul mare, il capoluogo giuliano continua a offrire un contesto narrativo che unisce suggestione visiva e identit\u00e0 del territorio.<\/p>\n<p>Tra le location principali che il pubblico potr\u00e0 riconoscere sullo schermo: la\u00a0<strong>Camera di Commercio<\/strong>, l\u2019<strong>Ospedale Maggiore<\/strong>,\u00a0<strong>Piazza Unit\u00e0 d\u2019Italia<\/strong>, il\u00a0<strong>Tribunale<\/strong>, la sede dell\u2019<strong>Universit\u00e0 degli Studi di Trieste\u00a0<\/strong>e\u00a0<strong>Palazzo Galatti<\/strong>.<\/p>\n<p>Le riprese, avviate a Muggia a met\u00e0 marzo, si concluderanno il 2 maggio a Trieste, dopo\u00a0<strong>sette settimane di lavorazione<\/strong>, con il coinvolgimento di<strong>\u00a025 maestranze<\/strong>\u00a0locali, impegnate tra reparti tecnici e organizzativi.<\/p>\n<p><em>&#8220;Siamo all&#8217;ultima settimana di riprese e personalmente sono triste di lasciare la citt\u00e0 di Trieste, dove \u00e8 stato un piacere tornare a girare per \u2018Libera 2\u2019. Durante le riprese di questa nuova stagione, oltre alle location che hanno fatto da sfondo alla prima serie, abbiamo potuto esplorare nuovi spazi, a conferma di quanto la citt\u00e0 pu\u00f2 offrire in termini di luoghi e paesaggi. \u00c8 stata un&#8217;esperienza stimolante e sono molto contento del gruppo di lavoro che si \u00e8 creato, anche con il cast e con le comparse selezionate sul territorio. Mi auguro che questa stagione possa appassionare il pubblico quanto la precedente. La storia \u00e8 diversa, ma la protagonista Libera rimane centrale e fedele a se stessa: sempre forte e determinata nella ricerca della verit\u00e0&#8221;<\/em>,\u00a0ha dichiarato il regista<strong>\u00a0Gianluca Mazzella<\/strong>.<\/p>\n<p><em>&#8220;L&#8217;inizio di ogni nuovo progetto \u00e8 sempre affascinante ma, talvolta, \u00e8 anche incerto. In questo caso, invece, ho ritrovato il regista Gianluca Mazzella, con cui abbiamo gi\u00e0 lavorato alla prima stagione, e la produzione di 11 Marzo Film, a cui sono molto legata. Libera \u00e8 un personaggio pieno di sfaccettature, \u00e8 una donna tutta d&#8217;un pezzo ma \u00e8 anche ironica. Al centro della sua vita c&#8217;\u00e8 il lavoro, al quale si dedica in maniera appassionata e probabilmente in questo mi rivedo in lei. \u00c8 un piacere girare a Trieste, che \u00e8 una citt\u00e0 che amo molto e dove mi sono sempre sentita accolta, non so bene dire perch\u00e9, se per il vento o il mare. Sono una donna del sud e forse questo mare mi corrisponde. Forse anche per questo qui mi sento nel mio&#8221;,\u00a0<\/em>sono le parole della protagonista\u00a0<strong>Lunetta Savino<\/strong>.<\/p>\n<figure id=\"attachment_73547\" aria-describedby=\"caption-attachment-73547\" style=\"width: 800px\" class=\"wp-caption aligncenter\"><img loading=\"lazy\" decoding=\"async\" class=\"size-full wp-image-73547\" src=\"https:\/\/imagazine.it\/wp-content\/uploads\/2026\/04\/Libera-2_Muggia-3.jpeg\" alt=\"\" width=\"800\" height=\"533\" title=\"\" srcset=\"https:\/\/imagazine.it\/wp-content\/uploads\/2026\/04\/Libera-2_Muggia-3.jpeg 800w, https:\/\/imagazine.it\/wp-content\/uploads\/2026\/04\/Libera-2_Muggia-3-300x200.jpeg 300w, https:\/\/imagazine.it\/wp-content\/uploads\/2026\/04\/Libera-2_Muggia-3-768x512.jpeg 768w, https:\/\/imagazine.it\/wp-content\/uploads\/2026\/04\/Libera-2_Muggia-3-391x260.jpeg 391w, https:\/\/imagazine.it\/wp-content\/uploads\/2026\/04\/Libera-2_Muggia-3-272x182.jpeg 272w\" sizes=\"auto, (max-width: 800px) 100vw, 800px\" \/><figcaption id=\"caption-attachment-73547\" class=\"wp-caption-text\">Riprese notturne a Muggia<\/figcaption><\/figure>\n<p><em>\u201cPer le riprese della nuova stagione, oltre a Trieste abbiamo girato molto anche a Muggia. Insieme al produttore della 11 Marzo Film, Matteo Levi, abbiamo fatto un importante lavoro di ricerca e di selezione delle location, in collaborazione con la FVG Film Commission-PromoTurismoFVG, che ci ha regalato nuovi luoghi e anche molte sorprese. L\u2019esperienza sul territorio \u00e8 stata molto positiva: mi piace sottolineare il legame di collaborazione creato tra troupe esterna e maestranze locali\u201d<\/em>\u00a0ha dichiarato\u00a0<strong>Antonio Alessi<\/strong>, produttore esecutivo di 11 Marzo Film.<\/p>\n<p>\u201cLibera 2\u201d verr\u00e0 trasmesso prossimamente su Rai 1.<\/p>\n","protected":false},"excerpt":{"rendered":"<p>Lunetta Savino, Matteo Martari e Daisy Pieropan fino al 2 maggio in citt\u00e0: protagonisti principali della serie RAI<\/p>\n","protected":false},"author":28,"featured_media":73546,"comment_status":"closed","ping_status":"closed","sticky":false,"template":"","format":"image","meta":{"dwc-title":[""],"dwc-content":[""],"footnotes":""},"categories":[37,80],"tags":[3734,65,1020],"class_list":["post-73545","post","type-post","status-publish","format-image","has-post-thumbnail","hentry","category-cultura-e-spettacolo","category-culturaspettacolo-prima-pagina","tag-fiction","tag-trieste","tag-tv","post_format-post-format-image"],"rttpg_featured_image_url":{"full":["https:\/\/imagazine.it\/wp-content\/uploads\/2026\/04\/Libera-2_Piazza-Unita_Trieste.jpeg",1366,911,false],"landscape":["https:\/\/imagazine.it\/wp-content\/uploads\/2026\/04\/Libera-2_Piazza-Unita_Trieste.jpeg",1366,911,false],"portraits":["https:\/\/imagazine.it\/wp-content\/uploads\/2026\/04\/Libera-2_Piazza-Unita_Trieste.jpeg",1366,911,false],"thumbnail":["https:\/\/imagazine.it\/wp-content\/uploads\/2026\/04\/Libera-2_Piazza-Unita_Trieste-150x150.jpeg",150,150,true],"medium":["https:\/\/imagazine.it\/wp-content\/uploads\/2026\/04\/Libera-2_Piazza-Unita_Trieste-300x200.jpeg",300,200,true],"large":["https:\/\/imagazine.it\/wp-content\/uploads\/2026\/04\/Libera-2_Piazza-Unita_Trieste-1024x683.jpeg",640,427,true],"thumblist":["https:\/\/imagazine.it\/wp-content\/uploads\/2026\/04\/Libera-2_Piazza-Unita_Trieste-300x300.jpeg",300,300,true],"thumbrelated":["https:\/\/imagazine.it\/wp-content\/uploads\/2026\/04\/Libera-2_Piazza-Unita_Trieste-500x500.jpeg",500,500,true],"meccarouselthumb":["https:\/\/imagazine.it\/wp-content\/uploads\/2026\/04\/Libera-2_Piazza-Unita_Trieste-474x324.jpeg",474,324,true],"gridsquare":["https:\/\/imagazine.it\/wp-content\/uploads\/2026\/04\/Libera-2_Piazza-Unita_Trieste-391x260.jpeg",391,260,true],"tileview":["https:\/\/imagazine.it\/wp-content\/uploads\/2026\/04\/Libera-2_Piazza-Unita_Trieste-300x400.jpeg",300,400,true],"1536x1536":["https:\/\/imagazine.it\/wp-content\/uploads\/2026\/04\/Libera-2_Piazza-Unita_Trieste.jpeg",1366,911,false],"2048x2048":["https:\/\/imagazine.it\/wp-content\/uploads\/2026\/04\/Libera-2_Piazza-Unita_Trieste.jpeg",1366,911,false],"newsup-slider-full":["https:\/\/imagazine.it\/wp-content\/uploads\/2026\/04\/Libera-2_Piazza-Unita_Trieste-1280x720.jpeg",1280,720,true],"newsup-featured":["https:\/\/imagazine.it\/wp-content\/uploads\/2026\/04\/Libera-2_Piazza-Unita_Trieste-1024x683.jpeg",1024,683,true],"newsup-medium":["https:\/\/imagazine.it\/wp-content\/uploads\/2026\/04\/Libera-2_Piazza-Unita_Trieste-720x380.jpeg",720,380,true],"tptn_thumbnail":["https:\/\/imagazine.it\/wp-content\/uploads\/2026\/04\/Libera-2_Piazza-Unita_Trieste-250x210.jpeg",250,210,true],"sow-carousel-default":["https:\/\/imagazine.it\/wp-content\/uploads\/2026\/04\/Libera-2_Piazza-Unita_Trieste-272x182.jpeg",272,182,true]},"rttpg_author":{"display_name":"redazione","author_link":"https:\/\/imagazine.it\/home_desk\/author\/redazione\/"},"rttpg_comment":0,"rttpg_category":"<a href=\"https:\/\/imagazine.it\/home_desk\/category\/cultura-e-spettacolo\/\" rel=\"category tag\">CULTURA&amp;SPETTACOLO<\/a> <a href=\"https:\/\/imagazine.it\/home_desk\/category\/prima-pagina\/culturaspettacolo-prima-pagina\/\" rel=\"category tag\">CULTURA&amp;SPETTACOLO, PRIMA PAGINA<\/a>","rttpg_excerpt":"Lunetta Savino, Matteo Martari e Daisy Pieropan fino al 2 maggio in citt\u00e0: protagonisti principali della serie RAI","_links":{"self":[{"href":"https:\/\/imagazine.it\/home_desk\/wp-json\/wp\/v2\/posts\/73545","targetHints":{"allow":["GET"]}}],"collection":[{"href":"https:\/\/imagazine.it\/home_desk\/wp-json\/wp\/v2\/posts"}],"about":[{"href":"https:\/\/imagazine.it\/home_desk\/wp-json\/wp\/v2\/types\/post"}],"author":[{"embeddable":true,"href":"https:\/\/imagazine.it\/home_desk\/wp-json\/wp\/v2\/users\/28"}],"replies":[{"embeddable":true,"href":"https:\/\/imagazine.it\/home_desk\/wp-json\/wp\/v2\/comments?post=73545"}],"version-history":[{"count":2,"href":"https:\/\/imagazine.it\/home_desk\/wp-json\/wp\/v2\/posts\/73545\/revisions"}],"predecessor-version":[{"id":73549,"href":"https:\/\/imagazine.it\/home_desk\/wp-json\/wp\/v2\/posts\/73545\/revisions\/73549"}],"wp:featuredmedia":[{"embeddable":true,"href":"https:\/\/imagazine.it\/home_desk\/wp-json\/wp\/v2\/media\/73546"}],"wp:attachment":[{"href":"https:\/\/imagazine.it\/home_desk\/wp-json\/wp\/v2\/media?parent=73545"}],"wp:term":[{"taxonomy":"category","embeddable":true,"href":"https:\/\/imagazine.it\/home_desk\/wp-json\/wp\/v2\/categories?post=73545"},{"taxonomy":"post_tag","embeddable":true,"href":"https:\/\/imagazine.it\/home_desk\/wp-json\/wp\/v2\/tags?post=73545"}],"curies":[{"name":"wp","href":"https:\/\/api.w.org\/{rel}","templated":true}]}}