{"id":73494,"date":"2026-04-27T11:55:17","date_gmt":"2026-04-27T09:55:17","guid":{"rendered":"https:\/\/imagazine.it\/home_desk\/?p=73494"},"modified":"2026-04-27T11:55:17","modified_gmt":"2026-04-27T09:55:17","slug":"gorizia-nuovo-strumento-per-la-tutela-del-friulano","status":"publish","type":"post","link":"https:\/\/imagazine.it\/home_desk\/gorizia-nuovo-strumento-per-la-tutela-del-friulano\/","title":{"rendered":"Gorizia: nuovo strumento per la tutela del friulano"},"content":{"rendered":"<h6>La presentazione dell&#8217;iniziativa alla stampa<\/h6>\n<p>&nbsp;<\/p>\n<p>GORIZIA \u2013 Nell\u2019ambito delle iniziative della <strong>Festa della Patria del Friuli<\/strong>, il <strong>Comune di Gorizia<\/strong> in collaborazione con la <strong>Societ\u00e0 Filologica Friulana<\/strong> propone un calendario di iniziative <strong>da marted\u00ec 28 aprile<\/strong>, giorno del compleanno della citt\u00e0, <strong>a gioved\u00ec 28 maggio<\/strong>.<\/p>\n<p>In <strong>Casa Ascoli<\/strong>, in via Ascoli 1, sede goriziana della Filologica, sar\u00e0 inaugurata la <strong>mostra di illustrazioni<\/strong> \u201c<em>Il sogno di Beatrice<\/em>\u201d di <strong>Barbara Jelenkovich<\/strong>, dedicata alla storia del castello di Gorizia e all\u2019et\u00e0 medioevale: nel corso della mattinata si svolgeranno laboratori didattici per le scuole cittadine.<\/p>\n<p>L\u2019esposizione rimarr\u00e0 aperta al pubblico fino appunto al 28 maggio rispettando i seguenti orari: da luned\u00ec a gioved\u00ec dalle 10 alle 12.30 e dalle 15.30 alle 18, il venerd\u00ec dalle 10 alle 12.30.<\/p>\n<p>Grazie alla concomitanza della Settimana della Cultura Friulana, in programma dal 7 al 17 maggio, sono state programmate molte altre iniziative, sempre in Casa Ascoli: <strong>gioved\u00ec 7 maggio<\/strong>, alle 18, si svolger\u00e0 l\u2019<strong>insediamento<\/strong> <strong>della tavola per la minoranza linguistica friulana del comune di Gorizia<\/strong>, nuovo organismo per la tutela della <em>marilenghe<\/em>, strumento che non ha precedenti in tutto il Friuli.<\/p>\n<p>Al termine sar\u00e0 inaugurato il viaggio multimediale alla scoperta di Casa Ascoli.<\/p>\n<p><strong>Venerd\u00ec 8 maggio<\/strong>, alle 18 \u00e8 in programma la conferenza con letture in friulano \u201c<em>Maridaile di Vendemis<\/em>\u201d a cura del <strong>Gruppo Folcloristico \u201cSanta Gorizia\u201d<\/strong>.<\/p>\n<p><strong>Domenica 10 <\/strong>alle 18 ci sar\u00e0 la lettura in musica \u201c<em>Fiore di roccia<\/em>\u201d tratta dal romanzo di Ilaria Tuti sulle portatrici carniche, con la partecipazione di <strong>Giulia Pizzolongo<\/strong> alla chitarra, <strong>Andrea Miola<\/strong> al mandolino e la voce di <strong>Serena Fogolini<\/strong>.<\/p>\n<p>Nel programma non mancheranno le pubblicazioni di interesse friulano e goriziano: nel Centro Civico di <strong>Lucinico<\/strong>, <strong>luned\u00ec 11 maggio<\/strong> alle 20.30, sar\u00e0 presentato \u201c<em>Lucinico. L\u2019altra citt\u00e0<\/em>\u201d di <strong>Roberto Covaz<\/strong>, voluto dal Comune di Gorizia nell\u2019ambito di un \u201cviaggio\u201d alla scoperta dei quartieri cittadini.<\/p>\n<p><strong>Marted\u00ec 12 maggio<\/strong> alle 17.30 in Casa Ascoli sar\u00e0 invece presentato il numero 118 di <em>Studi Goriziani<\/em>, la rivista della Biblioteca Statale Isontina.<\/p>\n<p>Ancora <strong>mercoled\u00ec 13 maggio<\/strong>, alle 17 nella <strong>sede dell\u2019Unione Ginnastica Goriziana<\/strong>, in via Giovanni Rismondo 2, saranno proposti i volumi di <strong>Giorgio Milocco<\/strong> \u201c<em>I volontari irredenti della Contea di Gorizia<\/em>\u201d e \u201c<em>I goriziani e i friulani nel Corpo Italiano in Estremo Oriente (1918\/1920)<\/em>\u201d.<\/p>\n<p>Per ricordare in terremoto del 1976, <strong>gioved\u00ec 14 <\/strong>alle 18 in Casa Ascoli, in collaborazione con Italia Nostra sezione di Gorizia, sar\u00e0 presentato \u201c<em>Architettura del Novecento a Gemona e nella pedemontana friulana<\/em>\u201d di <strong>Diana Barillari<\/strong>.<\/p>\n<p>Mentre <strong>venerd\u00ec 15<\/strong> alle 20.30 nel Centro Civico di Lucinico sar\u00e0 la volta dell\u2019ultima opera letteraria di <strong>Egle Taverna<\/strong>, il romanzo \u201c<em>L\u00e2 da\u00fbr dai siums<\/em>\u201d.<\/p>\n<p>In chiusura del ricco programma di celebrazione della Festa della Patria del Friuli a Gorizia, gioved\u00ec 21 maggio alle 18 in Casa Ascoli <strong>Sophia Simon<\/strong> terr\u00e0 la conferenza \u201c<em>Graziadio Isaia Ascoli e la Germania: contatti e collaborazioni con la societ\u00e0 orientale di Halle e di Lipsia<\/em>\u201d.<\/p>\n<p><img loading=\"lazy\" decoding=\"async\" class=\"aligncenter size-large wp-image-73495\" src=\"https:\/\/imagazine.it\/wp-content\/uploads\/2026\/04\/calendario-483x1024.jpg\" alt=\"\" width=\"483\" height=\"1024\" title=\"\" srcset=\"https:\/\/imagazine.it\/wp-content\/uploads\/2026\/04\/calendario-483x1024.jpg 483w, https:\/\/imagazine.it\/wp-content\/uploads\/2026\/04\/calendario-141x300.jpg 141w, https:\/\/imagazine.it\/wp-content\/uploads\/2026\/04\/calendario-768x1629.jpg 768w, https:\/\/imagazine.it\/wp-content\/uploads\/2026\/04\/calendario-724x1536.jpg 724w, https:\/\/imagazine.it\/wp-content\/uploads\/2026\/04\/calendario.jpg 800w\" sizes=\"auto, (max-width: 483px) 100vw, 483px\" \/><\/p>\n<p>Gli appuntamenti sono organizzati in collaborazione con la Biblioteca Statale Isontina e con il sostegno della Regione, tramite l\u2019Agenzia Regionale per la Lingua Friulana. La Fondazione Carigo ha sostenuto la realizzazione del percorso multimediale di Casa Ascoli.<\/p>\n<p>Il programma \u00e8 stato illustrato dall\u2019assessore comunale alla Tutela delle identit\u00e0 linguistiche, <strong>Maurizio Negro<\/strong>, e dal direttore della Societ\u00e0 Filologica Friulana, <strong>Feliciano Medeot<\/strong>.<\/p>\n","protected":false},"excerpt":{"rendered":"<p>Annunciato l\u2019insediamento della tavola per la minoranza linguistica friulana: che non ha precedenti in regione<\/p>\n","protected":false},"author":28,"featured_media":73496,"comment_status":"closed","ping_status":"closed","sticky":false,"template":"","format":"image","meta":{"dwc-title":[""],"dwc-content":[""],"footnotes":""},"categories":[37,80],"tags":[1274,43,419],"class_list":["post-73494","post","type-post","status-publish","format-image","has-post-thumbnail","hentry","category-cultura-e-spettacolo","category-culturaspettacolo-prima-pagina","tag-friulano","tag-gorizia","tag-tradizioni","post_format-post-format-image"],"rttpg_featured_image_url":{"full":["https:\/\/imagazine.it\/wp-content\/uploads\/2026\/04\/Presentazione-Patria-del-Friuli.jpeg",1366,649,false],"landscape":["https:\/\/imagazine.it\/wp-content\/uploads\/2026\/04\/Presentazione-Patria-del-Friuli.jpeg",1366,649,false],"portraits":["https:\/\/imagazine.it\/wp-content\/uploads\/2026\/04\/Presentazione-Patria-del-Friuli.jpeg",1366,649,false],"thumbnail":["https:\/\/imagazine.it\/wp-content\/uploads\/2026\/04\/Presentazione-Patria-del-Friuli-150x150.jpeg",150,150,true],"medium":["https:\/\/imagazine.it\/wp-content\/uploads\/2026\/04\/Presentazione-Patria-del-Friuli-300x143.jpeg",300,143,true],"large":["https:\/\/imagazine.it\/wp-content\/uploads\/2026\/04\/Presentazione-Patria-del-Friuli-1024x487.jpeg",640,304,true],"thumblist":["https:\/\/imagazine.it\/wp-content\/uploads\/2026\/04\/Presentazione-Patria-del-Friuli-300x300.jpeg",300,300,true],"thumbrelated":["https:\/\/imagazine.it\/wp-content\/uploads\/2026\/04\/Presentazione-Patria-del-Friuli-500x500.jpeg",500,500,true],"meccarouselthumb":["https:\/\/imagazine.it\/wp-content\/uploads\/2026\/04\/Presentazione-Patria-del-Friuli-474x324.jpeg",474,324,true],"gridsquare":["https:\/\/imagazine.it\/wp-content\/uploads\/2026\/04\/Presentazione-Patria-del-Friuli-391x260.jpeg",391,260,true],"tileview":["https:\/\/imagazine.it\/wp-content\/uploads\/2026\/04\/Presentazione-Patria-del-Friuli-300x400.jpeg",300,400,true],"1536x1536":["https:\/\/imagazine.it\/wp-content\/uploads\/2026\/04\/Presentazione-Patria-del-Friuli.jpeg",1366,649,false],"2048x2048":["https:\/\/imagazine.it\/wp-content\/uploads\/2026\/04\/Presentazione-Patria-del-Friuli.jpeg",1366,649,false],"newsup-slider-full":["https:\/\/imagazine.it\/wp-content\/uploads\/2026\/04\/Presentazione-Patria-del-Friuli-1280x649.jpeg",1280,649,true],"newsup-featured":["https:\/\/imagazine.it\/wp-content\/uploads\/2026\/04\/Presentazione-Patria-del-Friuli-1024x487.jpeg",1024,487,true],"newsup-medium":["https:\/\/imagazine.it\/wp-content\/uploads\/2026\/04\/Presentazione-Patria-del-Friuli-720x380.jpeg",720,380,true],"tptn_thumbnail":["https:\/\/imagazine.it\/wp-content\/uploads\/2026\/04\/Presentazione-Patria-del-Friuli-250x210.jpeg",250,210,true],"sow-carousel-default":["https:\/\/imagazine.it\/wp-content\/uploads\/2026\/04\/Presentazione-Patria-del-Friuli-272x182.jpeg",272,182,true]},"rttpg_author":{"display_name":"redazione","author_link":"https:\/\/imagazine.it\/home_desk\/author\/redazione\/"},"rttpg_comment":0,"rttpg_category":"<a href=\"https:\/\/imagazine.it\/home_desk\/category\/cultura-e-spettacolo\/\" rel=\"category tag\">CULTURA&amp;SPETTACOLO<\/a> <a href=\"https:\/\/imagazine.it\/home_desk\/category\/prima-pagina\/culturaspettacolo-prima-pagina\/\" rel=\"category tag\">CULTURA&amp;SPETTACOLO, PRIMA PAGINA<\/a>","rttpg_excerpt":"Annunciato l\u2019insediamento della tavola per la minoranza linguistica friulana: che non ha precedenti in regione","_links":{"self":[{"href":"https:\/\/imagazine.it\/home_desk\/wp-json\/wp\/v2\/posts\/73494","targetHints":{"allow":["GET"]}}],"collection":[{"href":"https:\/\/imagazine.it\/home_desk\/wp-json\/wp\/v2\/posts"}],"about":[{"href":"https:\/\/imagazine.it\/home_desk\/wp-json\/wp\/v2\/types\/post"}],"author":[{"embeddable":true,"href":"https:\/\/imagazine.it\/home_desk\/wp-json\/wp\/v2\/users\/28"}],"replies":[{"embeddable":true,"href":"https:\/\/imagazine.it\/home_desk\/wp-json\/wp\/v2\/comments?post=73494"}],"version-history":[{"count":2,"href":"https:\/\/imagazine.it\/home_desk\/wp-json\/wp\/v2\/posts\/73494\/revisions"}],"predecessor-version":[{"id":73498,"href":"https:\/\/imagazine.it\/home_desk\/wp-json\/wp\/v2\/posts\/73494\/revisions\/73498"}],"wp:featuredmedia":[{"embeddable":true,"href":"https:\/\/imagazine.it\/home_desk\/wp-json\/wp\/v2\/media\/73496"}],"wp:attachment":[{"href":"https:\/\/imagazine.it\/home_desk\/wp-json\/wp\/v2\/media?parent=73494"}],"wp:term":[{"taxonomy":"category","embeddable":true,"href":"https:\/\/imagazine.it\/home_desk\/wp-json\/wp\/v2\/categories?post=73494"},{"taxonomy":"post_tag","embeddable":true,"href":"https:\/\/imagazine.it\/home_desk\/wp-json\/wp\/v2\/tags?post=73494"}],"curies":[{"name":"wp","href":"https:\/\/api.w.org\/{rel}","templated":true}]}}