{"id":73457,"date":"2026-04-18T16:29:39","date_gmt":"2026-04-18T14:29:39","guid":{"rendered":"https:\/\/imagazine.it\/home_desk\/?p=73457"},"modified":"2026-04-24T16:30:42","modified_gmt":"2026-04-24T14:30:42","slug":"palmanova-assegnati-i-nuovi-orti-urbani","status":"publish","type":"post","link":"https:\/\/imagazine.it\/home_desk\/palmanova-assegnati-i-nuovi-orti-urbani\/","title":{"rendered":"Palmanova: assegnati i nuovi Orti Urbani"},"content":{"rendered":"<h6>Gli assegnatari degli orti urbani<\/h6>\n<p>&nbsp;<\/p>\n<p>PALMANOVA \u2013 Nell\u2019ex Caserma Piave si \u00e8 tenuta la cerimonia ufficiale di\u00a0<strong>consegna delle chiavi ai 24 gestori degli orti urbani cittadini<\/strong>\u00a0per come assegnati dal bando indetto nell\u2019ottobre 2025.<\/p>\n<p>L\u2019iniziativa, che vede protagonisti sia nuovi assegnatari sia cittadini gi\u00e0 attivi nella cura degli spazi, mira a trasformare un\u2019area storica in un vivace centro di aggregazione e produzione agricola a chilometro zero.<\/p>\n<p>L\u2019area degli orti \u00e8 situata alle spalle dell\u2019ex Caserma Piave.<\/p>\n<p><strong>Sono presenti 24 piccoli rettangoli di terra, dai 24 ai 32 metri quadri ciascuno<\/strong>, dedicati alla produzione libera di ortaggi a uso domestico.<\/p>\n<p>Ogni coltivatore ha a disposizione l\u2019accesso alla rete idrica per l\u2019irrigazione, fondamentale per affrontare le sfide della stagione agricola alle porte.<\/p>\n<p>Al termine del raccolto \u00e8 usanza celebrare i frutti della terra e della fatica comune in un momento di festa condivisa.<\/p>\n<p>\u201cGli orti urbani di Palmanova \u2013 spiega il sindaco <strong>Giuseppe Tellini<\/strong> \u2013 non sono semplici appezzamenti di terreno, ma rappresentano uno spazio prezioso per l&#8217;intera comunit\u00e0: un luogo dove il lavoro agricolo si intreccia con il piacere dello stare assieme, permettendo ai cittadini di riappropriarsi di ritmi naturali e di momenti di riflessione personale\u201d.<\/p>\n<p>\u201cVedere residenti di diverse et\u00e0 \u2013 aggiunge l\u2019assessore comunale<strong> Luca Piani<\/strong> \u2013 pronti a rimboccarsi le maniche per far fiorire questi lotti all\u2019ombra dei nostri bastioni \u00e8 un segnale di grande vitalit\u00e0. Non si tratta solo di produrre ortaggi per uso domestico, ma di coltivare il senso di appartenenza a una comunit\u00e0. Il nostro impegno \u00e8 garantire che questi spazi restino vivi, attivi e curati, offrendo ai palmarini un\u2019opportunit\u00e0 concreta di contatto con la natura\u201d.<\/p>\n<p>L\u2019assegnazione dei lotti \u00e8 legata a una concessione quadriennale e al rispetto di un preciso Regolamento degli Orti Urbani, consegnato ai cittadini insieme alle chiavi d\u2019accesso. La gestione degli spazi richiede infatti una collaborazione attiva per mantenere il decoro.<\/p>\n<figure id=\"attachment_73458\" aria-describedby=\"caption-attachment-73458\" style=\"width: 800px\" class=\"wp-caption aligncenter\"><img loading=\"lazy\" decoding=\"async\" class=\"size-full wp-image-73458\" src=\"https:\/\/imagazine.it\/wp-content\/uploads\/2026\/04\/Orti-urbani-Palmanova-2026-6.jpg\" alt=\"\" width=\"800\" height=\"502\" title=\"\" srcset=\"https:\/\/imagazine.it\/wp-content\/uploads\/2026\/04\/Orti-urbani-Palmanova-2026-6.jpg 800w, https:\/\/imagazine.it\/wp-content\/uploads\/2026\/04\/Orti-urbani-Palmanova-2026-6-300x188.jpg 300w, https:\/\/imagazine.it\/wp-content\/uploads\/2026\/04\/Orti-urbani-Palmanova-2026-6-768x482.jpg 768w\" sizes=\"auto, (max-width: 800px) 100vw, 800px\" \/><figcaption id=\"caption-attachment-73458\" class=\"wp-caption-text\">I nuovi orti urbani alla Caserma Piave<\/figcaption><\/figure>\n<p>\u201cLa stagione della semina \u2013 conclude Piani \u2013 sta per ripartire e con essa l\u2019area torner\u00e0 a essere frequentata quotidianamente. Per questo motivo abbiamo chiesto a ogni assegnatario un impegno preciso nella manutenzione non solo del proprio orto, ma anche delle aree limitrofe. Il regolamento parla chiaro: la cura del vialetto di ghiaia, lo sfalcio dell\u2019erba e il posizionamento ordinato delle attrezzature sono compiti che spettano ai singoli coltivatori per garantire il passaggio e la bellezza del sito\u201d.<\/p>\n","protected":false},"excerpt":{"rendered":"<p>Collocati all\u2019ex Caserma Piave, l&#8217;iniziativa mira a trasformare un\u2019area storica in un vivace centro di aggregazione e produzione agricola a chilometro zero<\/p>\n","protected":false},"author":28,"featured_media":73459,"comment_status":"closed","ping_status":"closed","sticky":false,"template":"","format":"image","meta":{"dwc-title":[""],"dwc-content":[""],"footnotes":""},"categories":[5],"tags":[66,72,154,2209],"class_list":["post-73457","post","type-post","status-publish","format-image","has-post-thumbnail","hentry","category-attualita","tag-ambiente","tag-natura","tag-palmanova","tag-socialita","post_format-post-format-image"],"rttpg_featured_image_url":{"full":["https:\/\/imagazine.it\/wp-content\/uploads\/2026\/04\/Orti-urbani-Palmanova-2026-5.jpg",1366,768,false],"landscape":["https:\/\/imagazine.it\/wp-content\/uploads\/2026\/04\/Orti-urbani-Palmanova-2026-5.jpg",1366,768,false],"portraits":["https:\/\/imagazine.it\/wp-content\/uploads\/2026\/04\/Orti-urbani-Palmanova-2026-5.jpg",1366,768,false],"thumbnail":["https:\/\/imagazine.it\/wp-content\/uploads\/2026\/04\/Orti-urbani-Palmanova-2026-5-150x150.jpg",150,150,true],"medium":["https:\/\/imagazine.it\/wp-content\/uploads\/2026\/04\/Orti-urbani-Palmanova-2026-5-300x169.jpg",300,169,true],"large":["https:\/\/imagazine.it\/wp-content\/uploads\/2026\/04\/Orti-urbani-Palmanova-2026-5-1024x576.jpg",640,360,true],"thumblist":["https:\/\/imagazine.it\/wp-content\/uploads\/2026\/04\/Orti-urbani-Palmanova-2026-5-300x300.jpg",300,300,true],"thumbrelated":["https:\/\/imagazine.it\/wp-content\/uploads\/2026\/04\/Orti-urbani-Palmanova-2026-5-500x500.jpg",500,500,true],"meccarouselthumb":["https:\/\/imagazine.it\/wp-content\/uploads\/2026\/04\/Orti-urbani-Palmanova-2026-5-474x324.jpg",474,324,true],"gridsquare":["https:\/\/imagazine.it\/wp-content\/uploads\/2026\/04\/Orti-urbani-Palmanova-2026-5-391x260.jpg",391,260,true],"tileview":["https:\/\/imagazine.it\/wp-content\/uploads\/2026\/04\/Orti-urbani-Palmanova-2026-5-300x400.jpg",300,400,true],"1536x1536":["https:\/\/imagazine.it\/wp-content\/uploads\/2026\/04\/Orti-urbani-Palmanova-2026-5.jpg",1366,768,false],"2048x2048":["https:\/\/imagazine.it\/wp-content\/uploads\/2026\/04\/Orti-urbani-Palmanova-2026-5.jpg",1366,768,false],"newsup-slider-full":["https:\/\/imagazine.it\/wp-content\/uploads\/2026\/04\/Orti-urbani-Palmanova-2026-5-1280x720.jpg",1280,720,true],"newsup-featured":["https:\/\/imagazine.it\/wp-content\/uploads\/2026\/04\/Orti-urbani-Palmanova-2026-5-1024x576.jpg",1024,576,true],"newsup-medium":["https:\/\/imagazine.it\/wp-content\/uploads\/2026\/04\/Orti-urbani-Palmanova-2026-5-720x380.jpg",720,380,true],"tptn_thumbnail":["https:\/\/imagazine.it\/wp-content\/uploads\/2026\/04\/Orti-urbani-Palmanova-2026-5-250x210.jpg",250,210,true],"sow-carousel-default":["https:\/\/imagazine.it\/wp-content\/uploads\/2026\/04\/Orti-urbani-Palmanova-2026-5-272x182.jpg",272,182,true]},"rttpg_author":{"display_name":"redazione","author_link":"https:\/\/imagazine.it\/home_desk\/author\/redazione\/"},"rttpg_comment":0,"rttpg_category":"<a href=\"https:\/\/imagazine.it\/home_desk\/category\/attualita\/\" rel=\"category tag\">ATTUALIT\u00c0<\/a>","rttpg_excerpt":"Collocati all\u2019ex Caserma Piave, l'iniziativa mira a trasformare un\u2019area storica in un vivace centro di aggregazione e produzione agricola a chilometro zero","_links":{"self":[{"href":"https:\/\/imagazine.it\/home_desk\/wp-json\/wp\/v2\/posts\/73457","targetHints":{"allow":["GET"]}}],"collection":[{"href":"https:\/\/imagazine.it\/home_desk\/wp-json\/wp\/v2\/posts"}],"about":[{"href":"https:\/\/imagazine.it\/home_desk\/wp-json\/wp\/v2\/types\/post"}],"author":[{"embeddable":true,"href":"https:\/\/imagazine.it\/home_desk\/wp-json\/wp\/v2\/users\/28"}],"replies":[{"embeddable":true,"href":"https:\/\/imagazine.it\/home_desk\/wp-json\/wp\/v2\/comments?post=73457"}],"version-history":[{"count":2,"href":"https:\/\/imagazine.it\/home_desk\/wp-json\/wp\/v2\/posts\/73457\/revisions"}],"predecessor-version":[{"id":73461,"href":"https:\/\/imagazine.it\/home_desk\/wp-json\/wp\/v2\/posts\/73457\/revisions\/73461"}],"wp:featuredmedia":[{"embeddable":true,"href":"https:\/\/imagazine.it\/home_desk\/wp-json\/wp\/v2\/media\/73459"}],"wp:attachment":[{"href":"https:\/\/imagazine.it\/home_desk\/wp-json\/wp\/v2\/media?parent=73457"}],"wp:term":[{"taxonomy":"category","embeddable":true,"href":"https:\/\/imagazine.it\/home_desk\/wp-json\/wp\/v2\/categories?post=73457"},{"taxonomy":"post_tag","embeddable":true,"href":"https:\/\/imagazine.it\/home_desk\/wp-json\/wp\/v2\/tags?post=73457"}],"curies":[{"name":"wp","href":"https:\/\/api.w.org\/{rel}","templated":true}]}}