{"id":72854,"date":"2026-04-03T17:35:06","date_gmt":"2026-04-03T15:35:06","guid":{"rendered":"https:\/\/imagazine.it\/home_desk\/?p=72854"},"modified":"2026-04-03T17:39:55","modified_gmt":"2026-04-03T15:39:55","slug":"viabilita-in-sicurezza-tra-purgessimo-e-castelmonte","status":"publish","type":"post","link":"https:\/\/imagazine.it\/home_desk\/viabilita-in-sicurezza-tra-purgessimo-e-castelmonte\/","title":{"rendered":"Viabilit\u00e0 in sicurezza tra Purgessimo e Castelmonte"},"content":{"rendered":"<h6>La rete paramassi installata<\/h6>\n<p>&nbsp;<\/p>\n<p>CIVIDALE DEL FRIULI \u2013 Operazione di messa in sicurezza della viabilit\u00e0 secondaria che collega la frazione di <strong>Purgessimo<\/strong> alla strada ex provinciale che conduce a <strong>Castelmonte<\/strong>.<\/p>\n<p>\u201cA seguito di alcuni episodi di caduta massi lungo i tratti pi\u00f9 esposti della scarpata, la Protezione Civile \u00e8 intervenuta con tempestivit\u00e0 installando reti paramassi a monte della carreggiata, al fine di prevenire ulteriori situazioni di pericolo e garantire la sicurezza di cittadini e fruitori della strada\u201d, spiega la sindaca<strong> Daniela Bernardi<\/strong>.<\/p>\n<p>L\u2019intervento \u00e8 stato eseguito tramite la <strong>Protezione Civile<\/strong> <strong>regionale<\/strong> nell\u2019ambito delle attivit\u00e0 di prevenzione e pronto intervento sul territorio.<\/p>\n<p>\u201cParallelamente \u2013 continua la <strong>Bernardi<\/strong> \u2013 si sta procedendo con ulteriori operazioni di manutenzione, tra cui la rimozione delle piante pericolanti e la sistemazione complessiva della viabilit\u00e0. Una volta ricevuta la comunicazione ufficiale di conclusione dei lavori da parte della Protezione Civile, seguiranno in tempi brevi le operazioni necessarie per la riapertura ufficiale del tratto\u201d.<\/p>\n<p>Sulla stessa linea l\u2019assessore ai lavori pubblici <strong>Stefano Coceano<\/strong>: \u00abAbbiamo voluto intervenire con rapidit\u00e0 ed efficacia su un tratto particolarmente delicato, sia per la conformazione del terreno sia per l\u2019elevato utilizzo. La messa in sicurezza e la successiva riapertura in tempi brevi sono una priorit\u00e0: si tratta infatti di un\u2019arteria particolarmente frequentata, non solo dai residenti, ma anche da numerosi appassionati di cicloturismo e motociclismo, attratti dalla bellezza del paesaggio e dalla funzionalit\u00e0 del collegamento tra le valli e il Collio\u201d.<\/p>\n","protected":false},"excerpt":{"rendered":"<p>Installate dalla Protezione Civile reti paramassi a monte della carreggiata per prevenire situazioni di pericolo <\/p>\n","protected":false},"author":28,"featured_media":72855,"comment_status":"closed","ping_status":"closed","sticky":false,"template":"","format":"image","meta":{"dwc-title":[""],"dwc-content":[""],"footnotes":""},"categories":[5],"tags":[170,457,1429,87],"class_list":["post-72854","post","type-post","status-publish","format-image","has-post-thumbnail","hentry","category-attualita","tag-cividale","tag-protezione-civile","tag-strade","tag-viabilita","post_format-post-format-image"],"rttpg_featured_image_url":{"full":["https:\/\/imagazine.it\/wp-content\/uploads\/2026\/04\/Intervento-Protezione-Civile-aprile-2026-strada-Purgessimo-Castelmonte-IMG-20260403-WA0001.jpg",1366,830,false],"landscape":["https:\/\/imagazine.it\/wp-content\/uploads\/2026\/04\/Intervento-Protezione-Civile-aprile-2026-strada-Purgessimo-Castelmonte-IMG-20260403-WA0001.jpg",1366,830,false],"portraits":["https:\/\/imagazine.it\/wp-content\/uploads\/2026\/04\/Intervento-Protezione-Civile-aprile-2026-strada-Purgessimo-Castelmonte-IMG-20260403-WA0001.jpg",1366,830,false],"thumbnail":["https:\/\/imagazine.it\/wp-content\/uploads\/2026\/04\/Intervento-Protezione-Civile-aprile-2026-strada-Purgessimo-Castelmonte-IMG-20260403-WA0001-150x150.jpg",150,150,true],"medium":["https:\/\/imagazine.it\/wp-content\/uploads\/2026\/04\/Intervento-Protezione-Civile-aprile-2026-strada-Purgessimo-Castelmonte-IMG-20260403-WA0001-300x182.jpg",300,182,true],"large":["https:\/\/imagazine.it\/wp-content\/uploads\/2026\/04\/Intervento-Protezione-Civile-aprile-2026-strada-Purgessimo-Castelmonte-IMG-20260403-WA0001-1024x622.jpg",640,389,true],"thumblist":["https:\/\/imagazine.it\/wp-content\/uploads\/2026\/04\/Intervento-Protezione-Civile-aprile-2026-strada-Purgessimo-Castelmonte-IMG-20260403-WA0001-300x300.jpg",300,300,true],"thumbrelated":["https:\/\/imagazine.it\/wp-content\/uploads\/2026\/04\/Intervento-Protezione-Civile-aprile-2026-strada-Purgessimo-Castelmonte-IMG-20260403-WA0001-500x500.jpg",500,500,true],"meccarouselthumb":["https:\/\/imagazine.it\/wp-content\/uploads\/2026\/04\/Intervento-Protezione-Civile-aprile-2026-strada-Purgessimo-Castelmonte-IMG-20260403-WA0001-474x324.jpg",474,324,true],"gridsquare":["https:\/\/imagazine.it\/wp-content\/uploads\/2026\/04\/Intervento-Protezione-Civile-aprile-2026-strada-Purgessimo-Castelmonte-IMG-20260403-WA0001-391x260.jpg",391,260,true],"tileview":["https:\/\/imagazine.it\/wp-content\/uploads\/2026\/04\/Intervento-Protezione-Civile-aprile-2026-strada-Purgessimo-Castelmonte-IMG-20260403-WA0001-300x400.jpg",300,400,true],"1536x1536":["https:\/\/imagazine.it\/wp-content\/uploads\/2026\/04\/Intervento-Protezione-Civile-aprile-2026-strada-Purgessimo-Castelmonte-IMG-20260403-WA0001.jpg",1366,830,false],"2048x2048":["https:\/\/imagazine.it\/wp-content\/uploads\/2026\/04\/Intervento-Protezione-Civile-aprile-2026-strada-Purgessimo-Castelmonte-IMG-20260403-WA0001.jpg",1366,830,false],"newsup-slider-full":["https:\/\/imagazine.it\/wp-content\/uploads\/2026\/04\/Intervento-Protezione-Civile-aprile-2026-strada-Purgessimo-Castelmonte-IMG-20260403-WA0001-1280x720.jpg",1280,720,true],"newsup-featured":["https:\/\/imagazine.it\/wp-content\/uploads\/2026\/04\/Intervento-Protezione-Civile-aprile-2026-strada-Purgessimo-Castelmonte-IMG-20260403-WA0001-1024x622.jpg",1024,622,true],"newsup-medium":["https:\/\/imagazine.it\/wp-content\/uploads\/2026\/04\/Intervento-Protezione-Civile-aprile-2026-strada-Purgessimo-Castelmonte-IMG-20260403-WA0001-720x380.jpg",720,380,true],"tptn_thumbnail":["https:\/\/imagazine.it\/wp-content\/uploads\/2026\/04\/Intervento-Protezione-Civile-aprile-2026-strada-Purgessimo-Castelmonte-IMG-20260403-WA0001-250x210.jpg",250,210,true],"sow-carousel-default":["https:\/\/imagazine.it\/wp-content\/uploads\/2026\/04\/Intervento-Protezione-Civile-aprile-2026-strada-Purgessimo-Castelmonte-IMG-20260403-WA0001-272x182.jpg",272,182,true]},"rttpg_author":{"display_name":"redazione","author_link":"https:\/\/imagazine.it\/home_desk\/author\/redazione\/"},"rttpg_comment":0,"rttpg_category":"<a href=\"https:\/\/imagazine.it\/home_desk\/category\/attualita\/\" rel=\"category tag\">ATTUALIT\u00c0<\/a>","rttpg_excerpt":"Installate dalla Protezione Civile reti paramassi a monte della carreggiata per prevenire situazioni di pericolo","_links":{"self":[{"href":"https:\/\/imagazine.it\/home_desk\/wp-json\/wp\/v2\/posts\/72854","targetHints":{"allow":["GET"]}}],"collection":[{"href":"https:\/\/imagazine.it\/home_desk\/wp-json\/wp\/v2\/posts"}],"about":[{"href":"https:\/\/imagazine.it\/home_desk\/wp-json\/wp\/v2\/types\/post"}],"author":[{"embeddable":true,"href":"https:\/\/imagazine.it\/home_desk\/wp-json\/wp\/v2\/users\/28"}],"replies":[{"embeddable":true,"href":"https:\/\/imagazine.it\/home_desk\/wp-json\/wp\/v2\/comments?post=72854"}],"version-history":[{"count":3,"href":"https:\/\/imagazine.it\/home_desk\/wp-json\/wp\/v2\/posts\/72854\/revisions"}],"predecessor-version":[{"id":72858,"href":"https:\/\/imagazine.it\/home_desk\/wp-json\/wp\/v2\/posts\/72854\/revisions\/72858"}],"wp:featuredmedia":[{"embeddable":true,"href":"https:\/\/imagazine.it\/home_desk\/wp-json\/wp\/v2\/media\/72855"}],"wp:attachment":[{"href":"https:\/\/imagazine.it\/home_desk\/wp-json\/wp\/v2\/media?parent=72854"}],"wp:term":[{"taxonomy":"category","embeddable":true,"href":"https:\/\/imagazine.it\/home_desk\/wp-json\/wp\/v2\/categories?post=72854"},{"taxonomy":"post_tag","embeddable":true,"href":"https:\/\/imagazine.it\/home_desk\/wp-json\/wp\/v2\/tags?post=72854"}],"curies":[{"name":"wp","href":"https:\/\/api.w.org\/{rel}","templated":true}]}}