{"id":72850,"date":"2026-04-03T16:25:03","date_gmt":"2026-04-03T14:25:03","guid":{"rendered":"https:\/\/imagazine.it\/home_desk\/?p=72850"},"modified":"2026-04-07T12:33:08","modified_gmt":"2026-04-07T10:33:08","slug":"primo-maggio-udine-avra-il-suo-concertone","status":"publish","type":"post","link":"https:\/\/imagazine.it\/home_desk\/primo-maggio-udine-avra-il-suo-concertone\/","title":{"rendered":"Primo Maggio: Udine avr\u00e0 il suo concertone"},"content":{"rendered":"<p>&nbsp;<\/p>\n<p>UDINE \u2013 Per la prima volta Udine avr\u00e0 il suo \u201cconcertone\u201d: un grande evento gratuito, aperto a tutte e tutti e costruito dal basso insieme alla comunit\u00e0.<\/p>\n<p>L\u2019appuntamento \u00e8 per <strong>venerd\u00ec 1 maggio<\/strong>, dalle 16 a mezzanotte,<strong> in Piazza Venerio<\/strong>, che per un giorno diventer\u00e0 il cuore musicale e sociale della citt\u00e0.<\/p>\n<p>Il progetto, sostenuto da CGIL, CISL, Legacoop FVG e Confcooperative FVG, Coop Alleanza 3.0, Culture Arti e Saperi srl, e patrocinato dal Comune di Udine, \u00e8 stato presentato a Palazzo Morpurgo.<\/p>\n<p>Presenti i rappresentanti delle realt\u00e0 organizzatrici, il vicesindaco di Udine con delega al commercio, turismo e attivit\u00e0 produttive <strong>Alessandro Venanzi<\/strong>, i partner dell\u2019iniziativa e due ospiti d\u2019eccezione: <strong>Maria Elena Dentesano<\/strong> e <strong>Dino Parelli<\/strong>.<\/p>\n<p>L\u2019edizione zero di <em>Primo Maggio Udine<\/em> sar\u00e0 infatti dedicata a un tema urgente e necessario: la sicurezza sul lavoro. Un impegno che si lega alla memoria di <strong>Lorenzo Parelli<\/strong>, studente di 18 anni di Morsano di Strada, morto nel gennaio 2022 durante uno <em>stage<\/em> in azienda. Una storia che ha segnato profondamente il Paese e che oggi diventa anche occasione di riflessione collettiva, proprio a partire da una piazza e dalla forza della musica.<\/p>\n<p>\u201cRingraziamo gli organizzatori, il Comune e tutti i partner dell\u2019iniziativa per questa dedica, che per noi \u00e8 motivo di gratitudine\u201d, dichiarano i <strong>coniugi Parelli<\/strong>. \u201cIl ricordo di Lorenzo \u00e8 sempre vivo e il tema della sicurezza sul lavoro resta centrale, soprattutto per i pi\u00f9 giovani. Proprio per questo, un evento come <em>Primo Maggio Udine<\/em> \u2014 che unisce musica e nuove generazioni \u2014 \u00e8 un contesto ideale per diffondere maggiore consapevolezza. A quattro anni dalla dedica del Presidente Mattarella, questa giornata assume per noi un valore speciale: \u00e8 un impegno che continua\u201d.<\/p>\n<h3><strong>Un evento gratuito che parte dalla citt\u00e0<\/strong><\/h3>\n<p><em>Primo Maggio Udine<\/em> nasce con l\u2019idea di riportare al centro lo spirito autentico della giornata del lavoro, intrecciando musica, partecipazione e impegno civile.<\/p>\n<p>L\u2019iniziativa prende forma grazie alla sinergia tra tre realt\u00e0 friulane attive nella produzione culturale e musicale: <strong>Vieni con me APS<\/strong>, impegnata nella valorizzazione di artisti e progetti discografici locali; <strong>Simularte Soc. Coop.,<\/strong> che opera nella produzione di eventi culturali per enti pubblici e privati; e <strong>Stage Plan Associazione Culturale<\/strong>, che cura direzione artistica e produzione di eventi.<\/p>\n<p>\u201c\u00c8 un progetto fortemente voluto, che guarda lontano: l\u2019obiettivo \u00e8 farlo diventare un appuntamento fisso per il territorio e, nel tempo, di rilievo anche nazionale. Sar\u00e0 un evento apartitico, perch\u00e9 vogliamo sia di tutte e tutti\u201d spiega <strong>Mattia Cilio<\/strong>, cantautore e presidente Vieni con me APS, nonch\u00e9 coordinatore dell\u2019evento.<\/p>\n<h3><strong>Lineup, presentatori e anima locale<\/strong><\/h3>\n<p>I protagonisti del palco sono ancora top secret e verranno annunciati nei prossimi giorni insieme al programma dell\u2019intera giornata. La lineup unir\u00e0 artisti di fama nazionale e talenti locali emergenti.<\/p>\n<p>A condurre la giornata saranno <strong>Cilio e Marco Del Ben<\/strong>, in arte \u2018Marcutti\u2019, comico e <em>content<\/em> <em>creator<\/em> friulano, particolarmente apprezzato sul web per il suo stile diretto e ironico.<\/p>\n<p>Il respiro sociale e il forte legame con il tessuto locale di <em>Primo Maggio Udine<\/em> si rifletteranno anche nell\u2019offerta enogastronomica dell\u2019evento: circa 1.500 porzioni tra lasagne, risotti e altri piatti saranno preparate da Diversamente Bistrot, realt\u00e0 impegnata nell\u2019inclusione lavorativa di persone con disabilit\u00e0.<\/p>\n<p>Le bevande saranno curate da The Alibi &#8211; Independent Craft Pub e ARCI Bar Sport.<\/p>\n<h3><strong>Un crowdfunding per sostenere l\u2019evento<\/strong><\/h3>\n<p>Per sostenere l\u2019iniziativa \u2014 gratuita ma con costi concreti legati a palco, service, sicurezza e artisti \u2014 \u00e8 stata attivata una <strong>raccolta fondi<\/strong> sulla piattaforma Produzioni dal Basso, con un obiettivo di 10.000 euro. Un modo per permettere alla comunit\u00e0 di contribuire direttamente alla realizzazione del progetto.<\/p>\n<p>\u201cAbbiamo scelto il <em>crowdfunding<\/em> perch\u00e9 <em>Primo Maggio Udine<\/em> nasce dalla partecipazione delle persone e vuole essere costruito insieme alla comunit\u00e0\u201d spiega <strong>Cilio<\/strong>. \u201cAnche un piccolo contributo pu\u00f2 fare la differenza e trasformarsi in qualcosa di concreto che appartiene a tutti\u201d.<\/p>\n","protected":false},"excerpt":{"rendered":"<p>Un grande evento gratuito animer\u00e0 il capoluogo friulano in occasione della Festa dei Lavoratori. Edizione zero in Piazza Venerio, dedicata alla memoria di Lorenzo Parelli<\/p>\n","protected":false},"author":28,"featured_media":72851,"comment_status":"closed","ping_status":"closed","sticky":false,"template":"","format":"image","meta":{"dwc-title":[""],"dwc-content":[""],"footnotes":""},"categories":[37],"tags":[861,472,55,101],"class_list":["post-72850","post","type-post","status-publish","format-image","has-post-thumbnail","hentry","category-cultura-e-spettacolo","tag-concerti","tag-lavoro","tag-musica","tag-udine","post_format-post-format-image"],"rttpg_featured_image_url":{"full":["https:\/\/imagazine.it\/wp-content\/uploads\/2026\/04\/Primo-Maggio-Udine_da-sx_coniugi-Parelli_Eccentrico-Studio_Mattia-Cilio_CISL_CGIL_Venanzi_Simularte_COOP-Alleanza_Confcoop_Legacoop_Music-Team_Marcutti.jpg",1366,768,false],"landscape":["https:\/\/imagazine.it\/wp-content\/uploads\/2026\/04\/Primo-Maggio-Udine_da-sx_coniugi-Parelli_Eccentrico-Studio_Mattia-Cilio_CISL_CGIL_Venanzi_Simularte_COOP-Alleanza_Confcoop_Legacoop_Music-Team_Marcutti.jpg",1366,768,false],"portraits":["https:\/\/imagazine.it\/wp-content\/uploads\/2026\/04\/Primo-Maggio-Udine_da-sx_coniugi-Parelli_Eccentrico-Studio_Mattia-Cilio_CISL_CGIL_Venanzi_Simularte_COOP-Alleanza_Confcoop_Legacoop_Music-Team_Marcutti.jpg",1366,768,false],"thumbnail":["https:\/\/imagazine.it\/wp-content\/uploads\/2026\/04\/Primo-Maggio-Udine_da-sx_coniugi-Parelli_Eccentrico-Studio_Mattia-Cilio_CISL_CGIL_Venanzi_Simularte_COOP-Alleanza_Confcoop_Legacoop_Music-Team_Marcutti-150x150.jpg",150,150,true],"medium":["https:\/\/imagazine.it\/wp-content\/uploads\/2026\/04\/Primo-Maggio-Udine_da-sx_coniugi-Parelli_Eccentrico-Studio_Mattia-Cilio_CISL_CGIL_Venanzi_Simularte_COOP-Alleanza_Confcoop_Legacoop_Music-Team_Marcutti-300x169.jpg",300,169,true],"large":["https:\/\/imagazine.it\/wp-content\/uploads\/2026\/04\/Primo-Maggio-Udine_da-sx_coniugi-Parelli_Eccentrico-Studio_Mattia-Cilio_CISL_CGIL_Venanzi_Simularte_COOP-Alleanza_Confcoop_Legacoop_Music-Team_Marcutti-1024x576.jpg",640,360,true],"thumblist":["https:\/\/imagazine.it\/wp-content\/uploads\/2026\/04\/Primo-Maggio-Udine_da-sx_coniugi-Parelli_Eccentrico-Studio_Mattia-Cilio_CISL_CGIL_Venanzi_Simularte_COOP-Alleanza_Confcoop_Legacoop_Music-Team_Marcutti-300x300.jpg",300,300,true],"thumbrelated":["https:\/\/imagazine.it\/wp-content\/uploads\/2026\/04\/Primo-Maggio-Udine_da-sx_coniugi-Parelli_Eccentrico-Studio_Mattia-Cilio_CISL_CGIL_Venanzi_Simularte_COOP-Alleanza_Confcoop_Legacoop_Music-Team_Marcutti-500x500.jpg",500,500,true],"meccarouselthumb":["https:\/\/imagazine.it\/wp-content\/uploads\/2026\/04\/Primo-Maggio-Udine_da-sx_coniugi-Parelli_Eccentrico-Studio_Mattia-Cilio_CISL_CGIL_Venanzi_Simularte_COOP-Alleanza_Confcoop_Legacoop_Music-Team_Marcutti-474x324.jpg",474,324,true],"gridsquare":["https:\/\/imagazine.it\/wp-content\/uploads\/2026\/04\/Primo-Maggio-Udine_da-sx_coniugi-Parelli_Eccentrico-Studio_Mattia-Cilio_CISL_CGIL_Venanzi_Simularte_COOP-Alleanza_Confcoop_Legacoop_Music-Team_Marcutti-391x260.jpg",391,260,true],"tileview":["https:\/\/imagazine.it\/wp-content\/uploads\/2026\/04\/Primo-Maggio-Udine_da-sx_coniugi-Parelli_Eccentrico-Studio_Mattia-Cilio_CISL_CGIL_Venanzi_Simularte_COOP-Alleanza_Confcoop_Legacoop_Music-Team_Marcutti-300x400.jpg",300,400,true],"1536x1536":["https:\/\/imagazine.it\/wp-content\/uploads\/2026\/04\/Primo-Maggio-Udine_da-sx_coniugi-Parelli_Eccentrico-Studio_Mattia-Cilio_CISL_CGIL_Venanzi_Simularte_COOP-Alleanza_Confcoop_Legacoop_Music-Team_Marcutti.jpg",1366,768,false],"2048x2048":["https:\/\/imagazine.it\/wp-content\/uploads\/2026\/04\/Primo-Maggio-Udine_da-sx_coniugi-Parelli_Eccentrico-Studio_Mattia-Cilio_CISL_CGIL_Venanzi_Simularte_COOP-Alleanza_Confcoop_Legacoop_Music-Team_Marcutti.jpg",1366,768,false],"newsup-slider-full":["https:\/\/imagazine.it\/wp-content\/uploads\/2026\/04\/Primo-Maggio-Udine_da-sx_coniugi-Parelli_Eccentrico-Studio_Mattia-Cilio_CISL_CGIL_Venanzi_Simularte_COOP-Alleanza_Confcoop_Legacoop_Music-Team_Marcutti-1280x720.jpg",1280,720,true],"newsup-featured":["https:\/\/imagazine.it\/wp-content\/uploads\/2026\/04\/Primo-Maggio-Udine_da-sx_coniugi-Parelli_Eccentrico-Studio_Mattia-Cilio_CISL_CGIL_Venanzi_Simularte_COOP-Alleanza_Confcoop_Legacoop_Music-Team_Marcutti-1024x576.jpg",1024,576,true],"newsup-medium":["https:\/\/imagazine.it\/wp-content\/uploads\/2026\/04\/Primo-Maggio-Udine_da-sx_coniugi-Parelli_Eccentrico-Studio_Mattia-Cilio_CISL_CGIL_Venanzi_Simularte_COOP-Alleanza_Confcoop_Legacoop_Music-Team_Marcutti-720x380.jpg",720,380,true],"tptn_thumbnail":["https:\/\/imagazine.it\/wp-content\/uploads\/2026\/04\/Primo-Maggio-Udine_da-sx_coniugi-Parelli_Eccentrico-Studio_Mattia-Cilio_CISL_CGIL_Venanzi_Simularte_COOP-Alleanza_Confcoop_Legacoop_Music-Team_Marcutti-250x210.jpg",250,210,true],"sow-carousel-default":["https:\/\/imagazine.it\/wp-content\/uploads\/2026\/04\/Primo-Maggio-Udine_da-sx_coniugi-Parelli_Eccentrico-Studio_Mattia-Cilio_CISL_CGIL_Venanzi_Simularte_COOP-Alleanza_Confcoop_Legacoop_Music-Team_Marcutti-272x182.jpg",272,182,true]},"rttpg_author":{"display_name":"redazione","author_link":"https:\/\/imagazine.it\/home_desk\/author\/redazione\/"},"rttpg_comment":0,"rttpg_category":"<a href=\"https:\/\/imagazine.it\/home_desk\/category\/cultura-e-spettacolo\/\" rel=\"category tag\">CULTURA&amp;SPETTACOLO<\/a>","rttpg_excerpt":"Un grande evento gratuito animer\u00e0 il capoluogo friulano in occasione della Festa dei Lavoratori. Edizione zero in Piazza Venerio, dedicata alla memoria di Lorenzo Parelli","_links":{"self":[{"href":"https:\/\/imagazine.it\/home_desk\/wp-json\/wp\/v2\/posts\/72850","targetHints":{"allow":["GET"]}}],"collection":[{"href":"https:\/\/imagazine.it\/home_desk\/wp-json\/wp\/v2\/posts"}],"about":[{"href":"https:\/\/imagazine.it\/home_desk\/wp-json\/wp\/v2\/types\/post"}],"author":[{"embeddable":true,"href":"https:\/\/imagazine.it\/home_desk\/wp-json\/wp\/v2\/users\/28"}],"replies":[{"embeddable":true,"href":"https:\/\/imagazine.it\/home_desk\/wp-json\/wp\/v2\/comments?post=72850"}],"version-history":[{"count":2,"href":"https:\/\/imagazine.it\/home_desk\/wp-json\/wp\/v2\/posts\/72850\/revisions"}],"predecessor-version":[{"id":72853,"href":"https:\/\/imagazine.it\/home_desk\/wp-json\/wp\/v2\/posts\/72850\/revisions\/72853"}],"wp:featuredmedia":[{"embeddable":true,"href":"https:\/\/imagazine.it\/home_desk\/wp-json\/wp\/v2\/media\/72851"}],"wp:attachment":[{"href":"https:\/\/imagazine.it\/home_desk\/wp-json\/wp\/v2\/media?parent=72850"}],"wp:term":[{"taxonomy":"category","embeddable":true,"href":"https:\/\/imagazine.it\/home_desk\/wp-json\/wp\/v2\/categories?post=72850"},{"taxonomy":"post_tag","embeddable":true,"href":"https:\/\/imagazine.it\/home_desk\/wp-json\/wp\/v2\/tags?post=72850"}],"curies":[{"name":"wp","href":"https:\/\/api.w.org\/{rel}","templated":true}]}}