{"id":72840,"date":"2026-04-03T15:00:13","date_gmt":"2026-04-03T13:00:13","guid":{"rendered":"https:\/\/imagazine.it\/home_desk\/?p=72840"},"modified":"2026-04-06T19:49:43","modified_gmt":"2026-04-06T17:49:43","slug":"sapori-pro-loco-scalda-i-motori","status":"publish","type":"post","link":"https:\/\/imagazine.it\/home_desk\/sapori-pro-loco-scalda-i-motori\/","title":{"rendered":"Sapori Pro Loco scalda i motori"},"content":{"rendered":"<h6>(\u00a9 Luca Chiandoni)<\/h6>\n<p>&nbsp;<\/p>\n<p>CODROIPO \u2013 Il Comitato regionale del Friuli Venezia Giulia dell\u2019Unione tra le Pro Loco d\u2019Italia annuncia le date della <strong>23\u00aa edizione di <em>Sapori Pro Loco<\/em><\/strong>.<\/p>\n<p>La festa delle tipicit\u00e0 enogastronomiche si svolger\u00e0 per <strong>due weekend a Villa Manin di Passariano<\/strong> di Codroipo il <strong>16-17 maggio<\/strong> e il <strong>22-23-24 maggio<\/strong>.<\/p>\n<p>Il 12 maggio nella conferenza stampa in programma nella sede della Regione a Udine verr\u00e0 presentato il programma ma gi\u00e0 adesso c\u2019\u00e8 la conferma che la manifestazione aprir\u00e0 dall\u2019ora di pranzo nella sua prima giornata, proseguendo la sperimentazione iniziata nelle ultime due edizioni.<\/p>\n<p>Anche quest\u2019anno, inoltre, fulcro del programma sar\u00e0 l\u2019area \u201c<em>Io sono Friuli Venezia Giulia<\/em>\u201d, uno spazio dedicato alla valorizzazione delle eccellenze regionali, per interagire con il pubblico di Sapori Pro Loco nei vari incontri che saranno promossi.<\/p>\n<p>Realizzata con il supporto della Regione Friuli Venezia Giulia, attraverso l\u2019assessorato alle Attivit\u00e0 produttive e Turismo e PromoTurismoFVG, l\u2019area rappresenter\u00e0 una vetrina d\u2019eccezione per presentare e conoscere alcuni dei prodotti pi\u00f9 caratteristici del territorio.<\/p>\n<p>\u201cCi eravamo accorti \u2013 spiega il presidente del Comitato UNPLI FVG, <strong>Pietro De Marchi<\/strong> \u2013 che la \u201cvoglia\u201d di <em>Sapori Pro Loco<\/em> era gi\u00e0 alta fin dalla mattina della prima giornata, in cui storicamente iniziavamo nel tardo pomeriggio. E cos\u00ec anche quest\u2019anno partiremo con il pranzo. Nell\u2019attesa di fornire il programma ufficiale, possiamo gi\u00e0 dire che saranno una ventina le Pro Loco presenti con le proprie specialit\u00e0 culinarie nonch\u00e9 i consueti spazi dell\u2019enoteca regionale e della birroteca. Confermata la vicinanza dell\u2019Assessorato regionale alle Attivit\u00e0 produttive e Turismo e PromoTurismoFVG, che ringraziamo, con l\u2019area \u201cIo sono Friuli Venezia Giulia\u201d che sar\u00e0 il fulcro della proposta di incontri e degustazioni. Tra le anticipazioni una nuova disposizione del palco per gli spettacoli musicali. Nell\u2019attesa di aprire i battenti, prosegue il lavoro di avvicinamento dei nostri volontari\u201d.<\/p>\n","protected":false},"excerpt":{"rendered":"<p>Ufficializzate le date della 23\u00aa edizione. Fulcro del programma sar\u00e0 l\u2019area \u201cIo sono Friuli Venezia Giulia\u201d<\/p>\n","protected":false},"author":28,"featured_media":72841,"comment_status":"closed","ping_status":"closed","sticky":false,"template":"","format":"image","meta":{"dwc-title":[""],"dwc-content":[""],"footnotes":""},"categories":[8],"tags":[261,826,417,1158,419],"class_list":["post-72840","post","type-post","status-publish","format-image","has-post-thumbnail","hentry","category-turismo","tag-eventi","tag-eventi-fvg","tag-food","tag-pro-loco","tag-tradizioni","post_format-post-format-image"],"rttpg_featured_image_url":{"full":["https:\/\/imagazine.it\/wp-content\/uploads\/2026\/04\/sapori-pro-loco-2024.jpg",1366,910,false],"landscape":["https:\/\/imagazine.it\/wp-content\/uploads\/2026\/04\/sapori-pro-loco-2024.jpg",1366,910,false],"portraits":["https:\/\/imagazine.it\/wp-content\/uploads\/2026\/04\/sapori-pro-loco-2024.jpg",1366,910,false],"thumbnail":["https:\/\/imagazine.it\/wp-content\/uploads\/2026\/04\/sapori-pro-loco-2024-150x150.jpg",150,150,true],"medium":["https:\/\/imagazine.it\/wp-content\/uploads\/2026\/04\/sapori-pro-loco-2024-300x200.jpg",300,200,true],"large":["https:\/\/imagazine.it\/wp-content\/uploads\/2026\/04\/sapori-pro-loco-2024-1024x682.jpg",640,426,true],"thumblist":["https:\/\/imagazine.it\/wp-content\/uploads\/2026\/04\/sapori-pro-loco-2024-300x300.jpg",300,300,true],"thumbrelated":["https:\/\/imagazine.it\/wp-content\/uploads\/2026\/04\/sapori-pro-loco-2024-500x500.jpg",500,500,true],"meccarouselthumb":["https:\/\/imagazine.it\/wp-content\/uploads\/2026\/04\/sapori-pro-loco-2024-474x324.jpg",474,324,true],"gridsquare":["https:\/\/imagazine.it\/wp-content\/uploads\/2026\/04\/sapori-pro-loco-2024-391x260.jpg",391,260,true],"tileview":["https:\/\/imagazine.it\/wp-content\/uploads\/2026\/04\/sapori-pro-loco-2024-300x400.jpg",300,400,true],"1536x1536":["https:\/\/imagazine.it\/wp-content\/uploads\/2026\/04\/sapori-pro-loco-2024.jpg",1366,910,false],"2048x2048":["https:\/\/imagazine.it\/wp-content\/uploads\/2026\/04\/sapori-pro-loco-2024.jpg",1366,910,false],"newsup-slider-full":["https:\/\/imagazine.it\/wp-content\/uploads\/2026\/04\/sapori-pro-loco-2024-1280x720.jpg",1280,720,true],"newsup-featured":["https:\/\/imagazine.it\/wp-content\/uploads\/2026\/04\/sapori-pro-loco-2024-1024x682.jpg",1024,682,true],"newsup-medium":["https:\/\/imagazine.it\/wp-content\/uploads\/2026\/04\/sapori-pro-loco-2024-720x380.jpg",720,380,true],"tptn_thumbnail":["https:\/\/imagazine.it\/wp-content\/uploads\/2026\/04\/sapori-pro-loco-2024-250x210.jpg",250,210,true],"sow-carousel-default":["https:\/\/imagazine.it\/wp-content\/uploads\/2026\/04\/sapori-pro-loco-2024-272x182.jpg",272,182,true]},"rttpg_author":{"display_name":"redazione","author_link":"https:\/\/imagazine.it\/home_desk\/author\/redazione\/"},"rttpg_comment":0,"rttpg_category":"<a href=\"https:\/\/imagazine.it\/home_desk\/category\/turismo\/\" rel=\"category tag\">TURISMO<\/a>","rttpg_excerpt":"Ufficializzate le date della 23\u00aa edizione. Fulcro del programma sar\u00e0 l\u2019area \u201cIo sono Friuli Venezia Giulia\u201d","_links":{"self":[{"href":"https:\/\/imagazine.it\/home_desk\/wp-json\/wp\/v2\/posts\/72840","targetHints":{"allow":["GET"]}}],"collection":[{"href":"https:\/\/imagazine.it\/home_desk\/wp-json\/wp\/v2\/posts"}],"about":[{"href":"https:\/\/imagazine.it\/home_desk\/wp-json\/wp\/v2\/types\/post"}],"author":[{"embeddable":true,"href":"https:\/\/imagazine.it\/home_desk\/wp-json\/wp\/v2\/users\/28"}],"replies":[{"embeddable":true,"href":"https:\/\/imagazine.it\/home_desk\/wp-json\/wp\/v2\/comments?post=72840"}],"version-history":[{"count":2,"href":"https:\/\/imagazine.it\/home_desk\/wp-json\/wp\/v2\/posts\/72840\/revisions"}],"predecessor-version":[{"id":72843,"href":"https:\/\/imagazine.it\/home_desk\/wp-json\/wp\/v2\/posts\/72840\/revisions\/72843"}],"wp:featuredmedia":[{"embeddable":true,"href":"https:\/\/imagazine.it\/home_desk\/wp-json\/wp\/v2\/media\/72841"}],"wp:attachment":[{"href":"https:\/\/imagazine.it\/home_desk\/wp-json\/wp\/v2\/media?parent=72840"}],"wp:term":[{"taxonomy":"category","embeddable":true,"href":"https:\/\/imagazine.it\/home_desk\/wp-json\/wp\/v2\/categories?post=72840"},{"taxonomy":"post_tag","embeddable":true,"href":"https:\/\/imagazine.it\/home_desk\/wp-json\/wp\/v2\/tags?post=72840"}],"curies":[{"name":"wp","href":"https:\/\/api.w.org\/{rel}","templated":true}]}}