{"id":72791,"date":"2026-04-02T12:35:33","date_gmt":"2026-04-02T10:35:33","guid":{"rendered":"https:\/\/imagazine.it\/home_desk\/?p=72791"},"modified":"2026-04-03T16:33:44","modified_gmt":"2026-04-03T14:33:44","slug":"rinnovati-i-parcheggi-dellaeroporto","status":"publish","type":"post","link":"https:\/\/imagazine.it\/home_desk\/rinnovati-i-parcheggi-dellaeroporto\/","title":{"rendered":"Rinnovati i parcheggi dell&#8217;aeroporto"},"content":{"rendered":"<h6>Panoramica dell&#8217;aeroporto e del polo intermodale di Ronchi dei Legionari<\/h6>\n<p>&nbsp;<\/p>\n<p>RONCHI DEI LEGIONARI \u2013 Ultimato l\u2019<strong>ammodernamento<\/strong> <strong>dei parcheggi dell\u2019aeroporto<\/strong>, lato terminal.<\/p>\n<p>L\u2019intervento di riqualifica di queste aree \u2013 che si inserisce in un pi\u00f9 ampio progetto finanziato da Regione FVG e riguardante l\u2019intera mobilit\u00e0 leggera regionale \u2013 \u00e8 stato avviato nel marzo 2025 e risulta attualmente completato nella parte riguardante i parcheggi dell\u2019aerostazione.<\/p>\n<p>Le <strong>restanti opere<\/strong>, tra cui il raccordo delle esistenti piste ciclabili di Ronchi dei Legionari e San Canzian d\u2019Isonzo tramite il tratto fronte aeroporto, saranno ultimate entro il <strong>mese di maggio<\/strong>.<\/p>\n<p>La riapertura delle nuove aree <em>park<\/em> comporta una sostanziale riorganizzazione degli spazi di sosta e l\u2019introduzione di nuovi servizi dedicati ai passeggeri.<\/p>\n<p>Trieste Airport mette a disposizione dell\u2019utenza complessivamente un migliaio di posti auto sul lato <em>terminal<\/em>, distribuiti tra soste brevi, medie e lunghe, con soluzioni pensate per rispondere alle diverse esigenze di viaggio.<\/p>\n<p>Lato polo intermodale, proseguono invece i lavori di adeguamento della viabilit\u00e0, grazie ai quali sar\u00e0 possibile <strong>aumentare il numero di stalli disponibili di 51 unit\u00e0 per il Park P8<\/strong> scoperto, che conter\u00e0 un totale di 1.051 posti auto, mentre resta invariato il parcheggio multipiano P7 dotato di 450 posti auto coperti disponibili.<\/p>\n<p>Sono confermate tutte le agevolazioni per i viaggiatori pendolari che utilizzano il trasporto pubblico locale (treno e bus) e che, in particolare, prevedono la sosta breve gratuita di 30 minuti e la conseguente tariffa agevolata di 1 \u20ac per le ulteriori 12 ore consecutive di sosta sul parcheggio P8.<\/p>\n<p>Tutti i parcheggi a sosta medio-lunga sono prenotabili <em>online<\/em> grazie a un nuovo sistema <em>web<\/em> che proporr\u00e0 scotistiche <em>ad hoc<\/em> per i passeggeri in determinati periodi della stagione, mentre per le aziende sar\u00e0 possibile sottoscrivere convenzioni e abbonamenti agevolati al fine di poter usufruire al meglio dei servizi di parcheggio che l\u2019aeroporto mette a disposizione.<\/p>\n<p><img loading=\"lazy\" decoding=\"async\" class=\"aligncenter size-full wp-image-72794\" src=\"https:\/\/imagazine.it\/wp-content\/uploads\/2026\/04\/parcheggi.jpg\" alt=\"\" width=\"800\" height=\"541\" title=\"\" srcset=\"https:\/\/imagazine.it\/wp-content\/uploads\/2026\/04\/parcheggi.jpg 800w, https:\/\/imagazine.it\/wp-content\/uploads\/2026\/04\/parcheggi-300x203.jpg 300w, https:\/\/imagazine.it\/wp-content\/uploads\/2026\/04\/parcheggi-768x519.jpg 768w\" sizes=\"auto, (max-width: 800px) 100vw, 800px\" \/><\/p>\n<p>Viene, inoltre, reintrodotta la possibilit\u00e0 per gli utenti di usufruire gratuitamente della corsia c.d<em>. Kiss &amp; Fly<\/em> di fronte all\u2019aerostazione, per carico-scarico e\/o soste inferiori ai 15 minuti.<\/p>\n","protected":false},"excerpt":{"rendered":"<p>A Ronchi dei Legionari in fase di completamento l\u2019ammodernamento delle aree di sosta, con nuove soluzioni per i passeggeri<\/p>\n","protected":false},"author":28,"featured_media":65961,"comment_status":"closed","ping_status":"closed","sticky":false,"template":"","format":"image","meta":{"dwc-title":[""],"dwc-content":[""],"footnotes":""},"categories":[5],"tags":[1119,149,150],"class_list":["post-72791","post","type-post","status-publish","format-image","has-post-thumbnail","hentry","category-attualita","tag-parcheggi","tag-ronchi","tag-trieste-airport","post_format-post-format-image"],"rttpg_featured_image_url":{"full":["https:\/\/imagazine.it\/wp-content\/uploads\/2025\/06\/PANORAMICA-POLO-INTERMODALE-E-TERMINAL-LATO-OVEST.jpg",1366,746,false],"landscape":["https:\/\/imagazine.it\/wp-content\/uploads\/2025\/06\/PANORAMICA-POLO-INTERMODALE-E-TERMINAL-LATO-OVEST.jpg",1366,746,false],"portraits":["https:\/\/imagazine.it\/wp-content\/uploads\/2025\/06\/PANORAMICA-POLO-INTERMODALE-E-TERMINAL-LATO-OVEST.jpg",1366,746,false],"thumbnail":["https:\/\/imagazine.it\/wp-content\/uploads\/2025\/06\/PANORAMICA-POLO-INTERMODALE-E-TERMINAL-LATO-OVEST-150x150.jpg",150,150,true],"medium":["https:\/\/imagazine.it\/wp-content\/uploads\/2025\/06\/PANORAMICA-POLO-INTERMODALE-E-TERMINAL-LATO-OVEST-300x164.jpg",300,164,true],"large":["https:\/\/imagazine.it\/wp-content\/uploads\/2025\/06\/PANORAMICA-POLO-INTERMODALE-E-TERMINAL-LATO-OVEST-1024x559.jpg",640,349,true],"thumblist":["https:\/\/imagazine.it\/wp-content\/uploads\/2025\/06\/PANORAMICA-POLO-INTERMODALE-E-TERMINAL-LATO-OVEST-300x300.jpg",300,300,true],"thumbrelated":["https:\/\/imagazine.it\/wp-content\/uploads\/2025\/06\/PANORAMICA-POLO-INTERMODALE-E-TERMINAL-LATO-OVEST-500x500.jpg",500,500,true],"meccarouselthumb":["https:\/\/imagazine.it\/wp-content\/uploads\/2025\/06\/PANORAMICA-POLO-INTERMODALE-E-TERMINAL-LATO-OVEST-474x324.jpg",474,324,true],"gridsquare":["https:\/\/imagazine.it\/wp-content\/uploads\/2025\/06\/PANORAMICA-POLO-INTERMODALE-E-TERMINAL-LATO-OVEST-391x260.jpg",391,260,true],"tileview":["https:\/\/imagazine.it\/wp-content\/uploads\/2025\/06\/PANORAMICA-POLO-INTERMODALE-E-TERMINAL-LATO-OVEST-300x400.jpg",300,400,true],"1536x1536":["https:\/\/imagazine.it\/wp-content\/uploads\/2025\/06\/PANORAMICA-POLO-INTERMODALE-E-TERMINAL-LATO-OVEST.jpg",1366,746,false],"2048x2048":["https:\/\/imagazine.it\/wp-content\/uploads\/2025\/06\/PANORAMICA-POLO-INTERMODALE-E-TERMINAL-LATO-OVEST.jpg",1366,746,false],"newsup-slider-full":["https:\/\/imagazine.it\/wp-content\/uploads\/2025\/06\/PANORAMICA-POLO-INTERMODALE-E-TERMINAL-LATO-OVEST-1280x720.jpg",1280,720,true],"newsup-featured":["https:\/\/imagazine.it\/wp-content\/uploads\/2025\/06\/PANORAMICA-POLO-INTERMODALE-E-TERMINAL-LATO-OVEST-1024x559.jpg",1024,559,true],"newsup-medium":["https:\/\/imagazine.it\/wp-content\/uploads\/2025\/06\/PANORAMICA-POLO-INTERMODALE-E-TERMINAL-LATO-OVEST-720x380.jpg",720,380,true],"tptn_thumbnail":["https:\/\/imagazine.it\/wp-content\/uploads\/2025\/06\/PANORAMICA-POLO-INTERMODALE-E-TERMINAL-LATO-OVEST-250x210.jpg",250,210,true],"sow-carousel-default":["https:\/\/imagazine.it\/wp-content\/uploads\/2025\/06\/PANORAMICA-POLO-INTERMODALE-E-TERMINAL-LATO-OVEST-272x182.jpg",272,182,true]},"rttpg_author":{"display_name":"redazione","author_link":"https:\/\/imagazine.it\/home_desk\/author\/redazione\/"},"rttpg_comment":0,"rttpg_category":"<a href=\"https:\/\/imagazine.it\/home_desk\/category\/attualita\/\" rel=\"category tag\">ATTUALIT\u00c0<\/a>","rttpg_excerpt":"A Ronchi dei Legionari in fase di completamento l\u2019ammodernamento delle aree di sosta, con nuove soluzioni per i passeggeri","_links":{"self":[{"href":"https:\/\/imagazine.it\/home_desk\/wp-json\/wp\/v2\/posts\/72791","targetHints":{"allow":["GET"]}}],"collection":[{"href":"https:\/\/imagazine.it\/home_desk\/wp-json\/wp\/v2\/posts"}],"about":[{"href":"https:\/\/imagazine.it\/home_desk\/wp-json\/wp\/v2\/types\/post"}],"author":[{"embeddable":true,"href":"https:\/\/imagazine.it\/home_desk\/wp-json\/wp\/v2\/users\/28"}],"replies":[{"embeddable":true,"href":"https:\/\/imagazine.it\/home_desk\/wp-json\/wp\/v2\/comments?post=72791"}],"version-history":[{"count":4,"href":"https:\/\/imagazine.it\/home_desk\/wp-json\/wp\/v2\/posts\/72791\/revisions"}],"predecessor-version":[{"id":72796,"href":"https:\/\/imagazine.it\/home_desk\/wp-json\/wp\/v2\/posts\/72791\/revisions\/72796"}],"wp:featuredmedia":[{"embeddable":true,"href":"https:\/\/imagazine.it\/home_desk\/wp-json\/wp\/v2\/media\/65961"}],"wp:attachment":[{"href":"https:\/\/imagazine.it\/home_desk\/wp-json\/wp\/v2\/media?parent=72791"}],"wp:term":[{"taxonomy":"category","embeddable":true,"href":"https:\/\/imagazine.it\/home_desk\/wp-json\/wp\/v2\/categories?post=72791"},{"taxonomy":"post_tag","embeddable":true,"href":"https:\/\/imagazine.it\/home_desk\/wp-json\/wp\/v2\/tags?post=72791"}],"curies":[{"name":"wp","href":"https:\/\/api.w.org\/{rel}","templated":true}]}}