{"id":72740,"date":"2026-03-31T18:07:37","date_gmt":"2026-03-31T16:07:37","guid":{"rendered":"https:\/\/imagazine.it\/home_desk\/?p=72740"},"modified":"2026-04-02T10:06:55","modified_gmt":"2026-04-02T08:06:55","slug":"la-citta-del-futuro-secondo-gli-studenti-goriziani","status":"publish","type":"post","link":"https:\/\/imagazine.it\/home_desk\/la-citta-del-futuro-secondo-gli-studenti-goriziani\/","title":{"rendered":"La citt\u00e0 del futuro secondo gli studenti goriziani"},"content":{"rendered":"<p>GORIZIA \u2013 Per tre giorni, 33 studenti e studentesse delle scuole superiori hanno lavorato fianco a fianco per trasformare idee, bisogni e criticit\u00e0 in proposte concrete di politica pubblica, mettendo al centro la domanda: come rendere la citt\u00e0 pi\u00f9 capace di ascoltare, trattenere e coinvolgere le nuove generazioni.<\/p>\n<p>L\u2019evento si \u00e8 chiuso con una restituzione pubblica, il\u00a0\u201c<em>Gorizia Youth Policyhack<\/em>\u201d, iniziativa che ha coinvolto ragazzi del Polo liceale Dante Alighieri e dell\u2019Istituto Gregor\u010di\u010d Trubar in una maratona progettuale dedicata alle politiche giovanili locali.<\/p>\n<p>L\u2019esperienza si inserisce nel progetto pi\u00f9 ampio promosso dal servizio comunale Politiche giovanili,\u00a0\u201c<em>GO! LABS \u2013 Giovani, opportunit\u00e0 e laboratori per il futuro<\/em>\u201d, realizzato con il contributo del Dipartimento per le Politiche giovanili e il Servizio civile universale e della Regione Friuli Venezia Giulia, Direzione centrale lavoro, formazione, istruzione e famiglia, in attuazione dell\u2019Intesa rep. n. 127\/CU\/2024.<\/p>\n<p>Realizzato in partenariato con il Gect Go, che ha condiviso le proprie esperienze e i risultati delle attivit\u00e0 di <em>outreach<\/em> giovanile sviluppate nell\u2019anno della Capitale europea della cultura GO! 2025, il percorso ha lanciato ai partecipanti la sfida di elaborare una proposta di politica pubblica concreta e realizzabile, capace di rafforzare il coinvolgimento dei giovani nel territorio goriziano, valorizzando e ripensando le realt\u00e0 esistenti alla luce dei nuovi bisogni.<\/p>\n<p>Ad aggiudicarsi il premio (100 euro per ciascun componente, da spendere nelle librerie di Gorizia) \u00e8 stato il gruppo che ha presentato un progetto che ruota attorno alla Formazione Scuola-Lavoro (FSL) composto da <strong>Noemi Bonvissuto<\/strong>, <strong>Francesco Cumin<\/strong>, <strong>Tassilo Marini<\/strong> (liceo scientifico), <strong>Grazia Olivo<\/strong> (liceo linguistico), <strong>Daniele Visintin<\/strong> (liceo economico-sociale).<\/p>\n<p><strong>Sara Aurora Sverzut<\/strong> (liceo scientifico) ha vinto una menzione d\u2019onore come best speaker.<\/p>\n<figure id=\"attachment_72741\" aria-describedby=\"caption-attachment-72741\" style=\"width: 800px\" class=\"wp-caption aligncenter\"><img loading=\"lazy\" decoding=\"async\" class=\"size-full wp-image-72741\" src=\"https:\/\/imagazine.it\/wp-content\/uploads\/2026\/03\/Hackaton-premiati.jpg\" alt=\"\" width=\"800\" height=\"602\" title=\"\" srcset=\"https:\/\/imagazine.it\/wp-content\/uploads\/2026\/03\/Hackaton-premiati.jpg 800w, https:\/\/imagazine.it\/wp-content\/uploads\/2026\/03\/Hackaton-premiati-300x226.jpg 300w, https:\/\/imagazine.it\/wp-content\/uploads\/2026\/03\/Hackaton-premiati-768x578.jpg 768w\" sizes=\"auto, (max-width: 800px) 100vw, 800px\" \/><figcaption id=\"caption-attachment-72741\" class=\"wp-caption-text\">I premiati assieme alla vicesindaca Gatta<\/figcaption><\/figure>\n<p>A curare il percorso \u00e8 stata WAYouth ETS, associazione no profit composta da oltre 70 giovani under 25.<\/p>\n<p>Nel corso della maratona, i partecipanti, divisi in sei gruppi e affiancati da giovani <em>mentor<\/em>, hanno affrontato un percorso di 15 ore di <em>challenge-based learning<\/em>. Il lavoro \u00e8 partito dall\u2019analisi dei bisogni e delle criticit\u00e0 che Gorizia incontra nel trattenere i giovani sul territorio, per arrivare alla definizione di proposte operative.<\/p>\n<p>I temi affrontati hanno toccato alcuni dei nodi pi\u00f9 sensibili per le nuove generazioni: mobilit\u00e0, spazi di aggregazione, partecipazione, opportunit\u00e0 formative e lavorative. I progetti finali sono stati pensati per essere realistici, misurabili e potenzialmente attuabili.<\/p>\n<p>La presentazione conclusiva si \u00e8 svolta in forma pubblica davanti ai rappresentanti delle istituzioni coinvolte: per il Comune di Gorizia l\u2019assessore alle Politiche giovanili <strong>Chiara Gatta<\/strong> e la dirigente del Settore Affari generali e istituzionali <strong>Antonella Manto<\/strong>; per il Gect Go il referente <strong>Ezio Benedetti<\/strong>; per l\u2019Ufficio scolastico provinciale la professoressa <strong>Mara Vecchiet<\/strong>.<\/p>\n<p>A valutare le proposte un gruppo da tecnici ed esperti del settore: <strong>Sara Vidoz<\/strong>, referente del servizio Politiche giovanili del Comune di Gorizia; <strong>Francesco Tomba<\/strong>, associato di WAYouth ETS e dottorando presso l\u2019UNITS; <strong>Filippo Sartori<\/strong>, presidente della Consulta provinciale studentesca; <strong>Daniele Del Bianco<\/strong>, direttore di Isig \u2013 Istituto di Sociologia Internazionale di Gorizia, con il ricercatore junior <strong>Elia Ferlat<\/strong>; <strong>Chiara Isadora Artico<\/strong> del Gect Go.<\/p>\n","protected":false},"excerpt":{"rendered":"<p>Trentatr\u00e9 allievi delle scuole superiori hanno lavorato fianco a fianco per trasformare idee, bisogni e criticit\u00e0 in proposte concrete di politica pubblica<\/p>\n","protected":false},"author":28,"featured_media":72743,"comment_status":"closed","ping_status":"closed","sticky":false,"template":"","format":"image","meta":{"dwc-title":[""],"dwc-content":[""],"footnotes":""},"categories":[6],"tags":[83,43,129,128],"class_list":["post-72740","post","type-post","status-publish","format-image","has-post-thumbnail","hentry","category-societa","tag-giovani","tag-gorizia","tag-scuola","tag-studenti","post_format-post-format-image"],"rttpg_featured_image_url":{"full":["https:\/\/imagazine.it\/wp-content\/uploads\/2026\/03\/Hackaton.jpg",1366,775,false],"landscape":["https:\/\/imagazine.it\/wp-content\/uploads\/2026\/03\/Hackaton.jpg",1366,775,false],"portraits":["https:\/\/imagazine.it\/wp-content\/uploads\/2026\/03\/Hackaton.jpg",1366,775,false],"thumbnail":["https:\/\/imagazine.it\/wp-content\/uploads\/2026\/03\/Hackaton-150x150.jpg",150,150,true],"medium":["https:\/\/imagazine.it\/wp-content\/uploads\/2026\/03\/Hackaton-300x170.jpg",300,170,true],"large":["https:\/\/imagazine.it\/wp-content\/uploads\/2026\/03\/Hackaton-1024x581.jpg",640,363,true],"thumblist":["https:\/\/imagazine.it\/wp-content\/uploads\/2026\/03\/Hackaton-300x300.jpg",300,300,true],"thumbrelated":["https:\/\/imagazine.it\/wp-content\/uploads\/2026\/03\/Hackaton-500x500.jpg",500,500,true],"meccarouselthumb":["https:\/\/imagazine.it\/wp-content\/uploads\/2026\/03\/Hackaton-474x324.jpg",474,324,true],"gridsquare":["https:\/\/imagazine.it\/wp-content\/uploads\/2026\/03\/Hackaton-391x260.jpg",391,260,true],"tileview":["https:\/\/imagazine.it\/wp-content\/uploads\/2026\/03\/Hackaton-300x400.jpg",300,400,true],"1536x1536":["https:\/\/imagazine.it\/wp-content\/uploads\/2026\/03\/Hackaton.jpg",1366,775,false],"2048x2048":["https:\/\/imagazine.it\/wp-content\/uploads\/2026\/03\/Hackaton.jpg",1366,775,false],"newsup-slider-full":["https:\/\/imagazine.it\/wp-content\/uploads\/2026\/03\/Hackaton-1280x720.jpg",1280,720,true],"newsup-featured":["https:\/\/imagazine.it\/wp-content\/uploads\/2026\/03\/Hackaton-1024x581.jpg",1024,581,true],"newsup-medium":["https:\/\/imagazine.it\/wp-content\/uploads\/2026\/03\/Hackaton-720x380.jpg",720,380,true],"tptn_thumbnail":["https:\/\/imagazine.it\/wp-content\/uploads\/2026\/03\/Hackaton-250x210.jpg",250,210,true],"sow-carousel-default":["https:\/\/imagazine.it\/wp-content\/uploads\/2026\/03\/Hackaton-272x182.jpg",272,182,true]},"rttpg_author":{"display_name":"redazione","author_link":"https:\/\/imagazine.it\/home_desk\/author\/redazione\/"},"rttpg_comment":0,"rttpg_category":"<a href=\"https:\/\/imagazine.it\/home_desk\/category\/societa\/\" rel=\"category tag\">SOCIET\u00c0<\/a>","rttpg_excerpt":"Trentatr\u00e9 allievi delle scuole superiori hanno lavorato fianco a fianco per trasformare idee, bisogni e criticit\u00e0 in proposte concrete di politica pubblica","_links":{"self":[{"href":"https:\/\/imagazine.it\/home_desk\/wp-json\/wp\/v2\/posts\/72740","targetHints":{"allow":["GET"]}}],"collection":[{"href":"https:\/\/imagazine.it\/home_desk\/wp-json\/wp\/v2\/posts"}],"about":[{"href":"https:\/\/imagazine.it\/home_desk\/wp-json\/wp\/v2\/types\/post"}],"author":[{"embeddable":true,"href":"https:\/\/imagazine.it\/home_desk\/wp-json\/wp\/v2\/users\/28"}],"replies":[{"embeddable":true,"href":"https:\/\/imagazine.it\/home_desk\/wp-json\/wp\/v2\/comments?post=72740"}],"version-history":[{"count":1,"href":"https:\/\/imagazine.it\/home_desk\/wp-json\/wp\/v2\/posts\/72740\/revisions"}],"predecessor-version":[{"id":72742,"href":"https:\/\/imagazine.it\/home_desk\/wp-json\/wp\/v2\/posts\/72740\/revisions\/72742"}],"wp:featuredmedia":[{"embeddable":true,"href":"https:\/\/imagazine.it\/home_desk\/wp-json\/wp\/v2\/media\/72743"}],"wp:attachment":[{"href":"https:\/\/imagazine.it\/home_desk\/wp-json\/wp\/v2\/media?parent=72740"}],"wp:term":[{"taxonomy":"category","embeddable":true,"href":"https:\/\/imagazine.it\/home_desk\/wp-json\/wp\/v2\/categories?post=72740"},{"taxonomy":"post_tag","embeddable":true,"href":"https:\/\/imagazine.it\/home_desk\/wp-json\/wp\/v2\/tags?post=72740"}],"curies":[{"name":"wp","href":"https:\/\/api.w.org\/{rel}","templated":true}]}}