{"id":72731,"date":"2026-03-31T17:24:34","date_gmt":"2026-03-31T15:24:34","guid":{"rendered":"https:\/\/imagazine.it\/home_desk\/?p=72731"},"modified":"2026-04-01T13:04:04","modified_gmt":"2026-04-01T11:04:04","slug":"nuova-linea-urbana-transfrontaliera-gorizia-nova-gorica","status":"publish","type":"post","link":"https:\/\/imagazine.it\/home_desk\/nuova-linea-urbana-transfrontaliera-gorizia-nova-gorica\/","title":{"rendered":"Nuova linea urbana transfrontaliera Gorizia &#8211; Nova Gorica"},"content":{"rendered":"<p>GORIZIA \u2013 A partire da <strong>mercoled\u00ec 1\u00b0 aprile 2026 <\/strong>entra in servizio la <strong>nuova linea urbana transfrontaliera Gorizia \u2013 Nova Gorica<\/strong>, evoluzione dello storico collegamento potenziato nel corso del 2025 in occasione di GO!2025 \u2013 Capitale Europea della Cultura.<\/p>\n<p>Dopo il successo registrato lo scorso anno, con oltre 83.000 passeggeri trasportati, il servizio non torna alla configurazione precedente, ma viene <strong>ripensato e consolidato <\/strong>per rispondere in modo pi\u00f9 efficace alle esigenze di mobilit\u00e0 quotidiana dell\u2019area transfrontaliera.<\/p>\n<p>L\u2019obiettivo \u00e8 offrire un <strong>collegamento stabile e funzionale<\/strong> non solo per lavoratori e studenti, ma anche per i cittadini che si spostano per il tempo libero e per i visitatori.<\/p>\n<p>Il servizio \u00e8 finanziato dalla <strong>Regione Friuli Venezia Giulia e dal Comune di Nova Gorica<\/strong>, a conferma dell\u2019impegno congiunto nel sostenere soluzioni di mobilit\u00e0 integrate e sostenibili.<\/p>\n<p>La gestione 2026 \u00e8 nuovamente <strong>condivisa tra APT Gorizia \/ TPL FVG e l\u2019operatore sloveno Nomago <\/strong>in un modello di collaborazione transfrontaliera che riflette lo spirito di integrazione tra i due territori; nei giorni feriali le corse del mattino sono affidate a Nomago, mentre quelle del pomeriggio sono operate da APT, viceversa nei giorni festivi.<\/p>\n<p>Il servizio, <strong>attivo tutti i giorni<\/strong>, prevede 16 corse di andata e 16 di ritorno nei giorni feriali e 15 nei festivi, con una frequenza compresa tra i 40 e i 60 minuti.<\/p>\n<p>Rispetto al passato viene quindi <strong>ampliata sia l\u2019offerta complessiva <\/strong>(12 corse in pi\u00f9 al giorno) sia la disponibilit\u00e0 nei giorni festivi, garantendo continuit\u00e0 durante l\u2019intero anno, a eccezione di alcune giornate specifiche in cui il servizio \u00e8 sospeso (Pasqua, 1\u00b0 maggio, 15 agosto e Natale).<\/p>\n<p>Il percorso, modificato dall\u20191 aprile, collega direttamente i principali nodi di interscambio e i centri urbani delle due citt\u00e0: dal centro intermodale passeggeri di Gorizia, che comprende la stazione ferroviaria e il terminal bus, la linea attraversa il cuore della citt\u00e0 e, tramite il valico di San Gabriele, raggiunge la stazione ferroviaria di Nova Gorica, il centro citt\u00e0 e l\u2019autostazione.<\/p>\n<h3>Orari<\/h3>\n<p>Partenze da Gorizia centro intermodale passeggeri<\/p>\n<ul>\n<li>prima corsa giorni feriali ore 07:25 \u2013 ultima corsa ore 20:00<\/li>\n<li>prima corsa giorni festivi ore 07:50 \u2013 ultima corsa ore 20:00<\/li>\n<\/ul>\n<p>Partenze da Nova Gorica autostazione<\/p>\n<ul>\n<li>Prima corsa giorni feriali ore 06:50 \u2013 ultima corsa ore 20:20<\/li>\n<li>Prima corsa giorni festivi ore 08:15 \u2013 ultima corsa ore 20:25<\/li>\n<\/ul>\n<h3><strong>Tariffe <\/strong><\/h3>\n<p>BIGLIETTO 60 MINUTI CORSA SEMPLICE: \u20ac 1,70<br \/>\nConsente l\u2019effettuazione di una corsa sul servizio transfrontaliero con prosecuzione, entro 60 minuti dalla validazione, sulle linee urbane di Gorizia.<\/p>\n<p>BIGLIETTO GIORNALIERO: \u20ac 3,40<br \/>\nValido sulla linea transfrontaliera urbana e su tutte le linee del servizio urbano di Gorizia fino alla mezzanotte del giorno di convalida o di acquisto a bordo.<\/p>\n<p>Gratuit\u00e0: i minori di 10 anni accompagnati da un familiare viaggiano gratuitamente.<\/p>\n<p>Modalit\u00e0 di acquisto:<\/p>\n<ul>\n<li>A bordo bus: pagamento cashless (anche in contanti su corse operate da NOMAGO)<\/li>\n<li>Biglietterie e punti vendita autorizzati TPL FVG \/ APT<\/li>\n<li>Biglietteria autostazione di Nova Gorica<\/li>\n<li>In fase di verifica l\u2019integrazione dei sistemi di pagamento anche attraverso app (TPL FVG e GLIMBLE)<\/li>\n<\/ul>\n<p>Altre info sito <a href=\"http:\/\/www.aptgorizia.it\" target=\"_blank\" rel=\"noopener\">www.aptgorizia.it<\/a><\/p>\n","protected":false},"excerpt":{"rendered":"<p>Evoluzione del collegamento potenziato per GO!2025, sar\u00e0 attiva tutti i giorni. Gestita da APT e Nomago<\/p>\n","protected":false},"author":28,"featured_media":72732,"comment_status":"closed","ping_status":"closed","sticky":false,"template":"","format":"image","meta":{"dwc-title":[""],"dwc-content":[""],"footnotes":""},"categories":[5],"tags":[1968,43,184,86],"class_list":["post-72731","post","type-post","status-publish","format-image","has-post-thumbnail","hentry","category-attualita","tag-bus","tag-gorizia","tag-nova-gorica","tag-trasporti","post_format-post-format-image"],"rttpg_featured_image_url":{"full":["https:\/\/imagazine.it\/wp-content\/uploads\/2026\/03\/linea-transfrontaliera-marzo-2026-CIN1.jpeg",1366,752,false],"landscape":["https:\/\/imagazine.it\/wp-content\/uploads\/2026\/03\/linea-transfrontaliera-marzo-2026-CIN1.jpeg",1366,752,false],"portraits":["https:\/\/imagazine.it\/wp-content\/uploads\/2026\/03\/linea-transfrontaliera-marzo-2026-CIN1.jpeg",1366,752,false],"thumbnail":["https:\/\/imagazine.it\/wp-content\/uploads\/2026\/03\/linea-transfrontaliera-marzo-2026-CIN1-150x150.jpeg",150,150,true],"medium":["https:\/\/imagazine.it\/wp-content\/uploads\/2026\/03\/linea-transfrontaliera-marzo-2026-CIN1-300x165.jpeg",300,165,true],"large":["https:\/\/imagazine.it\/wp-content\/uploads\/2026\/03\/linea-transfrontaliera-marzo-2026-CIN1-1024x564.jpeg",640,353,true],"thumblist":["https:\/\/imagazine.it\/wp-content\/uploads\/2026\/03\/linea-transfrontaliera-marzo-2026-CIN1-300x300.jpeg",300,300,true],"thumbrelated":["https:\/\/imagazine.it\/wp-content\/uploads\/2026\/03\/linea-transfrontaliera-marzo-2026-CIN1-500x500.jpeg",500,500,true],"meccarouselthumb":["https:\/\/imagazine.it\/wp-content\/uploads\/2026\/03\/linea-transfrontaliera-marzo-2026-CIN1-474x324.jpeg",474,324,true],"gridsquare":["https:\/\/imagazine.it\/wp-content\/uploads\/2026\/03\/linea-transfrontaliera-marzo-2026-CIN1-391x260.jpeg",391,260,true],"tileview":["https:\/\/imagazine.it\/wp-content\/uploads\/2026\/03\/linea-transfrontaliera-marzo-2026-CIN1-300x400.jpeg",300,400,true],"1536x1536":["https:\/\/imagazine.it\/wp-content\/uploads\/2026\/03\/linea-transfrontaliera-marzo-2026-CIN1.jpeg",1366,752,false],"2048x2048":["https:\/\/imagazine.it\/wp-content\/uploads\/2026\/03\/linea-transfrontaliera-marzo-2026-CIN1.jpeg",1366,752,false],"newsup-slider-full":["https:\/\/imagazine.it\/wp-content\/uploads\/2026\/03\/linea-transfrontaliera-marzo-2026-CIN1-1280x720.jpeg",1280,720,true],"newsup-featured":["https:\/\/imagazine.it\/wp-content\/uploads\/2026\/03\/linea-transfrontaliera-marzo-2026-CIN1-1024x564.jpeg",1024,564,true],"newsup-medium":["https:\/\/imagazine.it\/wp-content\/uploads\/2026\/03\/linea-transfrontaliera-marzo-2026-CIN1-720x380.jpeg",720,380,true],"tptn_thumbnail":["https:\/\/imagazine.it\/wp-content\/uploads\/2026\/03\/linea-transfrontaliera-marzo-2026-CIN1-250x210.jpeg",250,210,true],"sow-carousel-default":["https:\/\/imagazine.it\/wp-content\/uploads\/2026\/03\/linea-transfrontaliera-marzo-2026-CIN1-272x182.jpeg",272,182,true]},"rttpg_author":{"display_name":"redazione","author_link":"https:\/\/imagazine.it\/home_desk\/author\/redazione\/"},"rttpg_comment":0,"rttpg_category":"<a href=\"https:\/\/imagazine.it\/home_desk\/category\/attualita\/\" rel=\"category tag\">ATTUALIT\u00c0<\/a>","rttpg_excerpt":"Evoluzione del collegamento potenziato per GO!2025, sar\u00e0 attiva tutti i giorni. Gestita da APT e Nomago","_links":{"self":[{"href":"https:\/\/imagazine.it\/home_desk\/wp-json\/wp\/v2\/posts\/72731","targetHints":{"allow":["GET"]}}],"collection":[{"href":"https:\/\/imagazine.it\/home_desk\/wp-json\/wp\/v2\/posts"}],"about":[{"href":"https:\/\/imagazine.it\/home_desk\/wp-json\/wp\/v2\/types\/post"}],"author":[{"embeddable":true,"href":"https:\/\/imagazine.it\/home_desk\/wp-json\/wp\/v2\/users\/28"}],"replies":[{"embeddable":true,"href":"https:\/\/imagazine.it\/home_desk\/wp-json\/wp\/v2\/comments?post=72731"}],"version-history":[{"count":2,"href":"https:\/\/imagazine.it\/home_desk\/wp-json\/wp\/v2\/posts\/72731\/revisions"}],"predecessor-version":[{"id":72734,"href":"https:\/\/imagazine.it\/home_desk\/wp-json\/wp\/v2\/posts\/72731\/revisions\/72734"}],"wp:featuredmedia":[{"embeddable":true,"href":"https:\/\/imagazine.it\/home_desk\/wp-json\/wp\/v2\/media\/72732"}],"wp:attachment":[{"href":"https:\/\/imagazine.it\/home_desk\/wp-json\/wp\/v2\/media?parent=72731"}],"wp:term":[{"taxonomy":"category","embeddable":true,"href":"https:\/\/imagazine.it\/home_desk\/wp-json\/wp\/v2\/categories?post=72731"},{"taxonomy":"post_tag","embeddable":true,"href":"https:\/\/imagazine.it\/home_desk\/wp-json\/wp\/v2\/tags?post=72731"}],"curies":[{"name":"wp","href":"https:\/\/api.w.org\/{rel}","templated":true}]}}