{"id":72719,"date":"2026-03-31T11:03:06","date_gmt":"2026-03-31T09:03:06","guid":{"rendered":"https:\/\/imagazine.it\/home_desk\/?p=72719"},"modified":"2026-04-01T11:55:59","modified_gmt":"2026-04-01T09:55:59","slug":"una-rete-di-teleriscaldamento-a-energia-rinnovabile","status":"publish","type":"post","link":"https:\/\/imagazine.it\/home_desk\/una-rete-di-teleriscaldamento-a-energia-rinnovabile\/","title":{"rendered":"Una rete di teleriscaldamento a energia rinnovabile"},"content":{"rendered":"<h6>La caldaia a biomassa legnosa in via Grado<\/h6>\n<p>&nbsp;<\/p>\n<p>CERVIGNANO DEL FRIULI \u2013 Il<strong> Comune di Cervignano del Friuli <\/strong>e<strong> Edison Next<\/strong>, societ\u00e0 del Gruppo Edison che accompagna aziende e pubbliche amministrazioni nel percorso di decarbonizzazione, annunciano lo sviluppo di una <strong>nuova rete di teleriscaldamento<\/strong>, alimentata <strong>esclusivamente<\/strong> da <strong>biomassa legnosa<\/strong> <strong>da filiera corta locale<\/strong>, \u201cche \u2013 affermano gli enti in una nota stampa \u2013 innerver\u00e0 l\u2019intero contesto urbano, garantendo risparmi alle utenze allacciate e benefici al territorio\u201d.<\/p>\n<p>L\u2019entrata in esercizio \u00e8 prevista per <strong>ottobre 2026<\/strong>.<\/p>\n<p>La nuova rete di teleriscaldamento consentir\u00e0, a regime, l\u2019allaccio complessivo di circa <strong>110 utenze<\/strong> pubbliche, residenziali e del terziario, coprendo le loro necessit\u00e0 di riscaldamento e acqua calda sanitaria e soddisfacendo un <strong>fabbisogno termico annuo<\/strong> complessivo di circa <strong>16 GWh<\/strong>, che, a fronte di un eventuale incremento delle richieste di allaccio, potrebbe arrivare a circa <strong>20 GWh<\/strong>, corrispondenti ai consumi di <strong>oltre 2.000 famiglie<\/strong>.<\/p>\n<p>L\u2019energia prodotta dall\u2019impianto, alimentato al 100% da fonti rinnovabili, consentir\u00e0 \u2013 secondo Edison Next \u2013 un <strong>risparmio<\/strong> di <strong>circa 5.500 tonnellate di CO<sub>2<\/sub><\/strong>.<\/p>\n<p>Le utenze allacciate potranno godere di un <strong>risparmio<\/strong> sulla <strong>spesa di riscaldamento<\/strong> tra il 10% e il 20% rispetto ai costi attualmente sostenuti, anche grazie al venir meno delle spese legate alla manutenzione e riqualificazione delle singole centrali termiche che verranno sostituite dalla rete di teleriscaldamento.<\/p>\n<p>L\u2019allaccio alla nuova rete consentir\u00e0 anche di <strong>incrementare<\/strong> il <strong>valore degli immobili<\/strong>, grazie al miglioramento della classe energetica legato all\u2019abbattimento dell\u2019utilizzo di combustibili fossili.<\/p>\n<p><em>\u201cLa nuova rete di teleriscaldamento di Cervignano del Friuli \u2013 <\/em>dichiara <strong>Francesco Demichelis<\/strong>, Responsabile Direzione Teleriscaldamento Edison Next<em> \u2013 rappresenta un passo concreto per <\/em><em>rafforzare la sicurezza e l\u2019indipendenza energetica di questo territorio, <\/em><em>rendendolo, inoltre, pi\u00f9 sostenibile, sia dal punto di vista ambientale che economico. Si tratta, infatti, di un\u2019infrastruttura alimentata al 100% da biomassa legnosa, fonte rinnovabile e locale, che porter\u00e0 significativi benefici sia alle utenze allacciate che al territorio: oltre a ridurre i costi e valorizzare gli immobili, la nuova rete garantir\u00e0 un uso pi\u00f9 efficiente e la condivisione di energia green, riducendo le emissioni e favorendo lo sviluppo della filiera economica locale\u201d.<\/em><\/p>\n<p><em>\u201cIl progetto della rete di teleriscaldamento <\/em>\u2013 spiega <strong>Carlo Ballarin<\/strong>, consigliere delegato del Comune di Cervignano del Friuli \u2013<em> \u00e8 il fulcro della strategia ambientale dell\u2019Amministrazione comunale che punta a ridurre l\u2019impatto ambientale della nostra comunit\u00e0, aumentando l\u2019indipendenza energetica. L\u2019infrastruttura garantisce la copertura del fabbisogno energetico dei principali immobili comunali dedicati ai servizi ai cittadini (Sedi municipali, edifici sportivi, Casa di Riposo), oltre a predisporre una fonte rinnovabile per interventi in pianificazione nel prossimo futuro. Vi \u00e8 poi l\u2019importante aspetto economico. Il teleriscaldamento abbatter\u00e0 le spese di gestione in capo al Comune con un effetto di stabilizzazione dei costi nel lungo periodo. Tale opportunit\u00e0 verr\u00e0 offerta anche ai nostri cittadini. Con il teleriscaldamento, Cervignano investe in un futuro pi\u00f9 sostenibile ed efficiente, aumentando le sue potenzialit\u00e0 attrattive\u201d.<\/em><\/p>\n<p>Nel dettaglio, il progetto prevede la realizzazione di <strong>oltre 11 km<\/strong> di una nuova rete di distribuzione di energia termica alimentata da una <strong>caldaia a biomassa legnosa da filiera corta locale<\/strong> di potenza pari a quasi <strong>6 MW<\/strong> e da un <strong>impianto<\/strong> di <strong>cogenerazione<\/strong> (che produce energia elettrica e calore da un&#8217;unica fonte di energia) ad <strong>alto rendimento<\/strong> di potenza pari a circa <strong>4 MW termici<\/strong> e pi\u00f9 di <strong>1 MW elettrico<\/strong>.<\/p>\n<p>Cos\u00ec come la caldaia a biomassa, anche l\u2019impianto cogenerativo utilizzer\u00e0 cippato di legno vergine, che non ha subito trattamenti chimici o biologici, proveniente da manutenzione boschiva, garantendo una fornitura di <strong>energia termica<\/strong> al <strong>100% da fonti rinnovabili<\/strong>.<\/p>\n<p>La produzione e l\u2019utilizzo di energia <em>green<\/em>, oltre a portare notevoli benefici ambientali, consentir\u00e0 di <strong>valorizzare<\/strong> le <strong>risorse locali<\/strong>, favorendo lo sviluppo di un\u2019<strong>economia da filiera corta<\/strong> e stimolando <strong>sinergie<\/strong> tra <strong>attori della comunit\u00e0<\/strong>.<\/p>\n<p>\u00c8 previsto, inoltre, che nella <strong>centrale di produzione<\/strong>, collocata in <strong>via Grado<\/strong>, lontana dal centro abitato e nella zona sud della citt\u00e0, venga installata una <strong>caldaia <\/strong>di <em>backup<\/em> di potenza termica pari a <strong>7 MW<\/strong>, oltre a un <strong>serbatoio di accumulo termico<\/strong> di volumetria pari a <strong>1.500 metri cubi<\/strong>, per consentire lo stoccaggio dell\u2019energia termica necessaria a coprire i carichi di picco e limitare i cicli di accensione e spegnimento, permettendo un funzionamento ottimale dell\u2019impianto per periodi prolungati.<\/p>\n<p>I lavori di realizzazione della rete di teleriscaldamento saranno anche l\u2019occasione per effettuare interventi di <strong>miglioria<\/strong> del <strong>manto stradale<\/strong>.<\/p>\n","protected":false},"excerpt":{"rendered":"<p>L&#8217;accordo tra Comune di Cervignano ed Edison Next punta a ridurre le emissioni e i costi per i cittadini. Entrata in esercizio a ottobre<\/p>\n","protected":false},"author":22,"featured_media":72720,"comment_status":"closed","ping_status":"closed","sticky":false,"template":"","format":"image","meta":{"dwc-title":[""],"dwc-content":[""],"footnotes":""},"categories":[5],"tags":[66,119,339],"class_list":["post-72719","post","type-post","status-publish","format-image","has-post-thumbnail","hentry","category-attualita","tag-ambiente","tag-cervignano","tag-energia","post_format-post-format-image"],"rttpg_featured_image_url":{"full":["https:\/\/imagazine.it\/wp-content\/uploads\/2026\/03\/La-caldaia-a-biomassa-legnosa.jpg",1366,721,false],"landscape":["https:\/\/imagazine.it\/wp-content\/uploads\/2026\/03\/La-caldaia-a-biomassa-legnosa.jpg",1366,721,false],"portraits":["https:\/\/imagazine.it\/wp-content\/uploads\/2026\/03\/La-caldaia-a-biomassa-legnosa.jpg",1366,721,false],"thumbnail":["https:\/\/imagazine.it\/wp-content\/uploads\/2026\/03\/La-caldaia-a-biomassa-legnosa-150x150.jpg",150,150,true],"medium":["https:\/\/imagazine.it\/wp-content\/uploads\/2026\/03\/La-caldaia-a-biomassa-legnosa-300x158.jpg",300,158,true],"large":["https:\/\/imagazine.it\/wp-content\/uploads\/2026\/03\/La-caldaia-a-biomassa-legnosa-1024x540.jpg",640,338,true],"thumblist":["https:\/\/imagazine.it\/wp-content\/uploads\/2026\/03\/La-caldaia-a-biomassa-legnosa-300x300.jpg",300,300,true],"thumbrelated":["https:\/\/imagazine.it\/wp-content\/uploads\/2026\/03\/La-caldaia-a-biomassa-legnosa-500x500.jpg",500,500,true],"meccarouselthumb":["https:\/\/imagazine.it\/wp-content\/uploads\/2026\/03\/La-caldaia-a-biomassa-legnosa-474x324.jpg",474,324,true],"gridsquare":["https:\/\/imagazine.it\/wp-content\/uploads\/2026\/03\/La-caldaia-a-biomassa-legnosa-391x260.jpg",391,260,true],"tileview":["https:\/\/imagazine.it\/wp-content\/uploads\/2026\/03\/La-caldaia-a-biomassa-legnosa-300x400.jpg",300,400,true],"1536x1536":["https:\/\/imagazine.it\/wp-content\/uploads\/2026\/03\/La-caldaia-a-biomassa-legnosa.jpg",1366,721,false],"2048x2048":["https:\/\/imagazine.it\/wp-content\/uploads\/2026\/03\/La-caldaia-a-biomassa-legnosa.jpg",1366,721,false],"newsup-slider-full":["https:\/\/imagazine.it\/wp-content\/uploads\/2026\/03\/La-caldaia-a-biomassa-legnosa-1280x720.jpg",1280,720,true],"newsup-featured":["https:\/\/imagazine.it\/wp-content\/uploads\/2026\/03\/La-caldaia-a-biomassa-legnosa-1024x540.jpg",1024,540,true],"newsup-medium":["https:\/\/imagazine.it\/wp-content\/uploads\/2026\/03\/La-caldaia-a-biomassa-legnosa-720x380.jpg",720,380,true],"tptn_thumbnail":["https:\/\/imagazine.it\/wp-content\/uploads\/2026\/03\/La-caldaia-a-biomassa-legnosa-250x210.jpg",250,210,true],"sow-carousel-default":["https:\/\/imagazine.it\/wp-content\/uploads\/2026\/03\/La-caldaia-a-biomassa-legnosa-272x182.jpg",272,182,true]},"rttpg_author":{"display_name":"Livio Nonis","author_link":"https:\/\/imagazine.it\/home_desk\/author\/nonis\/"},"rttpg_comment":0,"rttpg_category":"<a href=\"https:\/\/imagazine.it\/home_desk\/category\/attualita\/\" rel=\"category tag\">ATTUALIT\u00c0<\/a>","rttpg_excerpt":"L'accordo tra Comune di Cervignano ed Edison Next punta a ridurre le emissioni e i costi per i cittadini. Entrata in esercizio a ottobre","_links":{"self":[{"href":"https:\/\/imagazine.it\/home_desk\/wp-json\/wp\/v2\/posts\/72719","targetHints":{"allow":["GET"]}}],"collection":[{"href":"https:\/\/imagazine.it\/home_desk\/wp-json\/wp\/v2\/posts"}],"about":[{"href":"https:\/\/imagazine.it\/home_desk\/wp-json\/wp\/v2\/types\/post"}],"author":[{"embeddable":true,"href":"https:\/\/imagazine.it\/home_desk\/wp-json\/wp\/v2\/users\/22"}],"replies":[{"embeddable":true,"href":"https:\/\/imagazine.it\/home_desk\/wp-json\/wp\/v2\/comments?post=72719"}],"version-history":[{"count":3,"href":"https:\/\/imagazine.it\/home_desk\/wp-json\/wp\/v2\/posts\/72719\/revisions"}],"predecessor-version":[{"id":72723,"href":"https:\/\/imagazine.it\/home_desk\/wp-json\/wp\/v2\/posts\/72719\/revisions\/72723"}],"wp:featuredmedia":[{"embeddable":true,"href":"https:\/\/imagazine.it\/home_desk\/wp-json\/wp\/v2\/media\/72720"}],"wp:attachment":[{"href":"https:\/\/imagazine.it\/home_desk\/wp-json\/wp\/v2\/media?parent=72719"}],"wp:term":[{"taxonomy":"category","embeddable":true,"href":"https:\/\/imagazine.it\/home_desk\/wp-json\/wp\/v2\/categories?post=72719"},{"taxonomy":"post_tag","embeddable":true,"href":"https:\/\/imagazine.it\/home_desk\/wp-json\/wp\/v2\/tags?post=72719"}],"curies":[{"name":"wp","href":"https:\/\/api.w.org\/{rel}","templated":true}]}}