{"id":72405,"date":"2026-03-18T15:45:31","date_gmt":"2026-03-18T14:45:31","guid":{"rendered":"https:\/\/imagazine.it\/home_desk\/?p=72405"},"modified":"2026-03-19T16:21:58","modified_gmt":"2026-03-19T15:21:58","slug":"fioretto-asu-promossa-in-a2","status":"publish","type":"post","link":"https:\/\/imagazine.it\/home_desk\/fioretto-asu-promossa-in-a2\/","title":{"rendered":"Fioretto: ASU promossa in A2"},"content":{"rendered":"<h6>Da sinistra Del Medico, Paoletti, Pesce e Bertossi<\/h6>\n<p>&nbsp;<\/p>\n<p>UDINE \u2013 L\u2019<strong>Associazione<\/strong> <strong>Sportiva Udinese &#8211; ASU<\/strong> scrive una nuova pagina della sua storia. Al Piacenza Expo, nell&#8217;ambito dei Campionati Italiani a squadre, la formazione di fioretto maschile dell\u2019ASU ha conquistato il <strong>titolo di serie B1<\/strong>, centrando in questo modo il <strong>passaggio in serie A2<\/strong>, al termine di una finale all\u2019ultima stoccata.<\/p>\n<p>La societ\u00e0 bianconera \u00e8 cos\u00ec l\u2019unica in Friuli Venezia Giulia a militare in A.<\/p>\n<p>Il giovane quartetto friulano \u2013 il pi\u00f9 giovane di tutti, con un under 17 e tre under 20 \u2013 composto da <strong>Marco Bertossi<\/strong>, <strong>Lorenzo Del Medico<\/strong>, <strong>Riccardo Paoletti<\/strong> e <strong>Antonio Guido Pesce<\/strong> si \u00e8 imposto con il punteggio di 45-43 sul Club Scherma Montignano Marzocca Senigallia.<\/p>\n<p>Quello della scherma bianconera \u00e8 un traguardo condiviso con la sezione di ginnastica ritmica, da oltre 10 anni protagonista del massimo campionato di serie.<\/p>\n<p>\u00ab<em>\u00c8 una vittoria che nasce dal lavoro quotidiano in palestra e dalla crescita costante di questi ragazzi. Hanno dimostrato maturit\u00e0, spirito di squadra e grande capacit\u00e0 di gestione della pressione. Questo salto di categoria \u00e8 meritato e rappresenta solo un punto di partenza<\/em>\u00bb, auspica il tecnico della squadra, <strong>Fabio Zannier<\/strong>, ringraziando tutto lo staff composto anche dal maestro <strong>Floriano Guizzardi<\/strong>, che era presente in pedana, e dal preparatore <strong>Giovanni Tarantini<\/strong>.<\/p>\n<p>Grande soddisfazione anche nelle parole del presidente dell\u2019ASU, <strong>Alessandro Nutta<\/strong>: \u00ab<em>Questo risultato \u00e8 motivo di orgoglio per tutta la societ\u00e0. La promozione in serie A2 del fioretto maschile testimonia la qualit\u00e0 del lavoro che stiamo portando avanti e rafforza il posizionamento dell\u2019ASU tra le eccellenze sportive nazionali. Avere oggi due squadre in serie A \u00e8 un traguardo importante, che premia atleti, tecnici e tutta la polisportiva. Continueremo a investire con determinazione nello sviluppo dei nostri giovani e nella crescita del movimento<\/em>\u00bb.<\/p>\n","protected":false},"excerpt":{"rendered":"<p>La societ\u00e0 udinese vince il titolo di serie B1 divenendo l\u2019unica compagine del Friuli Venezia Giulia della categoria superiore<\/p>\n","protected":false},"author":28,"featured_media":72406,"comment_status":"closed","ping_status":"closed","sticky":false,"template":"","format":"image","meta":{"dwc-title":[""],"dwc-content":[""],"footnotes":""},"categories":[38],"tags":[477,3730,101],"class_list":["post-72405","post","type-post","status-publish","format-image","has-post-thumbnail","hentry","category-sport","tag-asu","tag-fioretto","tag-udine","post_format-post-format-image"],"rttpg_featured_image_url":{"full":["https:\/\/imagazine.it\/wp-content\/uploads\/2026\/03\/da_sx_Lorenzo-Del-Medico_Riccardo-Paoletti_Antonio-Guido-Pesce_Marco-Bertossi.jpg",1366,760,false],"landscape":["https:\/\/imagazine.it\/wp-content\/uploads\/2026\/03\/da_sx_Lorenzo-Del-Medico_Riccardo-Paoletti_Antonio-Guido-Pesce_Marco-Bertossi.jpg",1366,760,false],"portraits":["https:\/\/imagazine.it\/wp-content\/uploads\/2026\/03\/da_sx_Lorenzo-Del-Medico_Riccardo-Paoletti_Antonio-Guido-Pesce_Marco-Bertossi.jpg",1366,760,false],"thumbnail":["https:\/\/imagazine.it\/wp-content\/uploads\/2026\/03\/da_sx_Lorenzo-Del-Medico_Riccardo-Paoletti_Antonio-Guido-Pesce_Marco-Bertossi-150x150.jpg",150,150,true],"medium":["https:\/\/imagazine.it\/wp-content\/uploads\/2026\/03\/da_sx_Lorenzo-Del-Medico_Riccardo-Paoletti_Antonio-Guido-Pesce_Marco-Bertossi-300x167.jpg",300,167,true],"large":["https:\/\/imagazine.it\/wp-content\/uploads\/2026\/03\/da_sx_Lorenzo-Del-Medico_Riccardo-Paoletti_Antonio-Guido-Pesce_Marco-Bertossi-1024x570.jpg",640,356,true],"thumblist":["https:\/\/imagazine.it\/wp-content\/uploads\/2026\/03\/da_sx_Lorenzo-Del-Medico_Riccardo-Paoletti_Antonio-Guido-Pesce_Marco-Bertossi-300x300.jpg",300,300,true],"thumbrelated":["https:\/\/imagazine.it\/wp-content\/uploads\/2026\/03\/da_sx_Lorenzo-Del-Medico_Riccardo-Paoletti_Antonio-Guido-Pesce_Marco-Bertossi-500x500.jpg",500,500,true],"meccarouselthumb":["https:\/\/imagazine.it\/wp-content\/uploads\/2026\/03\/da_sx_Lorenzo-Del-Medico_Riccardo-Paoletti_Antonio-Guido-Pesce_Marco-Bertossi-474x324.jpg",474,324,true],"gridsquare":["https:\/\/imagazine.it\/wp-content\/uploads\/2026\/03\/da_sx_Lorenzo-Del-Medico_Riccardo-Paoletti_Antonio-Guido-Pesce_Marco-Bertossi-391x260.jpg",391,260,true],"tileview":["https:\/\/imagazine.it\/wp-content\/uploads\/2026\/03\/da_sx_Lorenzo-Del-Medico_Riccardo-Paoletti_Antonio-Guido-Pesce_Marco-Bertossi-300x400.jpg",300,400,true],"1536x1536":["https:\/\/imagazine.it\/wp-content\/uploads\/2026\/03\/da_sx_Lorenzo-Del-Medico_Riccardo-Paoletti_Antonio-Guido-Pesce_Marco-Bertossi.jpg",1366,760,false],"2048x2048":["https:\/\/imagazine.it\/wp-content\/uploads\/2026\/03\/da_sx_Lorenzo-Del-Medico_Riccardo-Paoletti_Antonio-Guido-Pesce_Marco-Bertossi.jpg",1366,760,false],"newsup-slider-full":["https:\/\/imagazine.it\/wp-content\/uploads\/2026\/03\/da_sx_Lorenzo-Del-Medico_Riccardo-Paoletti_Antonio-Guido-Pesce_Marco-Bertossi-1280x720.jpg",1280,720,true],"newsup-featured":["https:\/\/imagazine.it\/wp-content\/uploads\/2026\/03\/da_sx_Lorenzo-Del-Medico_Riccardo-Paoletti_Antonio-Guido-Pesce_Marco-Bertossi-1024x570.jpg",1024,570,true],"newsup-medium":["https:\/\/imagazine.it\/wp-content\/uploads\/2026\/03\/da_sx_Lorenzo-Del-Medico_Riccardo-Paoletti_Antonio-Guido-Pesce_Marco-Bertossi-720x380.jpg",720,380,true],"tptn_thumbnail":["https:\/\/imagazine.it\/wp-content\/uploads\/2026\/03\/da_sx_Lorenzo-Del-Medico_Riccardo-Paoletti_Antonio-Guido-Pesce_Marco-Bertossi-250x210.jpg",250,210,true],"sow-carousel-default":["https:\/\/imagazine.it\/wp-content\/uploads\/2026\/03\/da_sx_Lorenzo-Del-Medico_Riccardo-Paoletti_Antonio-Guido-Pesce_Marco-Bertossi-272x182.jpg",272,182,true]},"rttpg_author":{"display_name":"redazione","author_link":"https:\/\/imagazine.it\/home_desk\/author\/redazione\/"},"rttpg_comment":0,"rttpg_category":"<a href=\"https:\/\/imagazine.it\/home_desk\/category\/sport\/\" rel=\"category tag\">SPORT<\/a>","rttpg_excerpt":"La societ\u00e0 udinese vince il titolo di serie B1 divenendo l\u2019unica compagine del Friuli Venezia Giulia della categoria superiore","_links":{"self":[{"href":"https:\/\/imagazine.it\/home_desk\/wp-json\/wp\/v2\/posts\/72405","targetHints":{"allow":["GET"]}}],"collection":[{"href":"https:\/\/imagazine.it\/home_desk\/wp-json\/wp\/v2\/posts"}],"about":[{"href":"https:\/\/imagazine.it\/home_desk\/wp-json\/wp\/v2\/types\/post"}],"author":[{"embeddable":true,"href":"https:\/\/imagazine.it\/home_desk\/wp-json\/wp\/v2\/users\/28"}],"replies":[{"embeddable":true,"href":"https:\/\/imagazine.it\/home_desk\/wp-json\/wp\/v2\/comments?post=72405"}],"version-history":[{"count":2,"href":"https:\/\/imagazine.it\/home_desk\/wp-json\/wp\/v2\/posts\/72405\/revisions"}],"predecessor-version":[{"id":72408,"href":"https:\/\/imagazine.it\/home_desk\/wp-json\/wp\/v2\/posts\/72405\/revisions\/72408"}],"wp:featuredmedia":[{"embeddable":true,"href":"https:\/\/imagazine.it\/home_desk\/wp-json\/wp\/v2\/media\/72406"}],"wp:attachment":[{"href":"https:\/\/imagazine.it\/home_desk\/wp-json\/wp\/v2\/media?parent=72405"}],"wp:term":[{"taxonomy":"category","embeddable":true,"href":"https:\/\/imagazine.it\/home_desk\/wp-json\/wp\/v2\/categories?post=72405"},{"taxonomy":"post_tag","embeddable":true,"href":"https:\/\/imagazine.it\/home_desk\/wp-json\/wp\/v2\/tags?post=72405"}],"curies":[{"name":"wp","href":"https:\/\/api.w.org\/{rel}","templated":true}]}}