{"id":72396,"date":"2026-03-18T14:33:58","date_gmt":"2026-03-18T13:33:58","guid":{"rendered":"https:\/\/imagazine.it\/home_desk\/?p=72396"},"modified":"2026-03-18T14:33:58","modified_gmt":"2026-03-18T13:33:58","slug":"franco-bulzich-conquista-la-gara-del-salame","status":"publish","type":"post","link":"https:\/\/imagazine.it\/home_desk\/franco-bulzich-conquista-la-gara-del-salame\/","title":{"rendered":"Franco Bulzich conquista la Gara del salame"},"content":{"rendered":"<h6>Franco Bulzich con la vicesindaca di Aiello, Lucia Giaiot<\/h6>\n<p>&nbsp;<\/p>\n<p>AIELLO DEL FRIULI \u2013 Come di consuetudine a met\u00e0 marzo il <strong>Comitato Iniziative Locali (CIL) di Joannis<\/strong> ha organizzato la tradizionale <strong>Gara del Salame<\/strong>, giunta quest&#8217;anno alla sua 28\u00aa edizione.<\/p>\n<p>Sebbene si tratti tecnicamente di una competizione, l&#8217;evento nasconde in realt\u00e0 la profonda volont\u00e0 di fare comunit\u00e0 e di stare in compagnia.<\/p>\n<p>\u00c8 un\u2019occasione per vivere una serata diversa dalle altre, assaggiando ottimi prodotti e, allo stesso tempo, creando unione tra le persone che si ritrovano per raccontarsi e stare insieme.<\/p>\n<p>Quest\u2019anno agli organizzatori sono arrivati <strong>19 salami<\/strong> che, come da tradizione, sono stati assaggiati da tutti i presenti.<\/p>\n<p>I commensali si sono trasformati in giudici attenti: hanno osservato i colori rubino del magro e il bianco del grasso, valutato l\u2019equilibrio tra sale e spezie e saggiato la perfetta compattezza della fetta al palato.<\/p>\n<p>Ognuno ha espresso il proprio parere annotandolo su un apposito foglietto. Mentre la giuria conteggiava i voti, la festa \u00e8 continuata tra i tavoli con la pastasciutta e l&#8217;immancabile radicchio con uova sode.<\/p>\n<p>A concludere la serata, il dolce e il caff\u00e8: una tradizione che, ancora una volta, non \u00e8 venuta meno.<\/p>\n<p>Quest\u2019anno il premio per il miglior salame portato in concorso \u00e8 stato assegnato a <strong>Franco Bulzich<\/strong>, che ha conquistato la giuria con il suo prodotto.<\/p>\n<p>Al posto d\u2019onore si \u00e8 classificato <strong>Luigino Milocco<\/strong>, mentre sul terzo gradino del podio \u00e8 salito <strong>Giovanni Tortolo<\/strong>.<\/p>\n","protected":false},"excerpt":{"rendered":"<p>A Joannis la 28\u00aa edizione dell&#8217;evento. Premiati anche Luigino Milocco e Giovanni Tortolo<\/p>\n","protected":false},"author":22,"featured_media":72397,"comment_status":"closed","ping_status":"closed","sticky":false,"template":"","format":"image","meta":{"dwc-title":[""],"dwc-content":[""],"footnotes":""},"categories":[5],"tags":[126,576,417,380,1639],"class_list":["post-72396","post","type-post","status-publish","format-image","has-post-thumbnail","hentry","category-attualita","tag-aiello","tag-enogastronomia","tag-food","tag-joannis","tag-tradizione","post_format-post-format-image"],"rttpg_featured_image_url":{"full":["https:\/\/imagazine.it\/wp-content\/uploads\/2026\/03\/giaiotBulzich.jpg",1366,780,false],"landscape":["https:\/\/imagazine.it\/wp-content\/uploads\/2026\/03\/giaiotBulzich.jpg",1366,780,false],"portraits":["https:\/\/imagazine.it\/wp-content\/uploads\/2026\/03\/giaiotBulzich.jpg",1366,780,false],"thumbnail":["https:\/\/imagazine.it\/wp-content\/uploads\/2026\/03\/giaiotBulzich-150x150.jpg",150,150,true],"medium":["https:\/\/imagazine.it\/wp-content\/uploads\/2026\/03\/giaiotBulzich-300x171.jpg",300,171,true],"large":["https:\/\/imagazine.it\/wp-content\/uploads\/2026\/03\/giaiotBulzich-1024x585.jpg",640,366,true],"thumblist":["https:\/\/imagazine.it\/wp-content\/uploads\/2026\/03\/giaiotBulzich-300x300.jpg",300,300,true],"thumbrelated":["https:\/\/imagazine.it\/wp-content\/uploads\/2026\/03\/giaiotBulzich-500x500.jpg",500,500,true],"meccarouselthumb":["https:\/\/imagazine.it\/wp-content\/uploads\/2026\/03\/giaiotBulzich-474x324.jpg",474,324,true],"gridsquare":["https:\/\/imagazine.it\/wp-content\/uploads\/2026\/03\/giaiotBulzich-391x260.jpg",391,260,true],"tileview":["https:\/\/imagazine.it\/wp-content\/uploads\/2026\/03\/giaiotBulzich-300x400.jpg",300,400,true],"1536x1536":["https:\/\/imagazine.it\/wp-content\/uploads\/2026\/03\/giaiotBulzich.jpg",1366,780,false],"2048x2048":["https:\/\/imagazine.it\/wp-content\/uploads\/2026\/03\/giaiotBulzich.jpg",1366,780,false],"newsup-slider-full":["https:\/\/imagazine.it\/wp-content\/uploads\/2026\/03\/giaiotBulzich-1280x720.jpg",1280,720,true],"newsup-featured":["https:\/\/imagazine.it\/wp-content\/uploads\/2026\/03\/giaiotBulzich-1024x585.jpg",1024,585,true],"newsup-medium":["https:\/\/imagazine.it\/wp-content\/uploads\/2026\/03\/giaiotBulzich-720x380.jpg",720,380,true],"tptn_thumbnail":["https:\/\/imagazine.it\/wp-content\/uploads\/2026\/03\/giaiotBulzich-250x210.jpg",250,210,true],"sow-carousel-default":["https:\/\/imagazine.it\/wp-content\/uploads\/2026\/03\/giaiotBulzich-272x182.jpg",272,182,true]},"rttpg_author":{"display_name":"Livio Nonis","author_link":"https:\/\/imagazine.it\/home_desk\/author\/nonis\/"},"rttpg_comment":0,"rttpg_category":"<a href=\"https:\/\/imagazine.it\/home_desk\/category\/attualita\/\" rel=\"category tag\">ATTUALIT\u00c0<\/a>","rttpg_excerpt":"A Joannis la 28\u00aa edizione dell'evento. Premiati anche Luigino Milocco e Giovanni Tortolo","_links":{"self":[{"href":"https:\/\/imagazine.it\/home_desk\/wp-json\/wp\/v2\/posts\/72396","targetHints":{"allow":["GET"]}}],"collection":[{"href":"https:\/\/imagazine.it\/home_desk\/wp-json\/wp\/v2\/posts"}],"about":[{"href":"https:\/\/imagazine.it\/home_desk\/wp-json\/wp\/v2\/types\/post"}],"author":[{"embeddable":true,"href":"https:\/\/imagazine.it\/home_desk\/wp-json\/wp\/v2\/users\/22"}],"replies":[{"embeddable":true,"href":"https:\/\/imagazine.it\/home_desk\/wp-json\/wp\/v2\/comments?post=72396"}],"version-history":[{"count":2,"href":"https:\/\/imagazine.it\/home_desk\/wp-json\/wp\/v2\/posts\/72396\/revisions"}],"predecessor-version":[{"id":72399,"href":"https:\/\/imagazine.it\/home_desk\/wp-json\/wp\/v2\/posts\/72396\/revisions\/72399"}],"wp:featuredmedia":[{"embeddable":true,"href":"https:\/\/imagazine.it\/home_desk\/wp-json\/wp\/v2\/media\/72397"}],"wp:attachment":[{"href":"https:\/\/imagazine.it\/home_desk\/wp-json\/wp\/v2\/media?parent=72396"}],"wp:term":[{"taxonomy":"category","embeddable":true,"href":"https:\/\/imagazine.it\/home_desk\/wp-json\/wp\/v2\/categories?post=72396"},{"taxonomy":"post_tag","embeddable":true,"href":"https:\/\/imagazine.it\/home_desk\/wp-json\/wp\/v2\/tags?post=72396"}],"curies":[{"name":"wp","href":"https:\/\/api.w.org\/{rel}","templated":true}]}}