{"id":72392,"date":"2026-03-18T14:24:36","date_gmt":"2026-03-18T13:24:36","guid":{"rendered":"https:\/\/imagazine.it\/home_desk\/?p=72392"},"modified":"2026-03-19T11:39:36","modified_gmt":"2026-03-19T10:39:36","slug":"la-solidarieta-dei-triestini-per-i-bimbi-chirurgici-del-burlo","status":"publish","type":"post","link":"https:\/\/imagazine.it\/home_desk\/la-solidarieta-dei-triestini-per-i-bimbi-chirurgici-del-burlo\/","title":{"rendered":"La solidariet\u00e0 dei triestini per i bimbi chirurgici del Burlo"},"content":{"rendered":"<h6>La cerimonia di consegna del ricavato<\/h6>\n<p>&nbsp;<\/p>\n<p>TRIESTE \u2013 Con la settima edizione di \u201c<em>Offri un Caff\u00e8 Buonissimo<\/em>\u201d, che quest\u2019anno ha coinvolto 190 esercizi pubblici e commerciali e 9 aziende e realt\u00e0 del territorio, <strong>ABC Bambini Chirurgici<\/strong> conferma di aver messo in moto un modello virtuoso con l\u2019obiettivo di garantire accoglienza, sostegno, supporto e cura alle famiglie dei piccoli pazienti nati con malformazioni ricoverati nel Reparto di Chirurgia dell\u2019IRCCS Materno Infantile Burlo Garofolo.<strong>\u00a0<\/strong><\/p>\n<p>I risultati lo dimostrano:<strong> 14.850 euro <\/strong>raccolti, destinati a sostenere la<strong> ristrutturazione delle nuove Case ABC in via dell\u2019Istria <\/strong>che verranno inaugurate il prossimo mese di aprile. Tre appartamenti e un deposito, oggi in fase di rinnovo, che rappresentano un passo decisivo per garantire continuit\u00e0 e sviluppo al progetto di Accoglienza.<strong>\u00a0<\/strong>Le nuove case, ristrutturate anche grazie a questa campagna, diventeranno ambienti moderni, funzionali e curati, pensati per accogliere le famiglie durante il percorso di cura dei loro bambini.<\/p>\n<p>Un approccio all\u2019accoglienza che negli anni ha dimostrato la sua efficacia, come confermato e validato anche dalla ricerca triennale, condotta insieme all\u2019Universit\u00e0 degli Studi di Trieste che ha analizzato il Modello ABC e l\u2019impatto che questo approccio ha per i beneficiari.<\/p>\n<p>Infatti, dagli ultimi dati emerge che\u00a0per il 69% delle famiglie la possibilit\u00e0 di usufruire dei servizi di Accoglienza di ABC ha influenzato la scelta di far curare il proprio bambino a Trieste;\u00a0il 100% delle famiglie ha dichiarato che avere a disposizione una casa ha permesso loro di vivere con maggiore serenit\u00e0 il periodo del ricovero\u00a0e\u00a0per il 100% la presenza di un volontario all\u2019arrivo nelle Case ABC ha reso pi\u00f9 serena la permanenza in citt\u00e0.<\/p>\n<p>Il caff\u00e8 \u00e8 uno dei simboli pi\u00f9 riconoscibili di Trieste, parte integrante della sua cultura e della sua storia. Fin dalla prima edizione, nel 2018, \u201c<em>Offri un Caff\u00e8 Buonissimo<\/em>\u201d si ispira alla tradizione del \u201ccaff\u00e8 sospeso\u201d, trasformando un\u2019abitudine quotidiana molto radicata nella comunit\u00e0 in un gesto concreto di solidariet\u00e0. L\u2019invito rivolto ai cittadini \u00e8 quello di lasciare in dono, nei locali aderenti, il valore di un caff\u00e8 per sostenere i progetti di accoglienza, sostegno e accompagnamento che ABC dedica ai bambini chirurgici e alle loro famiglie.<\/p>\n<p>Per raccogliere le donazioni, nei mesi scorsi sono state collocate apposite cassettine in legno con l\u2019immagine della campagna che ritrae \u201cun bambino felice\u201d accanto alle casse degli esercizi pubblici e commerciali aderenti, quest\u2019anno 190 &#8211; in crescita rispetto alla passata edizione &#8211; che ha portato al risultato complessivo di 14.850 euro raccolti.<\/p>\n<p>\u201c<em>Siamo felici <\/em>\u2012 spiega\u00a0<strong>Giusy Battain<\/strong>, fondatrice e direttrice di ABC\u00a0\u2012 <em>perch\u00e9 l&#8217;ampliamento del numero degli esercenti consente di continuare a creare una rete, entrando in modo capillare nel territorio<\/em>.\u00a0<em>La generosit\u00e0 dei cittadini e dei donatori permette anche di connettere maggiormente la citt\u00e0 con le famiglie ospiti. Insomma, ognuno con piccolo gesto pu\u00f2 contribuire a realizzare un progetto che ha un impatto molto grande. I fondi di questa edizione saranno destinati al progetto Accoglienza ABC per garantire l&#8217;ospitalit\u00e0 gratuita e il confort dei nostri appartamenti. Desideriamo infatti che le famiglie possano sentirsi davvero a casa, in un posto dove ricaricarsi ma anche vivere i sentimenti pi\u00f9 spiacevoli e tutte le preoccupazioni che nascono in un momento cos\u00ec impegnativo come il ricovero<\/em>\u201d.<\/p>\n<p>L\u2019iniziativa \u00e8 realizzata insieme a\u00a0<strong>Confcommercio Trieste<\/strong>\u00a0e\u00a0<strong>FIPE Trieste con il supporto di Associazione Caff\u00e8 Trieste, Solidariet\u00e0 Trieste, Trieste Coffee Festival<\/strong>\u00a0e il\u00a0<strong>patrocinio del Comune di Trieste<\/strong>.<\/p>\n<p>\u201c<em>Anche in questa circostanza<\/em>\u00a0\u2013 rileva la\u00a0vicepresidente di Confcommercio,\u00a0<strong>Elena Pellaschiar\u00a0<\/strong>\u2013\u00a0<em>le imprese del terziario hanno saputo rispondere con grande generosit\u00e0 e partecipazione a una proposta di solidariet\u00e0, ribadendo il loro capillare legame con il territorio e la loro disponibilit\u00e0 ad un impegno diretto per contribuire a una causa di grande importanza<\/em>.\u00a0<em>Il supporto ad \u201cOffri un caff\u00e8 buonissimo\u201d<\/em>\u00a0<em>rientra in quel contesto di fattiva attenzione per il sociale che Confcommercio concretizza nell\u2019arco dell\u2019anno attraverso l\u2019organizzazione e la promozione di diverse iniziative tese a sostenere quanti operano per arginare fragilit\u00e0, malattia e disagio presenti purtroppo anche nella nostra citt\u00e0<\/em>\u201d.<\/p>\n<p><em>\u201cAnche per quest\u2019anno<\/em>\u00a0\u2013 conclude <strong>Stefano Lonza<\/strong>, presidente di Fipe Trieste\u00a0\u2013\u00a0<em>abbiamo sostenuto con piacere l\u2019iniziativa di ABC Bambini Chirurgici che offre un supporto indispensabile che va oltre le cure mediche e garantisce tra le altre attivit\u00e0, l&#8217;accoglienza gratuita in appartamenti dedicati alle famiglie che arrivano a Trieste da fuori citt\u00e0. Il numero di attivit\u00e0 che hanno aderito in costante aumento \u00e8 la cartina tornasole della sensibilit\u00e0 degli esercenti per un\u2019Istituzione cos\u00ec importante per la citt\u00e0 di Trieste<\/em>\u201d.<\/p>\n","protected":false},"excerpt":{"rendered":"<p>Raccolti 15mila euro grazie all&#8217;iniziativa solidale &#8220;Offri un caff\u00e8 buonissimo&#8221;. Coinvolti 190 esercizi pubblici e 9 aziende <\/p>\n","protected":false},"author":28,"featured_media":72393,"comment_status":"closed","ping_status":"closed","sticky":false,"template":"","format":"image","meta":{"dwc-title":[""],"dwc-content":[""],"footnotes":""},"categories":[5],"tags":[160,3729,65],"class_list":["post-72392","post","type-post","status-publish","format-image","has-post-thumbnail","hentry","category-attualita","tag-burlo","tag-solidarieta-bambini","tag-trieste","post_format-post-format-image"],"rttpg_featured_image_url":{"full":["https:\/\/imagazine.it\/wp-content\/uploads\/2026\/03\/caffebuonissimo-6.jpeg",1366,800,false],"landscape":["https:\/\/imagazine.it\/wp-content\/uploads\/2026\/03\/caffebuonissimo-6.jpeg",1366,800,false],"portraits":["https:\/\/imagazine.it\/wp-content\/uploads\/2026\/03\/caffebuonissimo-6.jpeg",1366,800,false],"thumbnail":["https:\/\/imagazine.it\/wp-content\/uploads\/2026\/03\/caffebuonissimo-6-150x150.jpeg",150,150,true],"medium":["https:\/\/imagazine.it\/wp-content\/uploads\/2026\/03\/caffebuonissimo-6-300x176.jpeg",300,176,true],"large":["https:\/\/imagazine.it\/wp-content\/uploads\/2026\/03\/caffebuonissimo-6-1024x600.jpeg",640,375,true],"thumblist":["https:\/\/imagazine.it\/wp-content\/uploads\/2026\/03\/caffebuonissimo-6-300x300.jpeg",300,300,true],"thumbrelated":["https:\/\/imagazine.it\/wp-content\/uploads\/2026\/03\/caffebuonissimo-6-500x500.jpeg",500,500,true],"meccarouselthumb":["https:\/\/imagazine.it\/wp-content\/uploads\/2026\/03\/caffebuonissimo-6-474x324.jpeg",474,324,true],"gridsquare":["https:\/\/imagazine.it\/wp-content\/uploads\/2026\/03\/caffebuonissimo-6-391x260.jpeg",391,260,true],"tileview":["https:\/\/imagazine.it\/wp-content\/uploads\/2026\/03\/caffebuonissimo-6-300x400.jpeg",300,400,true],"1536x1536":["https:\/\/imagazine.it\/wp-content\/uploads\/2026\/03\/caffebuonissimo-6.jpeg",1366,800,false],"2048x2048":["https:\/\/imagazine.it\/wp-content\/uploads\/2026\/03\/caffebuonissimo-6.jpeg",1366,800,false],"newsup-slider-full":["https:\/\/imagazine.it\/wp-content\/uploads\/2026\/03\/caffebuonissimo-6-1280x720.jpeg",1280,720,true],"newsup-featured":["https:\/\/imagazine.it\/wp-content\/uploads\/2026\/03\/caffebuonissimo-6-1024x600.jpeg",1024,600,true],"newsup-medium":["https:\/\/imagazine.it\/wp-content\/uploads\/2026\/03\/caffebuonissimo-6-720x380.jpeg",720,380,true],"tptn_thumbnail":["https:\/\/imagazine.it\/wp-content\/uploads\/2026\/03\/caffebuonissimo-6-250x210.jpeg",250,210,true],"sow-carousel-default":["https:\/\/imagazine.it\/wp-content\/uploads\/2026\/03\/caffebuonissimo-6-272x182.jpeg",272,182,true]},"rttpg_author":{"display_name":"redazione","author_link":"https:\/\/imagazine.it\/home_desk\/author\/redazione\/"},"rttpg_comment":0,"rttpg_category":"<a href=\"https:\/\/imagazine.it\/home_desk\/category\/attualita\/\" rel=\"category tag\">ATTUALIT\u00c0<\/a>","rttpg_excerpt":"Raccolti 15mila euro grazie all'iniziativa solidale \"Offri un caff\u00e8 buonissimo\". Coinvolti 190 esercizi pubblici e 9 aziende","_links":{"self":[{"href":"https:\/\/imagazine.it\/home_desk\/wp-json\/wp\/v2\/posts\/72392","targetHints":{"allow":["GET"]}}],"collection":[{"href":"https:\/\/imagazine.it\/home_desk\/wp-json\/wp\/v2\/posts"}],"about":[{"href":"https:\/\/imagazine.it\/home_desk\/wp-json\/wp\/v2\/types\/post"}],"author":[{"embeddable":true,"href":"https:\/\/imagazine.it\/home_desk\/wp-json\/wp\/v2\/users\/28"}],"replies":[{"embeddable":true,"href":"https:\/\/imagazine.it\/home_desk\/wp-json\/wp\/v2\/comments?post=72392"}],"version-history":[{"count":2,"href":"https:\/\/imagazine.it\/home_desk\/wp-json\/wp\/v2\/posts\/72392\/revisions"}],"predecessor-version":[{"id":72395,"href":"https:\/\/imagazine.it\/home_desk\/wp-json\/wp\/v2\/posts\/72392\/revisions\/72395"}],"wp:featuredmedia":[{"embeddable":true,"href":"https:\/\/imagazine.it\/home_desk\/wp-json\/wp\/v2\/media\/72393"}],"wp:attachment":[{"href":"https:\/\/imagazine.it\/home_desk\/wp-json\/wp\/v2\/media?parent=72392"}],"wp:term":[{"taxonomy":"category","embeddable":true,"href":"https:\/\/imagazine.it\/home_desk\/wp-json\/wp\/v2\/categories?post=72392"},{"taxonomy":"post_tag","embeddable":true,"href":"https:\/\/imagazine.it\/home_desk\/wp-json\/wp\/v2\/tags?post=72392"}],"curies":[{"name":"wp","href":"https:\/\/api.w.org\/{rel}","templated":true}]}}