{"id":72372,"date":"2026-03-17T18:29:07","date_gmt":"2026-03-17T17:29:07","guid":{"rendered":"https:\/\/imagazine.it\/home_desk\/?p=72372"},"modified":"2026-03-18T17:30:23","modified_gmt":"2026-03-18T16:30:23","slug":"a-lignano-i-giochi-nazionali-estivi-special-olympics","status":"publish","type":"post","link":"https:\/\/imagazine.it\/home_desk\/a-lignano-i-giochi-nazionali-estivi-special-olympics\/","title":{"rendered":"A Lignano i Giochi nazionali estivi &#8220;Special Olympics&#8221;"},"content":{"rendered":"<h6>I partecipanti alla riunione operativa di Lignano Sabbiadoro<\/h6>\n<p>&nbsp;<\/p>\n<p>LIGNANO SABBIADORO \u2013 Ha preso il via il\u00a0<strong>conto alla rovescia<\/strong>\u00a0che separa il\u00a0<strong>Friuli Venezia Giulia<\/strong>\u00a0dalla\u00a0<strong>41\u00aa edizione<\/strong>\u00a0dei\u00a0<strong>Giochi Nazionali Estivi &#8211; Special Olympics<\/strong>.<\/p>\n<p>Sono\u00a0<strong>circa 10mila<\/strong>, infatti, le presenze attese a\u00a0<strong>Lignano Sabbiadoro<\/strong> in occasione di una kermesse socio-sportiva che, fin da ora, si avvicina al primato assoluto in quanto ad affluenza complessiva in regione dove, oltre ai\u00a0<strong>3.500 atleti<\/strong>\u00a0di tutta Italia che hanno gi\u00e0 effettuato la preiscrizione (la\u00a0<strong>delegazione Fvg<\/strong>\u00a0sar\u00e0 caratterizzata da\u00a0<strong>circa 150 unit\u00e0<\/strong>), sono attesi anche\u00a0<strong>1.000 volontari<\/strong>,\u00a0<strong>1.400 familiari<\/strong>,\u00a0<strong>650 tecnici<\/strong>\u00a0e\u00a0<strong>600 accompagnatori<\/strong>.<\/p>\n<p>Alcune discipline troveranno ospitalit\u00e0 anche nei limitrofi Comuni di\u00a0<strong>Cordovado,<\/strong>\u00a0<strong>Bibione<\/strong>\u00a0e\u00a0<strong>Portogruaro<\/strong>.<\/p>\n<p>L\u2019evento, organizzato da\u00a0<strong>Special Olympics Italia<\/strong>\u00a0in collaborazione con il\u00a0<strong>Comune di Lignano Sabbiadoro<\/strong>\u00a0e il<em>\u00a0<\/em><strong>Centro Sportivo Educativo Nazionale (Csen)<\/strong><em>,<\/em>\u00a0attraverso il coinvolgimento delle istituzioni locali, delle famiglie e delle scuole del territorio mira a favorire un processo di trasformazione culturale, al fine di abbattere stereotipi e pregiudizi nei confronti delle persone con disabilit\u00e0.<\/p>\n<p>L\u2019iscrizione \u00e8 riservata ad atleti con\u00a0<strong>disabilit\u00e0 intellettive<\/strong>\u00a0a partire dagli otto anni e da atleti senza disabilit\u00e0 intellettive per tutte le discipline sportive che prevedono lo\u00a0<strong>Sport Unificato<\/strong>\u00a0che la localit\u00e0 turistica friulana<em>\u00a0<\/em>ospiter\u00e0 dal\u00a0<strong>19 al 24 maggio 2026<\/strong>.<\/p>\n<p>Si tratta del pi\u00f9 grande evento nazionale, per numeri e discipline proposte, che coinvolge persone con disabilit\u00e0 intellettive.<\/p>\n<p>Mentre le pre iscrizioni hanno gi\u00e0 abbattuto il muro delle tremila unit\u00e0, nei giorni scorsi il<strong>\u00a0Bella Italia Efa Village Sport &amp; Family<\/strong>\u00a0di<strong>\u00a0Lignano Sabbiadoro<\/strong>\u00a0(sede di buona parte degli appuntamenti multidisciplinari previsti, garantendo al tempo stesso l\u2019alloggio per i protagonisti e spazi adeguati anche per le molteplici attivit\u00e0 collaterali) \u00e8 stato teatro di un\u2019affollata riunione operativa.<\/p>\n<p>Ne sono stati protagonisti una\u00a0<strong>delegazione dello staff tecnico nazionale<\/strong>\u00a0dell\u2019ente promotore\u00a0<strong>Special Olympics<\/strong>\u00a0<strong>Italia<\/strong>\u00a0(appositamente giunta da Roma) e il direttore regionale di\u00a0<strong>Special Olympics<\/strong>\u00a0<strong>Italia \u2013 Team Fvg<\/strong>, coordinatore dell\u2019evento e presidente dello\u00a0<strong>Csen Fvg<\/strong>,\u00a0<strong>Giuliano Clinori<\/strong>.<\/p>\n<p>Insieme a lui i rappresentanti delle societ\u00e0 regionali che sono materialmente impegnate a organizzare gli eventi delle\u00a0<strong>22 discipline<\/strong>\u00a0di competenza, convogliando le attrezzature necessarie e affiancando il lavoro di volontari, staff arbitrali, team medici e rappresentanze tecniche.<\/p>\n<p>Successivamente, a\u00a0<strong>Udine<\/strong>, i rappresentanti di\u00a0<strong>Special Olympics<\/strong>\u00a0(<strong>16<\/strong>\u00a0in totale, guidati dal fondatore e vice presidente,\u00a0<strong>Alessandro Palazzotti<\/strong>, e dal direttore nazionale,\u00a0<strong>Alessandra Palazzotti<\/strong>) si sono uniti ai\u00a0<strong>tedofori<\/strong>\u00a0che hanno accompagnato la\u00a0<strong>Fiamma Olimpica<\/strong>\u00a0di\u00a0<strong>Milano-Cortina 2026<\/strong>.<\/p>\n<p>Gli atleti di\u00a0<strong>Special Olympics<\/strong>\u00a0hanno cos\u00ec offerto il loro contributo per la valorizzazione dello sport quale veicolo di inclusione e crescita sociale, orgogliosi di vivere in prima persona un\u2019esperienza unica e carica di significato.<\/p>\n<h3><strong>I protagonisti<\/strong><\/h3>\n<p>Sono oltre 12mila gli atleti di Special Olympics in Italia. La partecipazione alle gare \u00e8 riservata, senza limiti di et\u00e0, a partire dagli 8 anni.<\/p>\n<p>Dai 2 ai 7 anni, invece, si \u00e8 coinvolti nel\u00a0<strong>Young Athletes Program<\/strong>\u00a0(<strong>YAP<\/strong>), programma di attivit\u00e0 motorio e di introduzione allo sport. Ognuno \u00e8 diverso con le sue grandi potenzialit\u00e0 da valorizzare.<\/p>\n<p><strong>Special Olympics<\/strong>\u00a0offre l\u2019opportunit\u00e0 di mettersi in gioco prima di tutto con s\u00e9 stessi, gareggiando per livelli di abilit\u00e0. Molti iniziano praticando un solo sport, poi ne provano altri e spesso diventano atleti multidisciplinari. Attraverso la pratica sportiva imparano a vedersi per le loro capacit\u00e0 e insegnano a chi li osserva a fare lo stesso. Sono fiduciosi e pieni di energia profusa dalle loro stesse conquiste, piccole o grandi che siano.<\/p>\n<p>Gli atleti Special Olympics sono parte integrante di una comunit\u00e0 globale e inclusiva che sta crescendo ogni giorno di pi\u00f9. Il loro mondo \u00e8 aperto a una moltitudine di opportunit\u00e0 che sono sempre pronti a cogliere con lo spirito giusto.<\/p>\n<h3><strong>Gli sport<\/strong><\/h3>\n<p>Saranno\u00a0<strong>22 le discipline sportive<\/strong>\u00a0in gara a Lignano Sabbiadoro, dove sono previste anche prove di\u00a0<strong>Unified Sports\u00ae:\u00a0<\/strong>Atletica, Badminton, Basket, Bocce, Bowling, Beach Volley, Calcio, Canottaggio, Indoor Rowing, Danza Sportiva, Equitazione, Ginnastica Artistica e Ritmica, Golf, Karate, Judo, Nuoto, Open Water, Pallavolo, Rugby, Tennis, Tennistavolo e, come prova, Orienteering.<\/p>\n<p><strong>Lo sport unificato:\u00a0<\/strong>la specificit\u00e0 del modello adottato da\u00a0<strong>Special Olympics Unified Sports\u00a9<\/strong>\u00a0prevede che, all\u2019interno delle medesime squadre, siano presenti anche persone senza disabilit\u00e0 intellettive (<strong>atleti<\/strong>\u00a0insieme ad\u00a0<strong>atleti partner<\/strong>).<\/p>\n<p>La proposta sportiva diventa cos\u00ec realmente inclusiva e consente agli atleti di sperimentare un ambiente accogliente nel quale esprimere al meglio potenziali e le abilit\u00e0.<\/p>\n<h3><strong>La cerimonia di apertura<\/strong><\/h3>\n<p>L\u2019evento si terr\u00e0 il\u00a0<strong>20 maggio<\/strong>\u00a0allo\u00a0<strong>stadio \u201cGuido Teghil\u201d\u00a0di Lignano Sabbiadoro<\/strong>. L\u2019ingresso delle delegazioni, musica e spettacolo faranno da cornice all\u2019arrivo della\u00a0<strong>fiamma della speranza<\/strong>\u00a0che terminer\u00e0 il suo viaggio con l\u2019accensione del tripode.<\/p>\n<p>Un momento simbolico di grande effetto attraverso il quale verranno proclamati ufficialmente aperti i Giochi.<\/p>\n","protected":false},"excerpt":{"rendered":"<p>Attesi 3.500 atleti con e senza disabilit\u00e0 intellettive provenienti da tutta la penisola, impegnati in 22 discipline<\/p>\n","protected":false},"author":28,"featured_media":72373,"comment_status":"closed","ping_status":"closed","sticky":false,"template":"","format":"image","meta":{"dwc-title":[""],"dwc-content":[""],"footnotes":""},"categories":[38],"tags":[256,885,225],"class_list":["post-72372","post","type-post","status-publish","format-image","has-post-thumbnail","hentry","category-sport","tag-disabilita","tag-inclusione","tag-lignano","post_format-post-format-image"],"rttpg_featured_image_url":{"full":["https:\/\/imagazine.it\/wp-content\/uploads\/2026\/03\/Riunione-operativa-Lignano-Sabbiadoro.jpeg",1366,779,false],"landscape":["https:\/\/imagazine.it\/wp-content\/uploads\/2026\/03\/Riunione-operativa-Lignano-Sabbiadoro.jpeg",1366,779,false],"portraits":["https:\/\/imagazine.it\/wp-content\/uploads\/2026\/03\/Riunione-operativa-Lignano-Sabbiadoro.jpeg",1366,779,false],"thumbnail":["https:\/\/imagazine.it\/wp-content\/uploads\/2026\/03\/Riunione-operativa-Lignano-Sabbiadoro-150x150.jpeg",150,150,true],"medium":["https:\/\/imagazine.it\/wp-content\/uploads\/2026\/03\/Riunione-operativa-Lignano-Sabbiadoro-300x171.jpeg",300,171,true],"large":["https:\/\/imagazine.it\/wp-content\/uploads\/2026\/03\/Riunione-operativa-Lignano-Sabbiadoro-1024x584.jpeg",640,365,true],"thumblist":["https:\/\/imagazine.it\/wp-content\/uploads\/2026\/03\/Riunione-operativa-Lignano-Sabbiadoro-300x300.jpeg",300,300,true],"thumbrelated":["https:\/\/imagazine.it\/wp-content\/uploads\/2026\/03\/Riunione-operativa-Lignano-Sabbiadoro-500x500.jpeg",500,500,true],"meccarouselthumb":["https:\/\/imagazine.it\/wp-content\/uploads\/2026\/03\/Riunione-operativa-Lignano-Sabbiadoro-474x324.jpeg",474,324,true],"gridsquare":["https:\/\/imagazine.it\/wp-content\/uploads\/2026\/03\/Riunione-operativa-Lignano-Sabbiadoro-391x260.jpeg",391,260,true],"tileview":["https:\/\/imagazine.it\/wp-content\/uploads\/2026\/03\/Riunione-operativa-Lignano-Sabbiadoro-300x400.jpeg",300,400,true],"1536x1536":["https:\/\/imagazine.it\/wp-content\/uploads\/2026\/03\/Riunione-operativa-Lignano-Sabbiadoro.jpeg",1366,779,false],"2048x2048":["https:\/\/imagazine.it\/wp-content\/uploads\/2026\/03\/Riunione-operativa-Lignano-Sabbiadoro.jpeg",1366,779,false],"newsup-slider-full":["https:\/\/imagazine.it\/wp-content\/uploads\/2026\/03\/Riunione-operativa-Lignano-Sabbiadoro-1280x720.jpeg",1280,720,true],"newsup-featured":["https:\/\/imagazine.it\/wp-content\/uploads\/2026\/03\/Riunione-operativa-Lignano-Sabbiadoro-1024x584.jpeg",1024,584,true],"newsup-medium":["https:\/\/imagazine.it\/wp-content\/uploads\/2026\/03\/Riunione-operativa-Lignano-Sabbiadoro-720x380.jpeg",720,380,true],"tptn_thumbnail":["https:\/\/imagazine.it\/wp-content\/uploads\/2026\/03\/Riunione-operativa-Lignano-Sabbiadoro-250x210.jpeg",250,210,true],"sow-carousel-default":["https:\/\/imagazine.it\/wp-content\/uploads\/2026\/03\/Riunione-operativa-Lignano-Sabbiadoro-272x182.jpeg",272,182,true]},"rttpg_author":{"display_name":"redazione","author_link":"https:\/\/imagazine.it\/home_desk\/author\/redazione\/"},"rttpg_comment":0,"rttpg_category":"<a href=\"https:\/\/imagazine.it\/home_desk\/category\/sport\/\" rel=\"category tag\">SPORT<\/a>","rttpg_excerpt":"Attesi 3.500 atleti con e senza disabilit\u00e0 intellettive provenienti da tutta la penisola, impegnati in 22 discipline","_links":{"self":[{"href":"https:\/\/imagazine.it\/home_desk\/wp-json\/wp\/v2\/posts\/72372","targetHints":{"allow":["GET"]}}],"collection":[{"href":"https:\/\/imagazine.it\/home_desk\/wp-json\/wp\/v2\/posts"}],"about":[{"href":"https:\/\/imagazine.it\/home_desk\/wp-json\/wp\/v2\/types\/post"}],"author":[{"embeddable":true,"href":"https:\/\/imagazine.it\/home_desk\/wp-json\/wp\/v2\/users\/28"}],"replies":[{"embeddable":true,"href":"https:\/\/imagazine.it\/home_desk\/wp-json\/wp\/v2\/comments?post=72372"}],"version-history":[{"count":1,"href":"https:\/\/imagazine.it\/home_desk\/wp-json\/wp\/v2\/posts\/72372\/revisions"}],"predecessor-version":[{"id":72374,"href":"https:\/\/imagazine.it\/home_desk\/wp-json\/wp\/v2\/posts\/72372\/revisions\/72374"}],"wp:featuredmedia":[{"embeddable":true,"href":"https:\/\/imagazine.it\/home_desk\/wp-json\/wp\/v2\/media\/72373"}],"wp:attachment":[{"href":"https:\/\/imagazine.it\/home_desk\/wp-json\/wp\/v2\/media?parent=72372"}],"wp:term":[{"taxonomy":"category","embeddable":true,"href":"https:\/\/imagazine.it\/home_desk\/wp-json\/wp\/v2\/categories?post=72372"},{"taxonomy":"post_tag","embeddable":true,"href":"https:\/\/imagazine.it\/home_desk\/wp-json\/wp\/v2\/tags?post=72372"}],"curies":[{"name":"wp","href":"https:\/\/api.w.org\/{rel}","templated":true}]}}