{"id":72299,"date":"2026-03-15T09:18:33","date_gmt":"2026-03-15T08:18:33","guid":{"rendered":"https:\/\/imagazine.it\/home_desk\/?p=72299"},"modified":"2026-03-16T11:49:35","modified_gmt":"2026-03-16T10:49:35","slug":"ludinese-non-punge-la-juve-ringrazia","status":"publish","type":"post","link":"https:\/\/imagazine.it\/home_desk\/ludinese-non-punge-la-juve-ringrazia\/","title":{"rendered":"L&#8217;Udinese non punge, la Juve ringrazia"},"content":{"rendered":"<h6>I due tecnici Runjaic e Spalletti si complimentano a vicenda a fine gara<\/h6>\n<p>&nbsp;<\/p>\n<p>UDINE \u2013 \u00c8 stata, senza ombra di dubbio, la \u201cPARTITA\u201d, quella da scrivere rigorosamente in maiuscolo.<\/p>\n<p>Gi\u00e0 tre ore prima del fischio d&#8217;inizio, il parcheggio della Curva Sud risultava esaurito e i cancelli erano presi d&#8217;assalto da una marea bianconera; molti di pi\u00f9 i tifosi legati al brand \u201cJ\u201d.<\/p>\n<p>Persino la tribuna stampa ha registrato numeri da record: l\u2019elenco degli accreditati \u00e8 passato dalla consueta paginetta a due fogli fitti di nomi, rendendo necessario l&#8217;ampliamento delle aree riservate ai media.<\/p>\n<p>Nel pre-partita, le aree <em>hospitality<\/em> riservate ai media erano gremite di volti noti. Tra questi <strong>Aldo Serena<\/strong>, voce tecnica per Sky, e il violinista <strong>Pierpaolo Foti<\/strong>, protagonista di una suggestiva performance itinerante lungo il perimetro di gioco culminata con l&#8217;inno dell&#8217;Udinese all&#8217;ingresso delle squadre.<\/p>\n<p>La mia postazione, in fila tre al posto 54 \u2014 un numero che richiama il mio anno di nascita \u2014 offriva una visuale perfetta, esattamente al centro del campo.<\/p>\n<p>Non poteva mancare la Rai: un saluto ai colleghi del servizio pubblico \u00e8 d\u2019obbligo, a partire da <strong>Sebastiano Franco<\/strong> ancora in sala stampa, fino a <strong>Massimo Barchiesi<\/strong>, storica voce della radiocronaca, affiancato dal tecnico del suono <strong>Daniel Apostu<\/strong>. Presenti anche <strong>Marko Lazar<\/strong> per Radio Koper e, al mio fianco, <strong>Massimo Laudani<\/strong> e <strong>Massimo Umek<\/strong> di Meridianosportest.it.<\/p>\n<figure id=\"attachment_72301\" aria-describedby=\"caption-attachment-72301\" style=\"width: 640px\" class=\"wp-caption aligncenter\"><img loading=\"lazy\" decoding=\"async\" class=\"size-large wp-image-72301\" src=\"https:\/\/imagazine.it\/wp-content\/uploads\/2026\/03\/udinese-juve-14-03-2026-14-serena-1024x614.jpg\" alt=\"\" width=\"640\" height=\"384\" title=\"\" srcset=\"https:\/\/imagazine.it\/wp-content\/uploads\/2026\/03\/udinese-juve-14-03-2026-14-serena-1024x614.jpg 1024w, https:\/\/imagazine.it\/wp-content\/uploads\/2026\/03\/udinese-juve-14-03-2026-14-serena-300x180.jpg 300w, https:\/\/imagazine.it\/wp-content\/uploads\/2026\/03\/udinese-juve-14-03-2026-14-serena-768x461.jpg 768w, https:\/\/imagazine.it\/wp-content\/uploads\/2026\/03\/udinese-juve-14-03-2026-14-serena-1536x921.jpg 1536w, https:\/\/imagazine.it\/wp-content\/uploads\/2026\/03\/udinese-juve-14-03-2026-14-serena-2048x1228.jpg 2048w\" sizes=\"auto, (max-width: 640px) 100vw, 640px\" \/><figcaption id=\"caption-attachment-72301\" class=\"wp-caption-text\">La tribuna stampa gremita<\/figcaption><\/figure>\n<p>Una tribuna stampa mai cos\u00ec affollata, illuminata dai monitor di decine di computer accesi, specchio di un pubblico delle grandissime occasioni: un \u201c<em>Sold Out<\/em>\u201d che carica l&#8217;aria di attesa.<\/p>\n<p>Sul fronte friulano, sono due i cambi scelti da <strong>Runjaic<\/strong> rispetto alla trasferta di Bergamo. Resta fuori <strong>Mlacic<\/strong> \u2013 con il tecnico che spiegher\u00e0 poi in conferenza: \u201cIl ragazzo ha qualit\u00e0, ma \u00e8 ancora presto per gettarlo nella mischia\u201d \u2013 e la difesa si ridisegna: <strong>Ehizibue<\/strong> arretra nel ruolo di braccetto, lasciando a <strong>Zarraga<\/strong> il compito di presidiare la fascia. In mezzo al campo si rivede dal primo minuto <strong>Atta<\/strong>, che rileva <strong>Piotrowski<\/strong>.<\/p>\n<p>Infermeria ancora affollata per l&#8217;Udinese, che deve rinunciare agli infortunati <strong>Bertola<\/strong>, <strong>Zanoli<\/strong> e <strong>Zemura<\/strong>. Recuperato, ma solo per la panchina, <strong>Solet<\/strong>, ancora non al top della condizione.<\/p>\n<p>E finalmente l\u2019arbitro <strong>Mariani<\/strong> \u2013 reduce dalla prestigiosa direzione infrasettimanale di Real Madrid-Manchester City \u2013 fischia l\u2019inizio della gara.<\/p>\n<p>L&#8217;avvio \u00e8 di marca ospite, con la Juventus costantemente proiettata in avanti. Al 13&#8242; <strong>Kelly<\/strong> innesca <strong>Boga<\/strong> con un preciso tracciante mancino lungolinea: l&#8217;ex Sassuolo brucia <strong>Zarraga<\/strong> sullo scatto e cerca il secondo palo, ma <strong>Okoye<\/strong> si distende e devia in angolo.<\/p>\n<p>Passano solo due minuti e la pressione cresce: <strong>Locatelli<\/strong> lancia <strong>Concei\u00e7ao<\/strong>, il portoghese rientra sul sinistro e calcia a botta sicura, trovando per\u00f2 l&#8217;opposizione di un monumentale <strong>Kristensen<\/strong>.<\/p>\n<p>L\u2019Udinese prova a scuotersi al 25&#8242; con <strong>Atta<\/strong>, bravo a sfuggire alla marcatura di <strong>Kalulu<\/strong>, ma il suo destro \u00e8 troppo centrale per impensierire <strong>Perin<\/strong>.<\/p>\n<p>Al 36&#8242; ancora Juve: cross di <strong>Locatelli<\/strong> per il solito <strong>Boga<\/strong> che, dopo aver atteso il rimbalzo, conclude da posizione ravvicinata impegnando <strong>Okoye<\/strong> in una parata in due tempi.<\/p>\n<p>Il forcing ospite d\u00e0 i suoi frutti al 38&#8242;: <strong>Yildiz<\/strong> semina il panico sulla sinistra saltando secco <strong>Zarraga<\/strong> e, dopo un pregevole controllo di testa, serve un assist al bacio per <strong>Boga<\/strong>, che da due passi non pu\u00f2 sbagliare: 0-1.<\/p>\n<p>La reazione dell&#8217;Udinese \u00e8 immediata: al 40&#8242;, sugli sviluppi di una rimessa laterale, <strong>Kalulu<\/strong> si fa sorprendere da <strong>Atta<\/strong>, ma il diagonale mancino del trequartista friulano finisce a lato.<\/p>\n<p>Prima del riposo, per\u00f2, \u00e8 ancora \u201c<strong>Show Okoye<\/strong>\u201d: il portiere dell&#8217;Udinese compie l&#8217;ennesimo miracolo negando il raddoppio a <strong>Concei\u00e7ao<\/strong> sugli sviluppi di un corner.<\/p>\n<p>Un primo tempo che va in archivio con una Juve dominante nel possesso ma priva di un riferimento centrale puro, optando per la soluzione del \u201c<em>falso nueve<\/em>\u201d.<\/p>\n<figure id=\"attachment_72302\" aria-describedby=\"caption-attachment-72302\" style=\"width: 800px\" class=\"wp-caption aligncenter\"><img loading=\"lazy\" decoding=\"async\" class=\"size-full wp-image-72302\" src=\"https:\/\/imagazine.it\/wp-content\/uploads\/2026\/03\/udinese-juve-14-03-2026-25-aldo-serena.jpg\" alt=\"\" width=\"800\" height=\"510\" title=\"\" srcset=\"https:\/\/imagazine.it\/wp-content\/uploads\/2026\/03\/udinese-juve-14-03-2026-25-aldo-serena.jpg 800w, https:\/\/imagazine.it\/wp-content\/uploads\/2026\/03\/udinese-juve-14-03-2026-25-aldo-serena-300x191.jpg 300w, https:\/\/imagazine.it\/wp-content\/uploads\/2026\/03\/udinese-juve-14-03-2026-25-aldo-serena-768x490.jpg 768w\" sizes=\"auto, (max-width: 800px) 100vw, 800px\" \/><figcaption id=\"caption-attachment-72302\" class=\"wp-caption-text\">Il nostro Livio Nonis con Aldo Serena<\/figcaption><\/figure>\n<p>Nella ripresa, al 7&#8242;, l\u2019Udinese costruisce la sua pi\u00f9 grande occasione per il pareggio: assist al bacio di <strong>Davis<\/strong> per <strong>Ekkelenkamp<\/strong> che, da due passi, fallisce clamorosamente l&#8217;appoggio in rete. Un errore speculare, per dinamica e posizione, al gol del vantaggio juventino siglato nel primo tempo.<\/p>\n<p>Sventato il pericolo, la Juventus riprende in mano il pallino del gioco. Al 13&#8242; ci prova <strong>Locatelli<\/strong> con un destro di prima intenzione su scarico di <strong>Concei\u00e7ao<\/strong>, ma <strong>Okoye<\/strong> si distende e nega la gioia del gol al capitano bianconero.<\/p>\n<p>Un minuto dopo, gli ospiti sfiorano nuovamente il raddoppio: cross di <strong>Boga<\/strong> per l&#8217;inserimento di <strong>Koopmeiners<\/strong>, ma l&#8217;incornata dell&#8217;ex Atalanta finisce di un soffio alta sopra la traversa.<\/p>\n<p>Al 18&#8242; \u00e8 ancora <strong>Yildiz<\/strong> a rendersi pericoloso dall&#8217;interno dell&#8217;area, ma <strong>Okoye<\/strong> respinge corto e nessun attaccante juventino \u00e8 pronto per il tap-in vincente.<\/p>\n<p>Episodio discusso al 28&#8242;: <strong>Concei\u00e7ao<\/strong> trova la via del 2-0, ma dopo una <em>On Field Review<\/em> al monitor, l\u2019arbitro <strong>Mariani<\/strong> annulla la rete. Secondo il direttore di gara, la posizione di <strong>Koopmeiners<\/strong> \u00e8 irregolare, poich\u00e9 l\u2019olandese ostruiva la visuale di <strong>Okoye<\/strong> al momento del tiro, interferendo attivamente nell&#8217;azione.<\/p>\n<p>Nel finale (41&#8242;), la Juventus fallisce l&#8217;ennesima occasione per chiudere i conti: <strong>Yildiz<\/strong>, in posizione favorevole per calciare, sceglie l&#8217;altruismo servendo <strong>Miretti<\/strong>, ma l&#8217;ex Genoa viene murato da un monumentale <strong>Okoye<\/strong>, indubbiamente il migliore in campo per i friulani.<\/p>\n<p>Il match si chiude cos\u00ec, con la vittoria di misura della Juventus. Gli ospiti sono stati bravi a imbrigliare la manovra dell&#8217;Udinese, grazie soprattutto a un <strong>Bremer<\/strong> invalicabile su <strong>Davis<\/strong>. Tra le fila dei padroni di casa, la prova di <strong>Atta<\/strong> \u00e8 apparsa sottotono: il trequartista ha spesso rallentato i tempi della manovra anzich\u00e9 verticalizzare. Resta comunque una gara di grande intensit\u00e0 e impegno profuso da parte di tutti i protagonisti.<\/p>\n<p>\u00c8 venerd\u00ec si va a Genova alle 20.45.<\/p>\n<figure id=\"attachment_72303\" aria-describedby=\"caption-attachment-72303\" style=\"width: 800px\" class=\"wp-caption aligncenter\"><img loading=\"lazy\" decoding=\"async\" class=\"size-full wp-image-72303\" src=\"https:\/\/imagazine.it\/wp-content\/uploads\/2026\/03\/udinese-juve-14-03-2026-17.jpg\" alt=\"\" width=\"800\" height=\"600\" title=\"\" srcset=\"https:\/\/imagazine.it\/wp-content\/uploads\/2026\/03\/udinese-juve-14-03-2026-17.jpg 800w, https:\/\/imagazine.it\/wp-content\/uploads\/2026\/03\/udinese-juve-14-03-2026-17-300x225.jpg 300w, https:\/\/imagazine.it\/wp-content\/uploads\/2026\/03\/udinese-juve-14-03-2026-17-768x576.jpg 768w\" sizes=\"auto, (max-width: 800px) 100vw, 800px\" \/><figcaption id=\"caption-attachment-72303\" class=\"wp-caption-text\">La Curva Nord dell&#8217;Udinese<\/figcaption><\/figure>\n<h3>Il tabellino<\/h3>\n<p>UDINESE \u2013 JUVENTUS 0-1 (0-1)<\/p>\n<p>UDINESE:\u00a0Okoye; Ehizibue, Kabasele, Kristensen; Zarraga (dal 31\u2019 st Mlacic), Ekkelenkamp (dal 21\u2019 st Miller), Karlstrom (cap.) (dal 31\u2019 st Piotrowski), Atta (dal 39\u2019 st Gueye), Kamara (dal 21\u2019 st Arizala); Zaniolo, Davis. All. Runjaic<\/p>\n<p>JUVENTUS:\u00a0Perin; Kalulu, Bremer, Kelly; McKennie, Locatelli (cap.), Thuram (dal 4\u2019 st Koopmeiners), Cambiaso (dal 46\u2019 st Kostic); Concei\u00e7ao (dal 33\u2019 st Gatti), Boga (dal 33\u2019 st Miretti); Yildiz (dal 46\u2019 st David). All. Spalletti<\/p>\n<p>Arbitro:\u00a0Mariani<\/p>\n<p>Marcatori:\u00a0Boga (J) al 38\u2019 pt<br \/>\nAmmoniti:\u00a0Zaniolo (U) al 32\u2019 pt, Mlacic (U) al 43\u2019 st, Kelly (J) al 45\u2019 st, Kabasele (U) al 47\u2019 st<br \/>\nEspulsi:\u00a0nessuno<br \/>\nNote:\u00a01\u2019 di recupero nel primo tempo. 5\u2019 di recupero nel secondo tempo.<\/p>\n<p>Spettatori totali:\u00a025.022<\/p>\n<figure id=\"attachment_70245\" aria-describedby=\"caption-attachment-70245\" style=\"width: 800px\" class=\"wp-caption aligncenter\"><img loading=\"lazy\" decoding=\"async\" class=\"size-full wp-image-70245\" src=\"https:\/\/imagazine.it\/wp-content\/uploads\/2025\/12\/stera.jpg\" alt=\"\" width=\"800\" height=\"624\" title=\"\" srcset=\"https:\/\/imagazine.it\/wp-content\/uploads\/2025\/12\/stera.jpg 800w, https:\/\/imagazine.it\/wp-content\/uploads\/2025\/12\/stera-300x234.jpg 300w, https:\/\/imagazine.it\/wp-content\/uploads\/2025\/12\/stera-768x599.jpg 768w\" sizes=\"auto, (max-width: 800px) 100vw, 800px\" \/><figcaption id=\"caption-attachment-70245\" class=\"wp-caption-text\">Stera<\/figcaption><\/figure>\n<h3><strong>LE PAGELLE DI STERA<\/strong><\/h3>\n<p><strong>OKOYE: 7<\/strong><\/p>\n<p><strong>Tiene a galla i suoi con interventi decisi e risolutivi. Tra i pali \u00e8 una sicurezza, in uscita invece&#8230;<\/strong><\/p>\n<p><strong>SARACINESCA<\/strong><\/p>\n<p><strong>KABASELE<\/strong>: 6<\/p>\n<p>Senza infamia e senza lode se la cava limitando i danni con esperienza.<\/p>\n<p>EFFICACE<\/p>\n<p><strong>KRISTENSEN<\/strong>: 6,5<\/p>\n<p>Molto attento e bravo ad anticipare sui palloni alti, chiude pi\u00f9 volte la via della porta agli avversari, che palla al piede sono sempre temibili.<\/p>\n<p>PRECISO<\/p>\n<p><strong>EHIZIBUE<\/strong>: 5<\/p>\n<p>Non \u00e8 un difensore, e si vede. Non lesina impegno e volont\u00e0, ma sulla sua fascia Boga fa il bello e il cattivo tempo.<\/p>\n<p>LIMITATO<\/p>\n<p><strong>ZARRAGA<\/strong>: 6<\/p>\n<p>Impiegato nel non facile compito di supportare la fase difensiva, si fa apprezzare per impegno e carattere. Purtroppo per\u00f2 \u00e8 proprio la sua mancata marcatura su Boga a regalare il vantaggio avversario. Esce per Mlacic.<\/p>\n<p>SACRIFICATO<\/p>\n<p><strong>EKKELENKAMP<\/strong>: 5,5<\/p>\n<p>Ordinato e volitivo, manca di dare il giusto peso alla sua presenza. Si divora il pareggio quando sembrava fatta. Esce per Miller.<\/p>\n<p>SOTTOTONO<\/p>\n<p><strong>KARLSTROM<\/strong>: 6<\/p>\n<p>Nel primo tempo manovra una infinit\u00e0 di palloni, scendendo sulla linea dei difensori per impostare la manovra. \u00c8 anche grazie a lui se la manovra avversaria risulta poco incisiva. Cala nella ripresa, sostituito da Piotrowski.<\/p>\n<p>GEOMETRICO<\/p>\n<p><strong>ATTA<\/strong>: 5<\/p>\n<p>Da lui si pretende ben altro che la semplice presenza. Oggi assente ingiustificato in campo, con errori di impostazione e poca visione di gioco. Esce per Gueye.<\/p>\n<p>SVOGLIATO<\/p>\n<p><strong>KAMARA<\/strong>: 6<\/p>\n<p>Convince in fase di contenimento, limitando come pu\u00f2 l&#8217;avversario, ma si propone poco in avanti, facendo mancare la dovuta spinta. Esce per Arizala.<\/p>\n<p>CONTENUTO<\/p>\n<p><strong>ZANIOLO<\/strong>: 6<\/p>\n<p>Non riesce a trovare spazi utili, ben contenuto da una difesa attenta e molto \u201crobusta\u201d che con lui pu\u00f2 anche usare le maniere forti, tanto&#8230; nulla succede!<\/p>\n<p>ACCERCHIATO<\/p>\n<p><strong>DAVIS<\/strong>: 5,5<\/p>\n<p>Viene ingabbiato a dovere dalla difesa, che gli dedica una marcatura a uomo come non si vedeva da tempo.<\/p>\n<p>RICERCATO<\/p>\n<p>__________________<\/p>\n<p>MILLER: 6<\/p>\n<p>Entra al posto di Ekkelenkamp. Gioca sempre troppo poco.<\/p>\n<p>ARIZALA: 6<\/p>\n<p>Dentro per Kamara, in tempo per mostrare di avere la stoffa giusta per poter aspirare ad una maglia da titolare.<\/p>\n<p>MLACIC: 5,5<\/p>\n<p>D\u00e0 il cambio a Zarraga. Due partite e due gialli! Che sia un collezionista?<\/p>\n<p>PIOTROWSKI: 5,5<\/p>\n<p>Subentra a Karlstrom.<\/p>\n<p>GUEYE: s.v.<\/p>\n<p>Quinto cambio per Atta.<\/p>\n<p><strong>__________________<\/strong><\/p>\n<p><strong>MISTER RUNJAIC<\/strong>: 5<\/p>\n<p>Con Bertola e Solet out, schiera in difesa Ehizibue e a centrocampo rinuncia a Miller. Se fossi io il mister, ma non lo sono, avrei fatto scelte diverse. Cosa dir\u00e0 il campo? Dice che senza coraggio e dandosi per vinti, si finisce per subire e prenderle, nonostante l&#8217;avversario si riveli poco pi\u00f9 di una provinciale. Cos\u00ec non va&#8230;<\/p>\n<p>ARRENDEVOLE<\/p>\n<p>__________________<\/p>\n<p><strong>ARBITRI<\/strong>:\u00a0<strong>5,5<\/strong><\/p>\n<p>Il giallo a Zaniolo \u00e8 \u201cpeccaminoso\u201d tanto quanto quelli mancati alla controparte.<\/p>\n<p><strong>__________________<\/strong><\/p>\n<p><strong>CITAZIONE SPECIALE DI OGGI<\/strong><\/p>\n<p>Mariani: 4<\/p>\n<p>Tanto ha fatto che ha trovato il pretesto per ammonire Zaniolo.<\/p>\n<figure id=\"attachment_72304\" aria-describedby=\"caption-attachment-72304\" style=\"width: 800px\" class=\"wp-caption aligncenter\"><img loading=\"lazy\" decoding=\"async\" class=\"size-full wp-image-72304\" src=\"https:\/\/imagazine.it\/wp-content\/uploads\/2026\/03\/udinese-juve-14-03-2026-26-foti.jpg\" alt=\"\" width=\"800\" height=\"652\" title=\"\" srcset=\"https:\/\/imagazine.it\/wp-content\/uploads\/2026\/03\/udinese-juve-14-03-2026-26-foti.jpg 800w, https:\/\/imagazine.it\/wp-content\/uploads\/2026\/03\/udinese-juve-14-03-2026-26-foti-300x245.jpg 300w, https:\/\/imagazine.it\/wp-content\/uploads\/2026\/03\/udinese-juve-14-03-2026-26-foti-768x626.jpg 768w\" sizes=\"auto, (max-width: 800px) 100vw, 800px\" \/><figcaption id=\"caption-attachment-72304\" class=\"wp-caption-text\">Livio Nonis assieme al violinista Pierpaolo Foti, uomo compertina del precedente numero di iMagazine<\/figcaption><\/figure>\n","protected":false},"excerpt":{"rendered":"<p>In uno stadio tutto esaurito i friulani non pungono e sprecano l&#8217;unica occasione per il pari. Gli ospiti si impongono 0-1<\/p>\n","protected":false},"author":22,"featured_media":72300,"comment_status":"closed","ping_status":"closed","sticky":false,"template":"","format":"image","meta":{"dwc-title":[""],"dwc-content":[""],"footnotes":""},"categories":[38],"tags":[3725,3614,101],"class_list":["post-72299","post","type-post","status-publish","format-image","has-post-thumbnail","hentry","category-sport","tag-calcio-serie-a","tag-juventus","tag-udine","post_format-post-format-image"],"rttpg_featured_image_url":{"full":["https:\/\/imagazine.it\/wp-content\/uploads\/2026\/03\/udinese-juve-14-03-2026-20-i-due-mister.jpg",1366,720,false],"landscape":["https:\/\/imagazine.it\/wp-content\/uploads\/2026\/03\/udinese-juve-14-03-2026-20-i-due-mister.jpg",1366,720,false],"portraits":["https:\/\/imagazine.it\/wp-content\/uploads\/2026\/03\/udinese-juve-14-03-2026-20-i-due-mister.jpg",1366,720,false],"thumbnail":["https:\/\/imagazine.it\/wp-content\/uploads\/2026\/03\/udinese-juve-14-03-2026-20-i-due-mister-150x150.jpg",150,150,true],"medium":["https:\/\/imagazine.it\/wp-content\/uploads\/2026\/03\/udinese-juve-14-03-2026-20-i-due-mister-300x158.jpg",300,158,true],"large":["https:\/\/imagazine.it\/wp-content\/uploads\/2026\/03\/udinese-juve-14-03-2026-20-i-due-mister-1024x540.jpg",640,338,true],"thumblist":["https:\/\/imagazine.it\/wp-content\/uploads\/2026\/03\/udinese-juve-14-03-2026-20-i-due-mister-300x300.jpg",300,300,true],"thumbrelated":["https:\/\/imagazine.it\/wp-content\/uploads\/2026\/03\/udinese-juve-14-03-2026-20-i-due-mister-500x500.jpg",500,500,true],"meccarouselthumb":["https:\/\/imagazine.it\/wp-content\/uploads\/2026\/03\/udinese-juve-14-03-2026-20-i-due-mister-474x324.jpg",474,324,true],"gridsquare":["https:\/\/imagazine.it\/wp-content\/uploads\/2026\/03\/udinese-juve-14-03-2026-20-i-due-mister-391x260.jpg",391,260,true],"tileview":["https:\/\/imagazine.it\/wp-content\/uploads\/2026\/03\/udinese-juve-14-03-2026-20-i-due-mister-300x400.jpg",300,400,true],"1536x1536":["https:\/\/imagazine.it\/wp-content\/uploads\/2026\/03\/udinese-juve-14-03-2026-20-i-due-mister.jpg",1366,720,false],"2048x2048":["https:\/\/imagazine.it\/wp-content\/uploads\/2026\/03\/udinese-juve-14-03-2026-20-i-due-mister.jpg",1366,720,false],"newsup-slider-full":["https:\/\/imagazine.it\/wp-content\/uploads\/2026\/03\/udinese-juve-14-03-2026-20-i-due-mister-1280x720.jpg",1280,720,true],"newsup-featured":["https:\/\/imagazine.it\/wp-content\/uploads\/2026\/03\/udinese-juve-14-03-2026-20-i-due-mister-1024x540.jpg",1024,540,true],"newsup-medium":["https:\/\/imagazine.it\/wp-content\/uploads\/2026\/03\/udinese-juve-14-03-2026-20-i-due-mister-720x380.jpg",720,380,true],"tptn_thumbnail":["https:\/\/imagazine.it\/wp-content\/uploads\/2026\/03\/udinese-juve-14-03-2026-20-i-due-mister-250x210.jpg",250,210,true],"sow-carousel-default":["https:\/\/imagazine.it\/wp-content\/uploads\/2026\/03\/udinese-juve-14-03-2026-20-i-due-mister-272x182.jpg",272,182,true]},"rttpg_author":{"display_name":"Livio Nonis","author_link":"https:\/\/imagazine.it\/home_desk\/author\/nonis\/"},"rttpg_comment":0,"rttpg_category":"<a href=\"https:\/\/imagazine.it\/home_desk\/category\/sport\/\" rel=\"category tag\">SPORT<\/a>","rttpg_excerpt":"In uno stadio tutto esaurito i friulani non pungono e sprecano l'unica occasione per il pari. Gli ospiti si impongono 0-1","_links":{"self":[{"href":"https:\/\/imagazine.it\/home_desk\/wp-json\/wp\/v2\/posts\/72299","targetHints":{"allow":["GET"]}}],"collection":[{"href":"https:\/\/imagazine.it\/home_desk\/wp-json\/wp\/v2\/posts"}],"about":[{"href":"https:\/\/imagazine.it\/home_desk\/wp-json\/wp\/v2\/types\/post"}],"author":[{"embeddable":true,"href":"https:\/\/imagazine.it\/home_desk\/wp-json\/wp\/v2\/users\/22"}],"replies":[{"embeddable":true,"href":"https:\/\/imagazine.it\/home_desk\/wp-json\/wp\/v2\/comments?post=72299"}],"version-history":[{"count":3,"href":"https:\/\/imagazine.it\/home_desk\/wp-json\/wp\/v2\/posts\/72299\/revisions"}],"predecessor-version":[{"id":72307,"href":"https:\/\/imagazine.it\/home_desk\/wp-json\/wp\/v2\/posts\/72299\/revisions\/72307"}],"wp:featuredmedia":[{"embeddable":true,"href":"https:\/\/imagazine.it\/home_desk\/wp-json\/wp\/v2\/media\/72300"}],"wp:attachment":[{"href":"https:\/\/imagazine.it\/home_desk\/wp-json\/wp\/v2\/media?parent=72299"}],"wp:term":[{"taxonomy":"category","embeddable":true,"href":"https:\/\/imagazine.it\/home_desk\/wp-json\/wp\/v2\/categories?post=72299"},{"taxonomy":"post_tag","embeddable":true,"href":"https:\/\/imagazine.it\/home_desk\/wp-json\/wp\/v2\/tags?post=72299"}],"curies":[{"name":"wp","href":"https:\/\/api.w.org\/{rel}","templated":true}]}}