{"id":72292,"date":"2026-03-13T18:37:16","date_gmt":"2026-03-13T17:37:16","guid":{"rendered":"https:\/\/imagazine.it\/home_desk\/?p=72292"},"modified":"2026-03-16T15:38:01","modified_gmt":"2026-03-16T14:38:01","slug":"la-rotta-dei-fenici-punta-su-aquileia","status":"publish","type":"post","link":"https:\/\/imagazine.it\/home_desk\/la-rotta-dei-fenici-punta-su-aquileia\/","title":{"rendered":"La Rotta dei Fenici punta su Aquileia"},"content":{"rendered":"<h6>L&#8217;antico porto fluviale di Aquileia (\u00a9 Nicola Oleotto)<\/h6>\n<p>&nbsp;<\/p>\n<p>AQUILEIA \u2013 Si terr\u00e0 il 19 e 20 marzo ad <strong>Aquileia e ad Ajdov\u0161\u010dina (Slovenia)<\/strong> il <strong>XIX Dialogo Euro-Mediterraneo sulla Rotta dei Fenici<\/strong>, appuntamento annuale internazionale della<em> Rotta dei Fenici, <\/em>Itinerario Culturale del Consiglio d\u2019Europa.<\/p>\n<p>Un incontro che riunisce <strong>studiosi, istituzioni culturali, amministratori pubblici e operatori del settore provenienti da diversi Paesi<\/strong> del Mediterraneo e dell\u2019Europa, con l\u2019obiettivo di promuovere il patrimonio culturale come spazio di confronto, cooperazione e sviluppo sostenibile.<\/p>\n<p>L\u2019iniziativa rappresenta uno dei momenti centrali di confronto per il <strong>network internazionale della <em>Rotta dei Fenici<\/em>, che oggi riunisce oltre 80 enti associati tra istituzioni pubbliche, universit\u00e0, musei, territori <\/strong>e organizzazioni culturali impegnate nella valorizzazione dei paesaggi storici e delle rotte mediterranee che per secoli hanno favorito scambi tra popoli e civilt\u00e0.<\/p>\n<p>I lavori prenderanno il via<strong> il 19 marzo ad Aquileia, <\/strong>ospiti della Fondazione Aquileia, co-organizzatore dell\u2019appuntamento e partner della Rotta dei Fenici, con l\u2019Assemblea Generale Internazionale 2026 riservata ai soci dell\u2019associazione.<\/p>\n<p>A partire dalle ore 10.30, presso la Sala Conferenze di Palazzo Brunner-Segr\u00e9, si aprir\u00e0 la sessione pubblica con due panel di approfondimento dedicati al rapporto tra itinerari culturali, gestione del patrimonio e cooperazione internazionale.<\/p>\n<p>Il primo panel, dal titolo <strong>\u201c<em>La Rotta dei Fenici e il Patrimonio Culturale: un legame indissolubile<\/em>\u201d<\/strong>, sar\u00e0 dedicato al ruolo degli enti aderenti alla Rotta che gestiscono siti e patrimoni di rilevanza internazionale, con interventi e testimonianze che metteranno in luce buone pratiche di tutela, valorizzazione e promozione culturale.<\/p>\n<p>Il secondo panel, <strong>\u201c<em>La collaborazione tra la Rotta dei Fenici e altri Itinerari Culturali del Consiglio d\u2019Europa<\/em>\u201d<\/strong>, approfondir\u00e0 invece il tema delle sinergie tra diversi itinerari europei, evidenziando come la cooperazione tra reti culturali possa contribuire alla costruzione di progetti comuni, alla promozione dei territori e alla diffusione di modelli di turismo culturale sostenibile.<\/p>\n<p>La giornata proseguir\u00e0 con attivit\u00e0 riservate ai delegati e ai partner della Rotta dei Fenici, che avranno l\u2019opportunit\u00e0 di visitare il patrimonio archeologico e storico di Aquileia, uno dei pi\u00f9 importanti siti del patrimonio romano e tardoantico del Mediterraneo.<\/p>\n<p>Il 20 marzo il Dialogo Euro-Mediterraneo si sposter\u00e0 ad Ajdov\u0161\u010dina, in Slovenia, ospiti dell\u2019amministrazione comunale. A partire dalle ore 9 si terranno altri due momenti di confronto dedicati a temi centrali per il futuro della cooperazione culturale internazionale.<\/p>\n<p>Il terzo panel, <strong>\u201c<em>Promuovere il patrimonio culturale come strumento di dialogo interculturale \u2013 Testimonianze e casi di studio da Dialogue Beyond Borders<\/em>\u201d<\/strong>, presenter\u00e0 esperienze e progetti che utilizzano il patrimonio culturale come leva per favorire il dialogo tra comunit\u00e0, la partecipazione e l\u2019inclusione.<\/p>\n<p>Il quarto panel, <strong>\u201c<em>Dalla sostenibilit\u00e0 alla rigenerazione: ripensare la gestione delle destinazioni \u2013 Destination management, tour operator e progetti internazionali<\/em>\u201d<\/strong>, sar\u00e0 invece dedicato alle nuove prospettive nella gestione delle destinazioni culturali, con particolare attenzione alle strategie di turismo sostenibile, alla cooperazione tra operatori e allo sviluppo di progetti europei e mediterranei.<\/p>\n<p>Anche la seconda giornata si concluder\u00e0 con una visita al patrimonio storico e culturale di Ajdov\u0161\u010dina, offrendo ai partecipanti l\u2019occasione di conoscere direttamente uno dei territori pi\u00f9 significativi della Slovenia dal punto di vista storico e paesaggistico.<\/p>\n<p>Il XIX Dialogo Euro-Mediterraneo sulla Rotta dei Fenici si conferma cos\u00ec come un importante spazio di incontro tra istituzioni, studiosi e operatori culturali ed economici impegnati nella valorizzazione del patrimonio comune del Mediterraneo e nella costruzione di nuove forme di cooperazione culturale tra territori europei.<\/p>\n","protected":false},"excerpt":{"rendered":"<p>La citt\u00e0 patriarcale ospita assieme alla slovena Ajdov\u0161\u010dina il XIX Dialogo Euro-Mediterraneo: spazio di confronto, cooperazione e sviluppo sostenibile<\/p>\n","protected":false},"author":28,"featured_media":61702,"comment_status":"closed","ping_status":"closed","sticky":false,"template":"","format":"image","meta":{"dwc-title":[""],"dwc-content":[""],"footnotes":""},"categories":[8],"tags":[349,427,2456],"class_list":["post-72292","post","type-post","status-publish","format-image","has-post-thumbnail","hentry","category-turismo","tag-aquileia","tag-europa","tag-meeting","post_format-post-format-image"],"rttpg_featured_image_url":{"full":["https:\/\/imagazine.it\/wp-content\/uploads\/2025\/01\/Aquileia-dallalto-Porto-Fluviale_-Nicola-Oleotto-copia.jpg",1366,725,false],"landscape":["https:\/\/imagazine.it\/wp-content\/uploads\/2025\/01\/Aquileia-dallalto-Porto-Fluviale_-Nicola-Oleotto-copia.jpg",1366,725,false],"portraits":["https:\/\/imagazine.it\/wp-content\/uploads\/2025\/01\/Aquileia-dallalto-Porto-Fluviale_-Nicola-Oleotto-copia.jpg",1366,725,false],"thumbnail":["https:\/\/imagazine.it\/wp-content\/uploads\/2025\/01\/Aquileia-dallalto-Porto-Fluviale_-Nicola-Oleotto-copia-150x150.jpg",150,150,true],"medium":["https:\/\/imagazine.it\/wp-content\/uploads\/2025\/01\/Aquileia-dallalto-Porto-Fluviale_-Nicola-Oleotto-copia-300x159.jpg",300,159,true],"large":["https:\/\/imagazine.it\/wp-content\/uploads\/2025\/01\/Aquileia-dallalto-Porto-Fluviale_-Nicola-Oleotto-copia-1024x543.jpg",640,339,true],"thumblist":["https:\/\/imagazine.it\/wp-content\/uploads\/2025\/01\/Aquileia-dallalto-Porto-Fluviale_-Nicola-Oleotto-copia-300x300.jpg",300,300,true],"thumbrelated":["https:\/\/imagazine.it\/wp-content\/uploads\/2025\/01\/Aquileia-dallalto-Porto-Fluviale_-Nicola-Oleotto-copia-500x500.jpg",500,500,true],"meccarouselthumb":["https:\/\/imagazine.it\/wp-content\/uploads\/2025\/01\/Aquileia-dallalto-Porto-Fluviale_-Nicola-Oleotto-copia-474x324.jpg",474,324,true],"gridsquare":["https:\/\/imagazine.it\/wp-content\/uploads\/2025\/01\/Aquileia-dallalto-Porto-Fluviale_-Nicola-Oleotto-copia-391x260.jpg",391,260,true],"tileview":["https:\/\/imagazine.it\/wp-content\/uploads\/2025\/01\/Aquileia-dallalto-Porto-Fluviale_-Nicola-Oleotto-copia-300x400.jpg",300,400,true],"1536x1536":["https:\/\/imagazine.it\/wp-content\/uploads\/2025\/01\/Aquileia-dallalto-Porto-Fluviale_-Nicola-Oleotto-copia.jpg",1366,725,false],"2048x2048":["https:\/\/imagazine.it\/wp-content\/uploads\/2025\/01\/Aquileia-dallalto-Porto-Fluviale_-Nicola-Oleotto-copia.jpg",1366,725,false],"newsup-slider-full":["https:\/\/imagazine.it\/wp-content\/uploads\/2025\/01\/Aquileia-dallalto-Porto-Fluviale_-Nicola-Oleotto-copia-1280x720.jpg",1280,720,true],"newsup-featured":["https:\/\/imagazine.it\/wp-content\/uploads\/2025\/01\/Aquileia-dallalto-Porto-Fluviale_-Nicola-Oleotto-copia-1024x543.jpg",1024,543,true],"newsup-medium":["https:\/\/imagazine.it\/wp-content\/uploads\/2025\/01\/Aquileia-dallalto-Porto-Fluviale_-Nicola-Oleotto-copia-720x380.jpg",720,380,true],"tptn_thumbnail":["https:\/\/imagazine.it\/wp-content\/uploads\/2025\/01\/Aquileia-dallalto-Porto-Fluviale_-Nicola-Oleotto-copia-250x210.jpg",250,210,true],"sow-carousel-default":["https:\/\/imagazine.it\/wp-content\/uploads\/2025\/01\/Aquileia-dallalto-Porto-Fluviale_-Nicola-Oleotto-copia-272x182.jpg",272,182,true]},"rttpg_author":{"display_name":"redazione","author_link":"https:\/\/imagazine.it\/home_desk\/author\/redazione\/"},"rttpg_comment":0,"rttpg_category":"<a href=\"https:\/\/imagazine.it\/home_desk\/category\/turismo\/\" rel=\"category tag\">TURISMO<\/a>","rttpg_excerpt":"La citt\u00e0 patriarcale ospita assieme alla slovena Ajdov\u0161\u010dina il XIX Dialogo Euro-Mediterraneo: spazio di confronto, cooperazione e sviluppo sostenibile","_links":{"self":[{"href":"https:\/\/imagazine.it\/home_desk\/wp-json\/wp\/v2\/posts\/72292","targetHints":{"allow":["GET"]}}],"collection":[{"href":"https:\/\/imagazine.it\/home_desk\/wp-json\/wp\/v2\/posts"}],"about":[{"href":"https:\/\/imagazine.it\/home_desk\/wp-json\/wp\/v2\/types\/post"}],"author":[{"embeddable":true,"href":"https:\/\/imagazine.it\/home_desk\/wp-json\/wp\/v2\/users\/28"}],"replies":[{"embeddable":true,"href":"https:\/\/imagazine.it\/home_desk\/wp-json\/wp\/v2\/comments?post=72292"}],"version-history":[{"count":2,"href":"https:\/\/imagazine.it\/home_desk\/wp-json\/wp\/v2\/posts\/72292\/revisions"}],"predecessor-version":[{"id":72294,"href":"https:\/\/imagazine.it\/home_desk\/wp-json\/wp\/v2\/posts\/72292\/revisions\/72294"}],"wp:featuredmedia":[{"embeddable":true,"href":"https:\/\/imagazine.it\/home_desk\/wp-json\/wp\/v2\/media\/61702"}],"wp:attachment":[{"href":"https:\/\/imagazine.it\/home_desk\/wp-json\/wp\/v2\/media?parent=72292"}],"wp:term":[{"taxonomy":"category","embeddable":true,"href":"https:\/\/imagazine.it\/home_desk\/wp-json\/wp\/v2\/categories?post=72292"},{"taxonomy":"post_tag","embeddable":true,"href":"https:\/\/imagazine.it\/home_desk\/wp-json\/wp\/v2\/tags?post=72292"}],"curies":[{"name":"wp","href":"https:\/\/api.w.org\/{rel}","templated":true}]}}