{"id":72288,"date":"2026-03-13T17:45:45","date_gmt":"2026-03-13T16:45:45","guid":{"rendered":"https:\/\/imagazine.it\/home_desk\/?p=72288"},"modified":"2026-03-13T17:45:45","modified_gmt":"2026-03-13T16:45:45","slug":"premio-nazionale-per-i-costumi-bisiachi","status":"publish","type":"post","link":"https:\/\/imagazine.it\/home_desk\/premio-nazionale-per-i-costumi-bisiachi\/","title":{"rendered":"Premio nazionale per i Costumi Bisiachi"},"content":{"rendered":"<h6>Danze in casa di riposo<\/h6>\n<p>&nbsp;<\/p>\n<p>TURRIACO \u2013 L\u2019attivit\u00e0 di volontariato del <strong>Coro del Gruppo Costumi Tradizionali Bisiachi<\/strong> nelle case di Riposo del Friuli Venezia Giulia \u00e8 stata premiata ancora una volta a livello nazionale.<\/p>\n<p>\u00c8 appena giunta la notizia del conferimento al Gruppo della \u201c<strong><em>Segnalazione di Buon Esempio<\/em><\/strong>\u201d alla XII Edizione del \u201cPremio Nazionale Persona e Comunit\u00e0\u201d organizzato dal Centro Studi Cultura e Societ\u00e0 di Torino con la Regione Piemonte e il Comune di Torino.<\/p>\n<p>\u00c8 stato premiato il progetto di intrattenimento corale e musicale <strong><em>VariEt\u00e0<\/em><\/strong> proposto dal Gruppo, costantemente dal 2004, in una ventina di strutture protette del Friuli Venezia Giulia.<\/p>\n<p>Nel corso del 2025 il Coro \u00e8 stato presente nelle case di riposo del FVG per 98 volte, inoltre l\u2019eco del benessere psicofisico ottenuto dagli anziani in seguito agli interventi del Gruppo Costumi ha varcato i confini regionali e richieste di intervento sono giunte dal Veneto e da Roma.<\/p>\n<p>\u201cSe da una parte ci\u00f2 ci gratifica \u2013 afferma la presidente <strong>Caterina Chittaro<\/strong> \u2013 dall\u2019altra rimane il rammarico di non riuscire sempre a far fronte a tutte le richieste che ci giungono\u201d.<\/p>\n<p>Il Premio, assegnato al Gruppo per la sesta volta, \u00e8 dedicato alla valorizzazione dei migliori Progetti, in campo nazionale, delle Pubbliche Amministrazioni e delle Organizzazioni di Volontariato, finalizzati allo sviluppo, al benessere e alla cura della persona, per il miglioramento concreto della qualit\u00e0 della vita, in un\u2019ottica di servizi offerti ai cittadini.<\/p>\n<p>La cerimonia delle premiazioni si svolger\u00e0 a Torino, nella sede della Citt\u00e0 Metropolitana, gioved\u00ec 16 aprile nel corso del Convegno \u201c<em>La centralit\u00e0 della Persona nei migliori progetti della PA e del Terzo Settore<\/em>\u201d.<\/p>\n<p>Il progetto <em>VariEt\u00e0<\/em> \u00e8 riconosciuto dalla Regione FVG di Particolare Rilevanza.<\/p>\n<p>Il Coro si esibir\u00e0 sia durante le premiazioni sia in forma itinerante nel centro di Torino,\u00a0promuovendo la Regione Friuli Venezia Giulia attraverso i canti popolari regionali e i costumi tradizionali indossati, che richiamano curiosit\u00e0 e permettono di veicolare notizie di carattere turistico e culturale.<\/p>\n","protected":false},"excerpt":{"rendered":"<p>Riconoscimento al Coro del Gruppo per l&#8217;attivit\u00e0 di intrattenimento svolta durante l&#8217;anno nelle Case di Riposo<\/p>\n","protected":false},"author":22,"featured_media":72289,"comment_status":"closed","ping_status":"closed","sticky":false,"template":"","format":"image","meta":{"dwc-title":[""],"dwc-content":[""],"footnotes":""},"categories":[37],"tags":[],"class_list":["post-72288","post","type-post","status-publish","format-image","has-post-thumbnail","hentry","category-cultura-e-spettacolo","post_format-post-format-image"],"rttpg_featured_image_url":{"full":["https:\/\/imagazine.it\/wp-content\/uploads\/2026\/03\/premioCoro.jpg",1366,792,false],"landscape":["https:\/\/imagazine.it\/wp-content\/uploads\/2026\/03\/premioCoro.jpg",1366,792,false],"portraits":["https:\/\/imagazine.it\/wp-content\/uploads\/2026\/03\/premioCoro.jpg",1366,792,false],"thumbnail":["https:\/\/imagazine.it\/wp-content\/uploads\/2026\/03\/premioCoro-150x150.jpg",150,150,true],"medium":["https:\/\/imagazine.it\/wp-content\/uploads\/2026\/03\/premioCoro-300x174.jpg",300,174,true],"large":["https:\/\/imagazine.it\/wp-content\/uploads\/2026\/03\/premioCoro-1024x594.jpg",640,371,true],"thumblist":["https:\/\/imagazine.it\/wp-content\/uploads\/2026\/03\/premioCoro-300x300.jpg",300,300,true],"thumbrelated":["https:\/\/imagazine.it\/wp-content\/uploads\/2026\/03\/premioCoro-500x500.jpg",500,500,true],"meccarouselthumb":["https:\/\/imagazine.it\/wp-content\/uploads\/2026\/03\/premioCoro-474x324.jpg",474,324,true],"gridsquare":["https:\/\/imagazine.it\/wp-content\/uploads\/2026\/03\/premioCoro-391x260.jpg",391,260,true],"tileview":["https:\/\/imagazine.it\/wp-content\/uploads\/2026\/03\/premioCoro-300x400.jpg",300,400,true],"1536x1536":["https:\/\/imagazine.it\/wp-content\/uploads\/2026\/03\/premioCoro.jpg",1366,792,false],"2048x2048":["https:\/\/imagazine.it\/wp-content\/uploads\/2026\/03\/premioCoro.jpg",1366,792,false],"newsup-slider-full":["https:\/\/imagazine.it\/wp-content\/uploads\/2026\/03\/premioCoro-1280x720.jpg",1280,720,true],"newsup-featured":["https:\/\/imagazine.it\/wp-content\/uploads\/2026\/03\/premioCoro-1024x594.jpg",1024,594,true],"newsup-medium":["https:\/\/imagazine.it\/wp-content\/uploads\/2026\/03\/premioCoro-720x380.jpg",720,380,true],"tptn_thumbnail":["https:\/\/imagazine.it\/wp-content\/uploads\/2026\/03\/premioCoro-250x210.jpg",250,210,true],"sow-carousel-default":["https:\/\/imagazine.it\/wp-content\/uploads\/2026\/03\/premioCoro-272x182.jpg",272,182,true]},"rttpg_author":{"display_name":"Livio Nonis","author_link":"https:\/\/imagazine.it\/home_desk\/author\/nonis\/"},"rttpg_comment":0,"rttpg_category":"<a href=\"https:\/\/imagazine.it\/home_desk\/category\/cultura-e-spettacolo\/\" rel=\"category tag\">CULTURA&amp;SPETTACOLO<\/a>","rttpg_excerpt":"Riconoscimento al Coro del Gruppo per l'attivit\u00e0 di intrattenimento svolta durante l'anno nelle Case di Riposo","_links":{"self":[{"href":"https:\/\/imagazine.it\/home_desk\/wp-json\/wp\/v2\/posts\/72288","targetHints":{"allow":["GET"]}}],"collection":[{"href":"https:\/\/imagazine.it\/home_desk\/wp-json\/wp\/v2\/posts"}],"about":[{"href":"https:\/\/imagazine.it\/home_desk\/wp-json\/wp\/v2\/types\/post"}],"author":[{"embeddable":true,"href":"https:\/\/imagazine.it\/home_desk\/wp-json\/wp\/v2\/users\/22"}],"replies":[{"embeddable":true,"href":"https:\/\/imagazine.it\/home_desk\/wp-json\/wp\/v2\/comments?post=72288"}],"version-history":[{"count":2,"href":"https:\/\/imagazine.it\/home_desk\/wp-json\/wp\/v2\/posts\/72288\/revisions"}],"predecessor-version":[{"id":72291,"href":"https:\/\/imagazine.it\/home_desk\/wp-json\/wp\/v2\/posts\/72288\/revisions\/72291"}],"wp:featuredmedia":[{"embeddable":true,"href":"https:\/\/imagazine.it\/home_desk\/wp-json\/wp\/v2\/media\/72289"}],"wp:attachment":[{"href":"https:\/\/imagazine.it\/home_desk\/wp-json\/wp\/v2\/media?parent=72288"}],"wp:term":[{"taxonomy":"category","embeddable":true,"href":"https:\/\/imagazine.it\/home_desk\/wp-json\/wp\/v2\/categories?post=72288"},{"taxonomy":"post_tag","embeddable":true,"href":"https:\/\/imagazine.it\/home_desk\/wp-json\/wp\/v2\/tags?post=72288"}],"curies":[{"name":"wp","href":"https:\/\/api.w.org\/{rel}","templated":true}]}}