{"id":72279,"date":"2026-03-13T16:17:23","date_gmt":"2026-03-13T15:17:23","guid":{"rendered":"https:\/\/imagazine.it\/home_desk\/?p=72279"},"modified":"2026-03-15T09:19:13","modified_gmt":"2026-03-15T08:19:13","slug":"udinese-e-regione-fvg-rinnovano-la-partnership","status":"publish","type":"post","link":"https:\/\/imagazine.it\/home_desk\/udinese-e-regione-fvg-rinnovano-la-partnership\/","title":{"rendered":"Udinese e Regione FVG rinnovano la partnership"},"content":{"rendered":"<h6>Da destra Collavino e Fedriga assieme al patron dell&#8217;Udinese, Giampaolo Pozzo<\/h6>\n<p>&nbsp;<\/p>\n<p>UDINE \u2013 Insieme, ancora, fino al 2029. La <strong>Regione Friuli Venezia Giulia<\/strong>, con PromoTurismoFVG, l&#8217;ente che si occupa della promozione turistica del territorio regionale, e <strong>Udinese Calcio S.p.A.<\/strong> hanno sottoscritto un <strong>nuovo accordo di sponsorizzazione<\/strong> che vedr\u00e0 il marchio <em>Io sono Friuli Venezia Giulia<\/em> protagonista sulla maglia della squadra bianconera durante le stagioni sportive 2026\/27, 2027\/28 e 2028\/29.<\/p>\n<p>Alla base del rinnovo della partnership \u2013 iniziata nella stagione 2023\/2024 \u2013 vi sono fattori qualitativi ma anche quantitativi, come l&#8217;eccellente prestazione di comunicazione grazie alla sponsorizzazione delle maglie dell&#8217;Udinese.<\/p>\n<p>Le rilevazioni <em>Nielsen<\/em> delle ultime stagioni, che misurano il valore economico dell\u2019esposizione mediatica del brand durante gli eventi sportivi, hanno infatti evidenziato un ritorno per lo sponsor pari a quasi il triplo dell\u2019investimento su media televisivi nazionali.<\/p>\n<p>Contando sul potenziale del calcio come <em>influencer<\/em> globale, PromoTurismoFVG e il marketing team di Udinese Calcio continueranno a pianificare iniziative promozionali coerenti con il posizionamento turistico del Friuli Venezia Giulia, puntando a raggiungere il miliardo e mezzo di persone che seguono la Serie A nel mondo e, in particolare, gli oltre 8 milioni di <em>follower<\/em> del club bianconero e dei suoi atleti sulle piattaforme digitali.<\/p>\n<p>Un percorso che li vedr\u00e0 gi\u00e0 nel breve impegnati nella programmazione delle iniziative legate alle celebrazioni, che ricorreranno nel 2026, dei 130 anni di storia dei primi bianconeri d\u2019Italia.<\/p>\n<p>L\u2019attivit\u00e0 si inserisce nella pi\u00f9 ampia strategia di valorizzazione delle eccellenze sportive regionali quali <em>ambassador<\/em> del Friuli Venezia Giulia, una promozione legata ai valori di sport e territorio che attraverso il brand \u201c<em>Io sono Friuli Venezia Giulia<\/em>\u201d amplifica la visibilit\u00e0 e la riconoscibilit\u00e0 della regione su scala nazionale e internazionale.<\/p>\n<p>\u201cLa Regione Friuli Venezia Giulia \u00e8 nuovamente <em>main sponsor<\/em> di Udinese Calcio e siamo pronti a vivere assieme ancora grandi emozioni: \u00e8 un orgoglio per noi poter sostenere una storica societ\u00e0 che da decenni si distingue per professionalit\u00e0, valori e forte attaccamento al territorio \u2013 sottolinea il presidente della Regione Friuli Venezia Giulia, <strong>Massimiliano Fedriga<\/strong> \u2013. Da tempo abbiamo scelto di affiancare alla promozione regionale un messaggio identitario univoco e coerente con il brand \u201c<em>Io sono Friuli Venezia Giulia<\/em>\u201d e lo facciamo anche attraverso lo sport, straordinario veicolo di visibilit\u00e0 con un ritorno mediatico che sin qui ci ha regalato ottimi risultati e che auspichiamo prosegua in futuro\u201d.<\/p>\n<p>\u201cUdinese \u00e8 espressione autentica del Friuli Venezia Giulia e dei suoi valori nel mondo. Siamo particolarmente entusiasti che questo rapporto prosegua per ulteriori 3 stagioni in quanto sentiamo da sempre la responsabilit\u00e0 di essere alfieri della nostra Regione sulla scena internazionale \u2013 dichiara il direttore generale di Udinese Calcio, <strong>Franco Collavino<\/strong> \u2013. La nostra terra \u00e8 sinonimo di eccellenza tanto quanto lo siamo noi per la continuit\u00e0 sportiva, l&#8217;innovazione e il grande lavoro fatto per lo stadio. La sinergia tra la Regione Friuli Venezia Giulia e il nostro Club rappresenta un valore aggiunto che esalta ulteriormente il Friuli Venezia Giulia e rinsalda il nostro senso di appartenenza verso il territorio che, attraverso il nostro brand, possiamo contribuire a valorizzare in tutto il mondo\u201d.<\/p>\n","protected":false},"excerpt":{"rendered":"<p>Il marchio \u201cIo sono Friuli Venezia Giulia\u201d rester\u00e0 sulle maglie bianconere per le prossime tre stagioni<\/p>\n","protected":false},"author":22,"featured_media":72280,"comment_status":"closed","ping_status":"closed","sticky":false,"template":"","format":"image","meta":{"dwc-title":[""],"dwc-content":[""],"footnotes":""},"categories":[38],"tags":[947,1714,949],"class_list":["post-72279","post","type-post","status-publish","format-image","has-post-thumbnail","hentry","category-sport","tag-calcio","tag-serie-a","tag-udinese","post_format-post-format-image"],"rttpg_featured_image_url":{"full":["https:\/\/imagazine.it\/wp-content\/uploads\/2026\/03\/iosonofvg.jpg",1366,831,false],"landscape":["https:\/\/imagazine.it\/wp-content\/uploads\/2026\/03\/iosonofvg.jpg",1366,831,false],"portraits":["https:\/\/imagazine.it\/wp-content\/uploads\/2026\/03\/iosonofvg.jpg",1366,831,false],"thumbnail":["https:\/\/imagazine.it\/wp-content\/uploads\/2026\/03\/iosonofvg-150x150.jpg",150,150,true],"medium":["https:\/\/imagazine.it\/wp-content\/uploads\/2026\/03\/iosonofvg-300x183.jpg",300,183,true],"large":["https:\/\/imagazine.it\/wp-content\/uploads\/2026\/03\/iosonofvg-1024x623.jpg",640,389,true],"thumblist":["https:\/\/imagazine.it\/wp-content\/uploads\/2026\/03\/iosonofvg-300x300.jpg",300,300,true],"thumbrelated":["https:\/\/imagazine.it\/wp-content\/uploads\/2026\/03\/iosonofvg-500x500.jpg",500,500,true],"meccarouselthumb":["https:\/\/imagazine.it\/wp-content\/uploads\/2026\/03\/iosonofvg-474x324.jpg",474,324,true],"gridsquare":["https:\/\/imagazine.it\/wp-content\/uploads\/2026\/03\/iosonofvg-391x260.jpg",391,260,true],"tileview":["https:\/\/imagazine.it\/wp-content\/uploads\/2026\/03\/iosonofvg-300x400.jpg",300,400,true],"1536x1536":["https:\/\/imagazine.it\/wp-content\/uploads\/2026\/03\/iosonofvg.jpg",1366,831,false],"2048x2048":["https:\/\/imagazine.it\/wp-content\/uploads\/2026\/03\/iosonofvg.jpg",1366,831,false],"newsup-slider-full":["https:\/\/imagazine.it\/wp-content\/uploads\/2026\/03\/iosonofvg-1280x720.jpg",1280,720,true],"newsup-featured":["https:\/\/imagazine.it\/wp-content\/uploads\/2026\/03\/iosonofvg-1024x623.jpg",1024,623,true],"newsup-medium":["https:\/\/imagazine.it\/wp-content\/uploads\/2026\/03\/iosonofvg-720x380.jpg",720,380,true],"tptn_thumbnail":["https:\/\/imagazine.it\/wp-content\/uploads\/2026\/03\/iosonofvg-250x210.jpg",250,210,true],"sow-carousel-default":["https:\/\/imagazine.it\/wp-content\/uploads\/2026\/03\/iosonofvg-272x182.jpg",272,182,true]},"rttpg_author":{"display_name":"Livio Nonis","author_link":"https:\/\/imagazine.it\/home_desk\/author\/nonis\/"},"rttpg_comment":0,"rttpg_category":"<a href=\"https:\/\/imagazine.it\/home_desk\/category\/sport\/\" rel=\"category tag\">SPORT<\/a>","rttpg_excerpt":"Il marchio \u201cIo sono Friuli Venezia Giulia\u201d rester\u00e0 sulle maglie bianconere per le prossime tre stagioni","_links":{"self":[{"href":"https:\/\/imagazine.it\/home_desk\/wp-json\/wp\/v2\/posts\/72279","targetHints":{"allow":["GET"]}}],"collection":[{"href":"https:\/\/imagazine.it\/home_desk\/wp-json\/wp\/v2\/posts"}],"about":[{"href":"https:\/\/imagazine.it\/home_desk\/wp-json\/wp\/v2\/types\/post"}],"author":[{"embeddable":true,"href":"https:\/\/imagazine.it\/home_desk\/wp-json\/wp\/v2\/users\/22"}],"replies":[{"embeddable":true,"href":"https:\/\/imagazine.it\/home_desk\/wp-json\/wp\/v2\/comments?post=72279"}],"version-history":[{"count":2,"href":"https:\/\/imagazine.it\/home_desk\/wp-json\/wp\/v2\/posts\/72279\/revisions"}],"predecessor-version":[{"id":72282,"href":"https:\/\/imagazine.it\/home_desk\/wp-json\/wp\/v2\/posts\/72279\/revisions\/72282"}],"wp:featuredmedia":[{"embeddable":true,"href":"https:\/\/imagazine.it\/home_desk\/wp-json\/wp\/v2\/media\/72280"}],"wp:attachment":[{"href":"https:\/\/imagazine.it\/home_desk\/wp-json\/wp\/v2\/media?parent=72279"}],"wp:term":[{"taxonomy":"category","embeddable":true,"href":"https:\/\/imagazine.it\/home_desk\/wp-json\/wp\/v2\/categories?post=72279"},{"taxonomy":"post_tag","embeddable":true,"href":"https:\/\/imagazine.it\/home_desk\/wp-json\/wp\/v2\/tags?post=72279"}],"curies":[{"name":"wp","href":"https:\/\/api.w.org\/{rel}","templated":true}]}}