{"id":72264,"date":"2026-03-13T11:57:13","date_gmt":"2026-03-13T10:57:13","guid":{"rendered":"https:\/\/imagazine.it\/home_desk\/?p=72264"},"modified":"2026-03-16T10:29:34","modified_gmt":"2026-03-16T09:29:34","slug":"telefono-e-memoria-altra-cabina-recuperata-a-gorizia","status":"publish","type":"post","link":"https:\/\/imagazine.it\/home_desk\/telefono-e-memoria-altra-cabina-recuperata-a-gorizia\/","title":{"rendered":"Telefono e memoria: altra cabina recuperata a Gorizia"},"content":{"rendered":"<h6>Il sindaco Ziberna accanto alla cabina installata in piazzale Martiri della Libert\u00e0<\/h6>\n<p>&nbsp;<\/p>\n<p>GORIZIA \u2013 Si aggiunge un nuovo tassello al progetto \u201c<em>Il telefono nella nostra memoria<\/em>\u201d, che vede Gorizia pioniera a livello nazionale.<\/p>\n<p>Alla cabina telefonica <span style=\"text-decoration: underline;\"><a href=\"https:\/\/imagazine.it\/home_desk\/nuova-vita-per-le-cabine-telefoniche\/\">recuperata e ricollocata ai Giardini pubblici<\/a><\/span> se ne \u00e8 aggiunta un\u2019altra, posizionata nel <strong>piazzale Martiri della Libert\u00e0<\/strong>, a lato della stazione ferroviaria.<\/p>\n<p>Anche questo manufatto \u00e8 rivestito di foto e didascalie che raccontano le tappe di evoluzione del telefono, con l\u2019intento di incuriosire soprattutto i pi\u00f9 giovani su quelle che sono state vere e proprie icone.<\/p>\n<p>\u201cSi tratta di un originale modo per valorizzare e tramandare una fetta di storia italiana ai giovani, che nell\u2019epoca degli smartphone sempre pi\u00f9 tecnologici probabilmente non hanno mai conosciuto i telefoni a gettone o a scheda. L\u2019idea ci \u00e8 venuta nel momento in cui \u00e8 stato avviato lo smantellamento delle cabine, proprio per suscitare curiosit\u00e0\u201d, spiega il sindaco, <strong>Rodolfo Ziberna<\/strong>.<\/p>\n<p>L\u2019iniziativa \u00e8 stata realizzata in sinergia da Comune e Telecom, con il coinvolgimento dell\u2019Archivio storico Tim di Torino. Un ringraziamento va a RFI Rete ferroviaria italiana, che ha collaborato all\u2019individuazione del sito nel piazzale, e agli addetti degli uffici comunali Manutenzione e Verde pubblico, che hanno provveduto a sistemazione e posizionamento.<\/p>\n<p>Le due\u00a0cabine\u00a0scelte\u00a0erano in uso in via Roma e in via Vittorio Veneto: una \u00e8 un <strong>modello L72<\/strong>, ovvero l\u2019iconica cabina gialla installata in Italia dal 1972, in coincidenza con la pubblicit\u00e0 SIP \u201cIl telefono, la tua voce\u201d; l\u2019altra un <strong>L79<\/strong>, di colore rosso, introdotto nel 1979 per essere pi\u00f9 visibile rispetto alle versioni precedenti.<\/p>\n<p><img loading=\"lazy\" decoding=\"async\" class=\"aligncenter size-large wp-image-72266\" src=\"https:\/\/imagazine.it\/wp-content\/uploads\/2026\/03\/cABINA-2-768x1024.jpg\" alt=\"\" width=\"640\" height=\"853\" title=\"\" srcset=\"https:\/\/imagazine.it\/wp-content\/uploads\/2026\/03\/cABINA-2-768x1024.jpg 768w, https:\/\/imagazine.it\/wp-content\/uploads\/2026\/03\/cABINA-2-225x300.jpg 225w, https:\/\/imagazine.it\/wp-content\/uploads\/2026\/03\/cABINA-2-300x400.jpg 300w, https:\/\/imagazine.it\/wp-content\/uploads\/2026\/03\/cABINA-2.jpg 800w\" sizes=\"auto, (max-width: 640px) 100vw, 640px\" \/><\/p>\n<p>Quest\u2019ultima tipologia ha letteralmente segnato un&#8217;epoca, con la sua distintiva colorazione che l\u2019ha resa iconica. Per i pannelli di rivestimento dei lati delle\u00a0cabine\u00a0l\u2019Archivio Storico della TIM ha concesso al Comune di utilizzare le immagini storiche con le relative spiegazioni.<\/p>\n","protected":false},"excerpt":{"rendered":"<p>Dopo quella posizionata nei Giardini pubblici, collocato un secondo modello in piazzale Martiri della Libert\u00e0<\/p>\n","protected":false},"author":28,"featured_media":72265,"comment_status":"closed","ping_status":"closed","sticky":false,"template":"","format":"image","meta":{"dwc-title":[""],"dwc-content":[""],"footnotes":""},"categories":[5],"tags":[43,2186,3603,3602],"class_list":["post-72264","post","type-post","status-publish","format-image","has-post-thumbnail","hentry","category-attualita","tag-gorizia","tag-memoria","tag-recupero","tag-telefono","post_format-post-format-image"],"rttpg_featured_image_url":{"full":["https:\/\/imagazine.it\/wp-content\/uploads\/2026\/03\/cABINA-1.jpeg",1366,775,false],"landscape":["https:\/\/imagazine.it\/wp-content\/uploads\/2026\/03\/cABINA-1.jpeg",1366,775,false],"portraits":["https:\/\/imagazine.it\/wp-content\/uploads\/2026\/03\/cABINA-1.jpeg",1366,775,false],"thumbnail":["https:\/\/imagazine.it\/wp-content\/uploads\/2026\/03\/cABINA-1-150x150.jpeg",150,150,true],"medium":["https:\/\/imagazine.it\/wp-content\/uploads\/2026\/03\/cABINA-1-300x170.jpeg",300,170,true],"large":["https:\/\/imagazine.it\/wp-content\/uploads\/2026\/03\/cABINA-1-1024x581.jpeg",640,363,true],"thumblist":["https:\/\/imagazine.it\/wp-content\/uploads\/2026\/03\/cABINA-1-300x300.jpeg",300,300,true],"thumbrelated":["https:\/\/imagazine.it\/wp-content\/uploads\/2026\/03\/cABINA-1-500x500.jpeg",500,500,true],"meccarouselthumb":["https:\/\/imagazine.it\/wp-content\/uploads\/2026\/03\/cABINA-1-474x324.jpeg",474,324,true],"gridsquare":["https:\/\/imagazine.it\/wp-content\/uploads\/2026\/03\/cABINA-1-391x260.jpeg",391,260,true],"tileview":["https:\/\/imagazine.it\/wp-content\/uploads\/2026\/03\/cABINA-1-300x400.jpeg",300,400,true],"1536x1536":["https:\/\/imagazine.it\/wp-content\/uploads\/2026\/03\/cABINA-1.jpeg",1366,775,false],"2048x2048":["https:\/\/imagazine.it\/wp-content\/uploads\/2026\/03\/cABINA-1.jpeg",1366,775,false],"newsup-slider-full":["https:\/\/imagazine.it\/wp-content\/uploads\/2026\/03\/cABINA-1-1280x720.jpeg",1280,720,true],"newsup-featured":["https:\/\/imagazine.it\/wp-content\/uploads\/2026\/03\/cABINA-1-1024x581.jpeg",1024,581,true],"newsup-medium":["https:\/\/imagazine.it\/wp-content\/uploads\/2026\/03\/cABINA-1-720x380.jpeg",720,380,true],"tptn_thumbnail":["https:\/\/imagazine.it\/wp-content\/uploads\/2026\/03\/cABINA-1-250x210.jpeg",250,210,true],"sow-carousel-default":["https:\/\/imagazine.it\/wp-content\/uploads\/2026\/03\/cABINA-1-272x182.jpeg",272,182,true]},"rttpg_author":{"display_name":"redazione","author_link":"https:\/\/imagazine.it\/home_desk\/author\/redazione\/"},"rttpg_comment":0,"rttpg_category":"<a href=\"https:\/\/imagazine.it\/home_desk\/category\/attualita\/\" rel=\"category tag\">ATTUALIT\u00c0<\/a>","rttpg_excerpt":"Dopo quella posizionata nei Giardini pubblici, collocato un secondo modello in piazzale Martiri della Libert\u00e0","_links":{"self":[{"href":"https:\/\/imagazine.it\/home_desk\/wp-json\/wp\/v2\/posts\/72264","targetHints":{"allow":["GET"]}}],"collection":[{"href":"https:\/\/imagazine.it\/home_desk\/wp-json\/wp\/v2\/posts"}],"about":[{"href":"https:\/\/imagazine.it\/home_desk\/wp-json\/wp\/v2\/types\/post"}],"author":[{"embeddable":true,"href":"https:\/\/imagazine.it\/home_desk\/wp-json\/wp\/v2\/users\/28"}],"replies":[{"embeddable":true,"href":"https:\/\/imagazine.it\/home_desk\/wp-json\/wp\/v2\/comments?post=72264"}],"version-history":[{"count":2,"href":"https:\/\/imagazine.it\/home_desk\/wp-json\/wp\/v2\/posts\/72264\/revisions"}],"predecessor-version":[{"id":72268,"href":"https:\/\/imagazine.it\/home_desk\/wp-json\/wp\/v2\/posts\/72264\/revisions\/72268"}],"wp:featuredmedia":[{"embeddable":true,"href":"https:\/\/imagazine.it\/home_desk\/wp-json\/wp\/v2\/media\/72265"}],"wp:attachment":[{"href":"https:\/\/imagazine.it\/home_desk\/wp-json\/wp\/v2\/media?parent=72264"}],"wp:term":[{"taxonomy":"category","embeddable":true,"href":"https:\/\/imagazine.it\/home_desk\/wp-json\/wp\/v2\/categories?post=72264"},{"taxonomy":"post_tag","embeddable":true,"href":"https:\/\/imagazine.it\/home_desk\/wp-json\/wp\/v2\/tags?post=72264"}],"curies":[{"name":"wp","href":"https:\/\/api.w.org\/{rel}","templated":true}]}}