{"id":72237,"date":"2026-03-12T14:21:37","date_gmt":"2026-03-12T13:21:37","guid":{"rendered":"https:\/\/imagazine.it\/home_desk\/?p=72237"},"modified":"2026-03-13T16:01:15","modified_gmt":"2026-03-13T15:01:15","slug":"donne-friulane-di-bronzo-nellarte-del-flambe","status":"publish","type":"post","link":"https:\/\/imagazine.it\/home_desk\/donne-friulane-di-bronzo-nellarte-del-flambe\/","title":{"rendered":"Donne friulane di bronzo nell&#8217;arte del flamb\u00e9"},"content":{"rendered":"<h6>La squadra di Aviano classificatasi al terzo posto: le allieve con le docenti Zuin, a sinistra, e Facca a destra<\/h6>\n<p>&nbsp;<\/p>\n<p>AQUILEIA \u2013 La squadra dello <strong>Ial Fvg di Aviano<\/strong> \u00e8 salita sul terzo gradino del podio nazionale alla 9\u00aa edizione del concorso \u201c<em>Le Donne nell\u2019Arte del Flamb\u00e9 \u2013 Maria Luisa Speri Challenge<\/em>\u201d, disputato ad Aquileia con <strong>tredici squadre provenienti da tutta Italia<\/strong>.<\/p>\n<p>Davanti al team friulano si sono classificate Paestum, al primo posto, e Trentino, al secondo. Una medaglia di bronzo che valorizza il percorso delle allieve e dei docenti accompagnatori dello Ial Fvg, protagonista della manifestazione anche con le squadre Ial di Latisana e Trieste, capaci a loro volta di distinguersi per qualit\u00e0 tecnica, eleganza nel servizio e creativit\u00e0.<\/p>\n<p>La manifestazione, organizzata da Amira, Associazione Ma\u00eetre Italiani Ristoranti e Alberghi, si \u00e8 svolta il 10 e 11 marzo per la prima volta nella citt\u00e0 patrimonio Unesco dal 1998 e si \u00e8 conclusa ieri sera con la cena di gala e la consegna della borsa di studio al ristorante dell\u2019<strong>Hotel<\/strong> <strong>Ai Patriarchi<\/strong>.<\/p>\n<p>Tra le protagoniste dell\u2019edizione 2026 anche le tre squadre targate Ial Fvg, in rappresentanza delle sedi di <strong>Aviano, Trieste e Latisana<\/strong>, che hanno portato in concorso preparazione tecnica, eleganza nel servizio e creativit\u00e0, misurandosi nell\u2019arte del flamb\u00e9, sintesi di precisione, spettacolarit\u00e0 e cultura dell\u2019accoglienza.<\/p>\n<p>Per Ial Aviano sono scese in gara <strong>Gloria Asquini<\/strong>, <strong>Martina Campi<\/strong> e <strong>Harman Harish<\/strong>, accompagnate dalla ma\u00eetre <strong>Sonia Facca<\/strong> e dalla barlady <strong>Annalisa Zuin<\/strong>, con la proposta \u201cLady Fire\u201d e il cocktail \u201cWild Spirit\u201d.<\/p>\n<p>Per Ial Trieste hanno partecipato <strong>Giulia Bobicchio<\/strong>, <strong>Nikita Pettelin Michieletto<\/strong> e <strong>Milica Stanojevic<\/strong>, accompagnate da ma\u00eetre <strong>Gianluca Patruno<\/strong> e ma\u00eetre <strong>Domenico Dragone<\/strong>, con \u201cFiore del Deserto\u201d e il cocktail \u201cFoxy Lady\u201d.<\/p>\n<p>Il team composto da <strong>Asia Bidut<\/strong> e <strong>Francesca Franco<\/strong> di Ial Latisana insieme a <strong>Cristina Visconti<\/strong> di Ial Trieste \u00e8 stato accompagnato dal ma\u00eetre <strong>Giuliano Maragna<\/strong> e dalla docente <strong>Vivianne Ronchetti<\/strong>, presentando \u201cCarsolina tropicale scomposta\u201d e il cocktail \u201cPerla Velata\u201d.<\/p>\n<p>\u201cQuesta iniziativa \u2013 dichiara <strong>Giulio Arbanassi<\/strong>, presidente di Ial Fvg, presente alla serata conclusiva \u2013 conferma il valore della formazione come esperienza concreta, capace di unire competenze, passione e crescita professionale. Le nostre allieve hanno affrontato il concorso con impegno, qualit\u00e0 tecnica e grande consapevolezza del ruolo che l\u2019ospitalit\u00e0 riveste oggi come ambito professionale ad alta specializzazione\u201d.<\/p>\n<p>Il presidente ha partecipato alla premiazione e alla cena di gala insieme con il direttore di Ial Fvg, <strong>Gabriele De Simone<\/strong>.<\/p>\n<p>A promuovere il concorso \u00e8 stata Amira, con il presidente nazionale <strong>Claudio Recchia<\/strong> e con l\u2019impulso del commendator <strong>Giacomo Rubini<\/strong>, patron della manifestazione e ideatore dell\u2019evento, nato a Grado e trasferito quest\u2019anno ad Aquileia.<\/p>\n<p>La giuria \u00e8 stata presieduta da <strong>Diodato Buonora<\/strong>, cancelliere dei Grandi Maestri della Ristorazione, ed era composta da <strong>Claudia Speri<\/strong>, <strong>Vilma Broggi<\/strong>, <strong>Cristina Burcheri<\/strong> e <strong>Lorena De Sabata<\/strong>.<\/p>\n<p>Accanto alle squadre IAL FVG, hanno partecipato <strong>Isis Pertini Grado<\/strong>, <strong>Ad Formandum Gorizia<\/strong>, <strong>Civiform Cividale<\/strong> e delegazioni provenienti da Paestum, Milano Laghi, Palermo, Toscana Felix, Napoli, Trentino-Alto Adige e Sicilia Centrale, per un totale di 13 squadre.<\/p>\n","protected":false},"excerpt":{"rendered":"<p>Ad Aquileia le allieve dello Ial di Aviano protagoniste nell&#8217;apposito concorso che ha coinvolto 13 squadre da tutta Italia<\/p>\n","protected":false},"author":28,"featured_media":72238,"comment_status":"closed","ping_status":"closed","sticky":false,"template":"","format":"image","meta":{"dwc-title":[""],"dwc-content":[""],"footnotes":""},"categories":[5],"tags":[349,1251,1384,387,417,2687],"class_list":["post-72237","post","type-post","status-publish","format-image","has-post-thumbnail","hentry","category-attualita","tag-aquileia","tag-aviano","tag-cucina","tag-donne","tag-food","tag-ial","post_format-post-format-image"],"rttpg_featured_image_url":{"full":["https:\/\/imagazine.it\/wp-content\/uploads\/2026\/03\/La-squadra-di-Aviano-classificatasi-al-terzo-posto-allieve-con-le-docenti-Zuin-a-sinistra-e-Facca-a-destra.jpeg",1366,753,false],"landscape":["https:\/\/imagazine.it\/wp-content\/uploads\/2026\/03\/La-squadra-di-Aviano-classificatasi-al-terzo-posto-allieve-con-le-docenti-Zuin-a-sinistra-e-Facca-a-destra.jpeg",1366,753,false],"portraits":["https:\/\/imagazine.it\/wp-content\/uploads\/2026\/03\/La-squadra-di-Aviano-classificatasi-al-terzo-posto-allieve-con-le-docenti-Zuin-a-sinistra-e-Facca-a-destra.jpeg",1366,753,false],"thumbnail":["https:\/\/imagazine.it\/wp-content\/uploads\/2026\/03\/La-squadra-di-Aviano-classificatasi-al-terzo-posto-allieve-con-le-docenti-Zuin-a-sinistra-e-Facca-a-destra-150x150.jpeg",150,150,true],"medium":["https:\/\/imagazine.it\/wp-content\/uploads\/2026\/03\/La-squadra-di-Aviano-classificatasi-al-terzo-posto-allieve-con-le-docenti-Zuin-a-sinistra-e-Facca-a-destra-300x165.jpeg",300,165,true],"large":["https:\/\/imagazine.it\/wp-content\/uploads\/2026\/03\/La-squadra-di-Aviano-classificatasi-al-terzo-posto-allieve-con-le-docenti-Zuin-a-sinistra-e-Facca-a-destra-1024x564.jpeg",640,353,true],"thumblist":["https:\/\/imagazine.it\/wp-content\/uploads\/2026\/03\/La-squadra-di-Aviano-classificatasi-al-terzo-posto-allieve-con-le-docenti-Zuin-a-sinistra-e-Facca-a-destra-300x300.jpeg",300,300,true],"thumbrelated":["https:\/\/imagazine.it\/wp-content\/uploads\/2026\/03\/La-squadra-di-Aviano-classificatasi-al-terzo-posto-allieve-con-le-docenti-Zuin-a-sinistra-e-Facca-a-destra-500x500.jpeg",500,500,true],"meccarouselthumb":["https:\/\/imagazine.it\/wp-content\/uploads\/2026\/03\/La-squadra-di-Aviano-classificatasi-al-terzo-posto-allieve-con-le-docenti-Zuin-a-sinistra-e-Facca-a-destra-474x324.jpeg",474,324,true],"gridsquare":["https:\/\/imagazine.it\/wp-content\/uploads\/2026\/03\/La-squadra-di-Aviano-classificatasi-al-terzo-posto-allieve-con-le-docenti-Zuin-a-sinistra-e-Facca-a-destra-391x260.jpeg",391,260,true],"tileview":["https:\/\/imagazine.it\/wp-content\/uploads\/2026\/03\/La-squadra-di-Aviano-classificatasi-al-terzo-posto-allieve-con-le-docenti-Zuin-a-sinistra-e-Facca-a-destra-300x400.jpeg",300,400,true],"1536x1536":["https:\/\/imagazine.it\/wp-content\/uploads\/2026\/03\/La-squadra-di-Aviano-classificatasi-al-terzo-posto-allieve-con-le-docenti-Zuin-a-sinistra-e-Facca-a-destra.jpeg",1366,753,false],"2048x2048":["https:\/\/imagazine.it\/wp-content\/uploads\/2026\/03\/La-squadra-di-Aviano-classificatasi-al-terzo-posto-allieve-con-le-docenti-Zuin-a-sinistra-e-Facca-a-destra.jpeg",1366,753,false],"newsup-slider-full":["https:\/\/imagazine.it\/wp-content\/uploads\/2026\/03\/La-squadra-di-Aviano-classificatasi-al-terzo-posto-allieve-con-le-docenti-Zuin-a-sinistra-e-Facca-a-destra-1280x720.jpeg",1280,720,true],"newsup-featured":["https:\/\/imagazine.it\/wp-content\/uploads\/2026\/03\/La-squadra-di-Aviano-classificatasi-al-terzo-posto-allieve-con-le-docenti-Zuin-a-sinistra-e-Facca-a-destra-1024x564.jpeg",1024,564,true],"newsup-medium":["https:\/\/imagazine.it\/wp-content\/uploads\/2026\/03\/La-squadra-di-Aviano-classificatasi-al-terzo-posto-allieve-con-le-docenti-Zuin-a-sinistra-e-Facca-a-destra-720x380.jpeg",720,380,true],"tptn_thumbnail":["https:\/\/imagazine.it\/wp-content\/uploads\/2026\/03\/La-squadra-di-Aviano-classificatasi-al-terzo-posto-allieve-con-le-docenti-Zuin-a-sinistra-e-Facca-a-destra-250x210.jpeg",250,210,true],"sow-carousel-default":["https:\/\/imagazine.it\/wp-content\/uploads\/2026\/03\/La-squadra-di-Aviano-classificatasi-al-terzo-posto-allieve-con-le-docenti-Zuin-a-sinistra-e-Facca-a-destra-272x182.jpeg",272,182,true]},"rttpg_author":{"display_name":"redazione","author_link":"https:\/\/imagazine.it\/home_desk\/author\/redazione\/"},"rttpg_comment":0,"rttpg_category":"<a href=\"https:\/\/imagazine.it\/home_desk\/category\/attualita\/\" rel=\"category tag\">ATTUALIT\u00c0<\/a>","rttpg_excerpt":"Ad Aquileia le allieve dello Ial di Aviano protagoniste nell'apposito concorso che ha coinvolto 13 squadre da tutta Italia","_links":{"self":[{"href":"https:\/\/imagazine.it\/home_desk\/wp-json\/wp\/v2\/posts\/72237","targetHints":{"allow":["GET"]}}],"collection":[{"href":"https:\/\/imagazine.it\/home_desk\/wp-json\/wp\/v2\/posts"}],"about":[{"href":"https:\/\/imagazine.it\/home_desk\/wp-json\/wp\/v2\/types\/post"}],"author":[{"embeddable":true,"href":"https:\/\/imagazine.it\/home_desk\/wp-json\/wp\/v2\/users\/28"}],"replies":[{"embeddable":true,"href":"https:\/\/imagazine.it\/home_desk\/wp-json\/wp\/v2\/comments?post=72237"}],"version-history":[{"count":2,"href":"https:\/\/imagazine.it\/home_desk\/wp-json\/wp\/v2\/posts\/72237\/revisions"}],"predecessor-version":[{"id":72240,"href":"https:\/\/imagazine.it\/home_desk\/wp-json\/wp\/v2\/posts\/72237\/revisions\/72240"}],"wp:featuredmedia":[{"embeddable":true,"href":"https:\/\/imagazine.it\/home_desk\/wp-json\/wp\/v2\/media\/72238"}],"wp:attachment":[{"href":"https:\/\/imagazine.it\/home_desk\/wp-json\/wp\/v2\/media?parent=72237"}],"wp:term":[{"taxonomy":"category","embeddable":true,"href":"https:\/\/imagazine.it\/home_desk\/wp-json\/wp\/v2\/categories?post=72237"},{"taxonomy":"post_tag","embeddable":true,"href":"https:\/\/imagazine.it\/home_desk\/wp-json\/wp\/v2\/tags?post=72237"}],"curies":[{"name":"wp","href":"https:\/\/api.w.org\/{rel}","templated":true}]}}