{"id":72230,"date":"2026-03-12T12:06:13","date_gmt":"2026-03-12T11:06:13","guid":{"rendered":"https:\/\/imagazine.it\/home_desk\/?p=72230"},"modified":"2026-03-12T19:14:40","modified_gmt":"2026-03-12T18:14:40","slug":"fava-e-pisello-nuove-colture-resistenti-allo-stress-idrico","status":"publish","type":"post","link":"https:\/\/imagazine.it\/home_desk\/fava-e-pisello-nuove-colture-resistenti-allo-stress-idrico\/","title":{"rendered":"Fava e pisello: nuove colture resistenti allo stress idrico"},"content":{"rendered":"<p>&nbsp;<\/p>\n<p>UDINE \u2013 Selezionare nuove colture di fava e pisello giallo resistenti allo stress idrico, ricche di proteine e con un\u2019alta resa nella trasformazione in farina. \u00c8 l\u2019obiettivo della <strong>ricerca nazionale \u201c<em>Water pearl<\/em>\u201d<\/strong>, coordinata dall\u2019Universit\u00e0 di Udine e finanziata con <strong>458mila euro<\/strong> per quattro anni dal progetto \u201cAger \u2013 Agroalimentare e ricerca\u201d, di cui fa parte anche <strong>la Fondazione Friuli<\/strong>.<\/p>\n<p>\u201cWater pearl\u201d \u00e8 <strong>fra i tre progetti nazionali selezionati da Ager<\/strong> con il bando sulle innovazioni per rafforzare le filiere agricole delle leguminose per un\u2019alimentazione sempre pi\u00f9 sostenibile.<\/p>\n<p>Il progetto dell\u2019Ateneo friulano prevede una selezione iniziale di almeno 80 risorse genetiche rappresentative della biodiversit\u00e0 del bacino Mediterraneo. Quelle pi\u00f9 resilienti allo stress idrico saranno ulteriormente rinforzate nella loro resa e qualit\u00e0 grazie a sperimentazioni con sostanze biostimolanti. Le colture selezionate saranno trasformate in farine proteiche attraverso processi a basso consumo di acqua ed energia per realizzare alimenti sostenibili ad alto valore nutrizionale.<\/p>\n<p>Il progetto adotta un approccio integrato \u201cdal suolo alla tavola\u201d per ridurre l\u2019uso di acqua e fertilizzanti, sostenere gli agricoltori e promuovere filiere proteiche italiane pi\u00f9 resilienti e in linea con la strategia europea \u201c<em>Farm to fork<\/em>\u201d.<\/p>\n<p>\u201c<em>Water pearl<\/em>\u201d \u00e8 guidato da un team del Dipartimento di Scienze agroalimentari, ambientali e animali, composto da <strong>Laura Zanin<\/strong>, coordinatrice, <strong>Lara Manzocco<\/strong>, <strong>Stella Plazzotta<\/strong> e <strong>Nicola Tomasi<\/strong>. Partner della ricerca sono gli istituti per la Protezione sostenibile delle piante e di Bioscienze e biorisorse del Consiglio nazionale delle ricerche (Cnr) e l\u2019Universit\u00e0 di Verona.<\/p>\n<p>Il progetto \u2013 spiega la professoressa <strong>Laura<\/strong> <strong>Zanin<\/strong> \u2013 si inserisce in un filone internazionale che sta ponendo una sempre maggiore attenzione all\u2019importanza di integrare in modo pi\u00f9 equilibrato proteine animali e vegetali, privilegiando pratiche agricole sostenibili che rispettino l\u2019ambiente\u00bb.<\/p>\n<p>\u00abIl sostegno al progetto <em>Water Pearl<\/em> attraverso Ager conferma l\u2019impegno della Fondazione Friuli nel promuovere l\u2019eccellenza della ricerca scientifica del nostro ateneo \u2013 commenta il presidente <strong>Bruno Malattia<\/strong> \u2013. Investire in innovazione agricola significa non solo tutelare la biodiversit\u00e0 e le risorse idriche del territorio, ma anche garantire competitivit\u00e0 e sostenibilit\u00e0 a lungo termine per l\u2019intera filiera agroalimentare friulana\u00bb.<\/p>\n<p>La collaborazione ha origine nei progetti del Centro nazionale per l\u2019agricoltura sostenibile (Agritech) che hanno impegnato l\u2019Universit\u00e0 di Udine e l\u2019Istituto per la Protezione sostenibile delle piante del Cnr. In particolare, nello sviluppo di piattaforme innovative per la fenotipizzazione delle piante coltivate.<\/p>\n<p>Il progetto \u201c<em>Water pearl<\/em>\u201d prender\u00e0 avvio valorizzando la ricchezza della Banca del germoplasma di Bari, custode del patrimonio di biodiversit\u00e0 dell\u2019area mediterranea. Un elemento distintivo della partnership \u00e8 inoltre la forte leadership femminile.<\/p>\n<p>Le attivit\u00e0 saranno infatti guidate da nove donne nei 14 gruppi di lavoro previsti.<\/p>\n<p>\u00abA testimonianza \u2013 sottolinea <strong>Zanin<\/strong> \u2013 di un impegno concreto verso la valorizzazione delle competenze e delle pari opportunit\u00e0 nella ricerca scientifica\u00bb.<\/p>\n<p>\u00c8 il quinto progetto nazionale sostenuto da Ager che vede l\u2019Universit\u00e0 di Udine come capofila. In precedenza, aveva coordinato ricerche su: la valorizzazione dei sottoprodotti della vinificazione, nuovi mangimi per un\u2019acquacoltura sostenibile, produzioni di quarta gamma, la lotta ai giallumi della vite e sul contrasto alla moria del kiwi.<\/p>\n<p>Oltre alla Fondazione Friuli, fanno parte di Ager le fondazioni di origine bancaria: Cariplo (capofila), CRC, Cariparma, Cassa di risparmio di Padova e Rovigo, Perugia, Sardegna, Tercas, Monte dei Paschi di Siena e \u201cCon il sud\u201d.<\/p>\n","protected":false},"excerpt":{"rendered":"<p>Progetto nazionale coordinato dall\u2019Universit\u00e0 di Udine per rafforzare le filiere delle leguminose. Ricche di proteine, ad alta resa nella trasformazione in farina<\/p>\n","protected":false},"author":28,"featured_media":72231,"comment_status":"closed","ping_status":"closed","sticky":false,"template":"","format":"image","meta":{"dwc-title":[""],"dwc-content":[""],"footnotes":""},"categories":[6],"tags":[1373,1584,98,101,206],"class_list":["post-72230","post","type-post","status-publish","format-image","has-post-thumbnail","hentry","category-societa","tag-agricoltura","tag-innovazione","tag-ricerca","tag-udine","tag-uniud","post_format-post-format-image"],"rttpg_featured_image_url":{"full":["https:\/\/imagazine.it\/wp-content\/uploads\/2026\/03\/Legumi.jpg",1366,796,false],"landscape":["https:\/\/imagazine.it\/wp-content\/uploads\/2026\/03\/Legumi.jpg",1366,796,false],"portraits":["https:\/\/imagazine.it\/wp-content\/uploads\/2026\/03\/Legumi.jpg",1366,796,false],"thumbnail":["https:\/\/imagazine.it\/wp-content\/uploads\/2026\/03\/Legumi-150x150.jpg",150,150,true],"medium":["https:\/\/imagazine.it\/wp-content\/uploads\/2026\/03\/Legumi-300x175.jpg",300,175,true],"large":["https:\/\/imagazine.it\/wp-content\/uploads\/2026\/03\/Legumi-1024x597.jpg",640,373,true],"thumblist":["https:\/\/imagazine.it\/wp-content\/uploads\/2026\/03\/Legumi-300x300.jpg",300,300,true],"thumbrelated":["https:\/\/imagazine.it\/wp-content\/uploads\/2026\/03\/Legumi-500x500.jpg",500,500,true],"meccarouselthumb":["https:\/\/imagazine.it\/wp-content\/uploads\/2026\/03\/Legumi-474x324.jpg",474,324,true],"gridsquare":["https:\/\/imagazine.it\/wp-content\/uploads\/2026\/03\/Legumi-391x260.jpg",391,260,true],"tileview":["https:\/\/imagazine.it\/wp-content\/uploads\/2026\/03\/Legumi-300x400.jpg",300,400,true],"1536x1536":["https:\/\/imagazine.it\/wp-content\/uploads\/2026\/03\/Legumi.jpg",1366,796,false],"2048x2048":["https:\/\/imagazine.it\/wp-content\/uploads\/2026\/03\/Legumi.jpg",1366,796,false],"newsup-slider-full":["https:\/\/imagazine.it\/wp-content\/uploads\/2026\/03\/Legumi-1280x720.jpg",1280,720,true],"newsup-featured":["https:\/\/imagazine.it\/wp-content\/uploads\/2026\/03\/Legumi-1024x597.jpg",1024,597,true],"newsup-medium":["https:\/\/imagazine.it\/wp-content\/uploads\/2026\/03\/Legumi-720x380.jpg",720,380,true],"tptn_thumbnail":["https:\/\/imagazine.it\/wp-content\/uploads\/2026\/03\/Legumi-250x210.jpg",250,210,true],"sow-carousel-default":["https:\/\/imagazine.it\/wp-content\/uploads\/2026\/03\/Legumi-272x182.jpg",272,182,true]},"rttpg_author":{"display_name":"redazione","author_link":"https:\/\/imagazine.it\/home_desk\/author\/redazione\/"},"rttpg_comment":0,"rttpg_category":"<a href=\"https:\/\/imagazine.it\/home_desk\/category\/societa\/\" rel=\"category tag\">SOCIET\u00c0<\/a>","rttpg_excerpt":"Progetto nazionale coordinato dall\u2019Universit\u00e0 di Udine per rafforzare le filiere delle leguminose. Ricche di proteine, ad alta resa nella trasformazione in farina","_links":{"self":[{"href":"https:\/\/imagazine.it\/home_desk\/wp-json\/wp\/v2\/posts\/72230","targetHints":{"allow":["GET"]}}],"collection":[{"href":"https:\/\/imagazine.it\/home_desk\/wp-json\/wp\/v2\/posts"}],"about":[{"href":"https:\/\/imagazine.it\/home_desk\/wp-json\/wp\/v2\/types\/post"}],"author":[{"embeddable":true,"href":"https:\/\/imagazine.it\/home_desk\/wp-json\/wp\/v2\/users\/28"}],"replies":[{"embeddable":true,"href":"https:\/\/imagazine.it\/home_desk\/wp-json\/wp\/v2\/comments?post=72230"}],"version-history":[{"count":3,"href":"https:\/\/imagazine.it\/home_desk\/wp-json\/wp\/v2\/posts\/72230\/revisions"}],"predecessor-version":[{"id":72234,"href":"https:\/\/imagazine.it\/home_desk\/wp-json\/wp\/v2\/posts\/72230\/revisions\/72234"}],"wp:featuredmedia":[{"embeddable":true,"href":"https:\/\/imagazine.it\/home_desk\/wp-json\/wp\/v2\/media\/72231"}],"wp:attachment":[{"href":"https:\/\/imagazine.it\/home_desk\/wp-json\/wp\/v2\/media?parent=72230"}],"wp:term":[{"taxonomy":"category","embeddable":true,"href":"https:\/\/imagazine.it\/home_desk\/wp-json\/wp\/v2\/categories?post=72230"},{"taxonomy":"post_tag","embeddable":true,"href":"https:\/\/imagazine.it\/home_desk\/wp-json\/wp\/v2\/tags?post=72230"}],"curies":[{"name":"wp","href":"https:\/\/api.w.org\/{rel}","templated":true}]}}