{"id":71696,"date":"2026-02-19T15:35:35","date_gmt":"2026-02-19T14:35:35","guid":{"rendered":"https:\/\/imagazine.it\/home_desk\/?p=71696"},"modified":"2026-02-20T15:54:28","modified_gmt":"2026-02-20T14:54:28","slug":"ciclismo-jonathan-milan-batte-in-volata-il-fratello","status":"publish","type":"post","link":"https:\/\/imagazine.it\/home_desk\/ciclismo-jonathan-milan-batte-in-volata-il-fratello\/","title":{"rendered":"Ciclismo: Jonathan Milan batte in volata il fratello"},"content":{"rendered":"<h6>Jonathan Milan primo al traguardo (ph. Sprint Cycling Agency)<\/h6>\n<p>&nbsp;<\/p>\n<p>FUJAIRAH \u2013 <strong>Jonathan Milan<\/strong> (Lidl-Trek) ha vinto la quarta tappa, la Palms Sports Stage, dell&#8217;ottava edizione dell&#8217;UAE Tour, davanti a <strong>Ethan Vernon<\/strong> (NSN Cycling Team) e <strong>Matteo Milan<\/strong> (Groupama-FDJ United).<\/p>\n<p><strong>Antonio Tiberi<\/strong> conserva la Maglia Rossa della corsa e guida la Classifica Generale.<\/p>\n<p>Parlando pochi secondi dopo l&#8217;arrivo di tappa, il vincitore di tappa Jonathan Milan ha dichiarato: &#8220;Devo dire la verit\u00e0, avevo dei dubbi su uno sprint di gruppo oggi. La fuga \u00e8 stata davvero forte. Erano sempre due o tre minuti davanti a noi. I miei ragazzi sono stati forti nell&#8217;inseguirli. A solo 1 km dal traguardo, ero un po&#8217; pi\u00f9 rilassato, ma l&#8217;ultimo chilometro \u00e8 sempre come una lavatrice. Tuttavia, la mia squadra \u00e8 riuscita a tenermi davanti. Mi hanno fatto entrare nella posizione migliore. Ho dovuto solo sprintare e sono davvero contento della mia prestazione. Sono anche molto contento per mio fratello minore Matteo, che \u00e8 anche lui tra i primi 3. Questa \u00e8 la nostra prima gara insieme. Sono contento che non mi abbia battuto oggi, ma forse un giorno lo far\u00e0&#8221;.<\/p>\n","protected":false},"excerpt":{"rendered":"<p>Il campione friulano conquista la sua quarta tappa all&#8217;UAE Tour negli Emirati Arabi. Terzo terzo posto per Matteo<\/p>\n","protected":false},"author":28,"featured_media":71704,"comment_status":"closed","ping_status":"closed","sticky":false,"template":"","format":"image","meta":{"dwc-title":[""],"dwc-content":[""],"footnotes":""},"categories":[38],"tags":[1512,2791],"class_list":["post-71696","post","type-post","status-publish","format-image","has-post-thumbnail","hentry","category-sport","tag-ciclismo","tag-emirati-arabi","post_format-post-format-image"],"rttpg_featured_image_url":{"full":["https:\/\/imagazine.it\/wp-content\/uploads\/2026\/02\/milan-pp.jpg",1366,876,false],"landscape":["https:\/\/imagazine.it\/wp-content\/uploads\/2026\/02\/milan-pp.jpg",1366,876,false],"portraits":["https:\/\/imagazine.it\/wp-content\/uploads\/2026\/02\/milan-pp.jpg",1366,876,false],"thumbnail":["https:\/\/imagazine.it\/wp-content\/uploads\/2026\/02\/milan-pp-150x150.jpg",150,150,true],"medium":["https:\/\/imagazine.it\/wp-content\/uploads\/2026\/02\/milan-pp-300x192.jpg",300,192,true],"large":["https:\/\/imagazine.it\/wp-content\/uploads\/2026\/02\/milan-pp-1024x657.jpg",640,411,true],"thumblist":["https:\/\/imagazine.it\/wp-content\/uploads\/2026\/02\/milan-pp-300x300.jpg",300,300,true],"thumbrelated":["https:\/\/imagazine.it\/wp-content\/uploads\/2026\/02\/milan-pp-500x500.jpg",500,500,true],"meccarouselthumb":["https:\/\/imagazine.it\/wp-content\/uploads\/2026\/02\/milan-pp-474x324.jpg",474,324,true],"gridsquare":["https:\/\/imagazine.it\/wp-content\/uploads\/2026\/02\/milan-pp-391x260.jpg",391,260,true],"tileview":["https:\/\/imagazine.it\/wp-content\/uploads\/2026\/02\/milan-pp-300x400.jpg",300,400,true],"1536x1536":["https:\/\/imagazine.it\/wp-content\/uploads\/2026\/02\/milan-pp.jpg",1366,876,false],"2048x2048":["https:\/\/imagazine.it\/wp-content\/uploads\/2026\/02\/milan-pp.jpg",1366,876,false],"newsup-slider-full":["https:\/\/imagazine.it\/wp-content\/uploads\/2026\/02\/milan-pp-1280x720.jpg",1280,720,true],"newsup-featured":["https:\/\/imagazine.it\/wp-content\/uploads\/2026\/02\/milan-pp-1024x657.jpg",1024,657,true],"newsup-medium":["https:\/\/imagazine.it\/wp-content\/uploads\/2026\/02\/milan-pp-720x380.jpg",720,380,true],"tptn_thumbnail":["https:\/\/imagazine.it\/wp-content\/uploads\/2026\/02\/milan-pp-250x210.jpg",250,210,true],"sow-carousel-default":["https:\/\/imagazine.it\/wp-content\/uploads\/2026\/02\/milan-pp-272x182.jpg",272,182,true]},"rttpg_author":{"display_name":"redazione","author_link":"https:\/\/imagazine.it\/home_desk\/author\/redazione\/"},"rttpg_comment":0,"rttpg_category":"<a href=\"https:\/\/imagazine.it\/home_desk\/category\/sport\/\" rel=\"category tag\">SPORT<\/a>","rttpg_excerpt":"Il campione friulano conquista la sua quarta tappa all'UAE Tour negli Emirati Arabi. Terzo terzo posto per Matteo","_links":{"self":[{"href":"https:\/\/imagazine.it\/home_desk\/wp-json\/wp\/v2\/posts\/71696","targetHints":{"allow":["GET"]}}],"collection":[{"href":"https:\/\/imagazine.it\/home_desk\/wp-json\/wp\/v2\/posts"}],"about":[{"href":"https:\/\/imagazine.it\/home_desk\/wp-json\/wp\/v2\/types\/post"}],"author":[{"embeddable":true,"href":"https:\/\/imagazine.it\/home_desk\/wp-json\/wp\/v2\/users\/28"}],"replies":[{"embeddable":true,"href":"https:\/\/imagazine.it\/home_desk\/wp-json\/wp\/v2\/comments?post=71696"}],"version-history":[{"count":2,"href":"https:\/\/imagazine.it\/home_desk\/wp-json\/wp\/v2\/posts\/71696\/revisions"}],"predecessor-version":[{"id":71699,"href":"https:\/\/imagazine.it\/home_desk\/wp-json\/wp\/v2\/posts\/71696\/revisions\/71699"}],"wp:featuredmedia":[{"embeddable":true,"href":"https:\/\/imagazine.it\/home_desk\/wp-json\/wp\/v2\/media\/71704"}],"wp:attachment":[{"href":"https:\/\/imagazine.it\/home_desk\/wp-json\/wp\/v2\/media?parent=71696"}],"wp:term":[{"taxonomy":"category","embeddable":true,"href":"https:\/\/imagazine.it\/home_desk\/wp-json\/wp\/v2\/categories?post=71696"},{"taxonomy":"post_tag","embeddable":true,"href":"https:\/\/imagazine.it\/home_desk\/wp-json\/wp\/v2\/tags?post=71696"}],"curies":[{"name":"wp","href":"https:\/\/api.w.org\/{rel}","templated":true}]}}