{"id":71649,"date":"2026-02-17T17:32:29","date_gmt":"2026-02-17T16:32:29","guid":{"rendered":"https:\/\/imagazine.it\/home_desk\/?p=71649"},"modified":"2026-02-19T16:06:16","modified_gmt":"2026-02-19T15:06:16","slug":"davide-lepori-al-centro-delleuropa","status":"publish","type":"post","link":"https:\/\/imagazine.it\/home_desk\/davide-lepori-al-centro-delleuropa\/","title":{"rendered":"Davide Lepori: al centro dell&#8217;Europa"},"content":{"rendered":"<h6>Davide Lepori<\/h6>\n<p>&nbsp;<\/p>\n<p>GORIZIA \u2013 Coinvolgere le comunit\u00e0. \u00c8 questo il mantra che <strong>Davide Lepori <\/strong>non si stufa mai di ripetere quando parla dell\u2019attivit\u00e0 di <strong>Informest<\/strong>.<\/p>\n<p>Una realt\u00e0 nata negli anni \u201990 su impulso della Regione Friuli Venezia Giulia con una<\/p>\n<p>missione chiara: promuovere lo sviluppo economico del territorio e aprire nuove strade all\u2019internazionalizzazione.<\/p>\n<p>\u00abNella sua storia \u2013 spiega il presidente Lepori \u2013 Informest si \u00e8 sempre adoperata affinch\u00e9 la Regione FVG potesse essere una testa di ponte per l\u2019internazionalizzazione di questo territorio, grazie alla sua posizione privilegiata\u00a0rispetto ai mercati dell\u2019Est Europa\u00bb.<\/p>\n<p><strong>La caduta della Cortina di Ferro ha portato a una nuova evoluzione degli obiettivi di Informest, divenuta un collante tra l\u2019Europa e le comunit\u00e0 locali del Friuli Venezia Giulia.<\/strong><\/p>\n<p>\u00abNoi siamo di supporto alle amministrazioni regionali, ai <em>cluster<\/em>, alle associazioni in tutta la progettualit\u00e0 di sviluppo economico reale, dedicandoci alla ricerca dei fondi europei indispensabili per finanziare questi progetti che abbracciano campi e aree diverse. Con i Comuni di Premariacco e Cividale, per esempio, stiamo lavorando su una progettualit\u00e0 per la verifica delle microplastiche nei rifiuti liquidi nelle abitazioni. Solo per citare un esempio\u00bb.<\/p>\n<p><strong>Se dovessimo citarne altri?<\/strong><\/p>\n<p>\u00abIl Progetto Elena che mira alla sistemazione dal punto di vista del dispendio energetico di tutti gli immobili pubblici di propriet\u00e0 di Comuni, Regione o delle ex Province. Ma abbiamo anche aiutato regioni del basso Adriatico a gestire assieme alla NET il riciclo dei rifiuti urbani, cos\u00ec come abbiamo sostenuto progetti per l\u2019ottimizzazione della pesca nell\u2019alto Adriatico\u00bb.<\/p>\n<p><strong>Un ente dalle grandi risorse e potenzialit\u00e0, ma ancora sconosciuto ai pi\u00f9\u2026<\/strong><\/p>\n<p>\u00abIl passaparola \u00e8 il meccanismo migliore in assoluto di sviluppo del mercato. C\u2019\u00e8 per\u00f2 molta pigrizia tra i portatori di interesse. Nell\u2019ultimo anno abbiamo organizzato dieci seminari, con la possibilit\u00e0 peraltro di fornire anche crediti formativi. A parte un paio di appuntamenti, che hanno registrato un centinaio di iscritti, negli altri casi i partecipanti sono stati davvero pochi. Un peccato, perch\u00e9 molto spesso gli assessorati\u00a0piuttosto che i funzionari sono travolti dal contingente e non pensano che la pianificazione e la programmazione possano essere importanti\u00bb.<\/p>\n<p><strong>Come cambiare la situazione?<\/strong><\/p>\n<p>\u00abAbbiamo cercato di individuare pi\u00f9 soluzioni. Dal rinnovamento completo del nostro sito web ad azioni strategiche mirate. Con l\u2019Assessorato regionale alla Funzione pubblica, per esempio, stiamo impostando una progettualit\u00e0 di formazione\u00a0dedicata al <em>foresight <\/em>strategico: ovvero la metodologia che utilizza tecniche di anticipazione per esplorare scenari futuri possibili. Oggi \u00e8 quanto mai importante avere una visione di medio-lungo termine, ma tarata sul breve visto come le situazioni mondiali mutano ormai nel giro di sei mesi. I privati lo fanno gi\u00e0 da tempo, la Regione ha compreso che anche il mondo del pubblico deve farlo. Informest lavorer\u00e0 per fare in modo che sempre pi\u00f9 amministrazioni pubbliche possano avere questa sensibilit\u00e0\u00bb.<\/p>\n<p><strong>Il Friuli Venezia Giulia appare talvolta una regione periferica dell\u2019Italia ma al tempo stesso una regione centrale per l\u2019Europa. Lei che idea si \u00e8 fatto a riguardo?<\/strong><\/p>\n<p>\u00abUna visione che condividiamo assieme al direttore generale di Informest, Graziano Lorenzon. Abbiamo contatti costanti con l\u2019ufficio regionale a Bruxelles, fattore che ci\u00a0consente di percepire quali sono le prospettive delle varie politiche europee a seconda degli argomenti che vogliamo affrontare nei prossimi anni. Possiamo essere centrali: un ruolo di centralit\u00e0 in Europa che ormai al Friuli Venezia Giulia viene riconosciuto\u00a0da numerosi attori istituzionali. Pensiamo all\u2019aeroporto di Ronchi o al porto di Trieste: possiamo diventare realmente un polo che fa da <em>pivot <\/em>per tutto il Continente\u00bb.<\/p>\n<p><strong>Talvolta l\u2019Europa viene vista come un\u2019entit\u00e0 astratta e burocratica: tuttavia sono numerose le risorse che ogni giorno mette a disposizione per le progettualit\u00e0 dei territori. Informest come si muove per ottenerle?<\/strong><\/p>\n<p>\u00ab\u00c8 sempre difficile recuperare risorse dall\u2019Europa. Pur avendo al nostro interno professionalit\u00e0 elevate che vogliamo ulteriormente implementare, non possiamo sempre sapere tutto. Il motivo per cui abbiamo organizzato molti seminari \u00e8 per\u00a0creare una conoscenza media di base da un lato, e per sensibilizzare i Comuni in merito alle potenzialit\u00e0 in essere dall\u2019altro. Soprattutto per stimolarli a rivolgersi a noi. Basterebbe dire: \u201c<em>Abbiamo questo progetto che vorremmo realizzare, come si pu\u00f2 fare?<\/em>\u201d. Va invertito il flusso: non \u00e8 Informest che deve andare alla ricerca\u00a0spasmodica di tutti i progetti possibili per poi chiedere ai Comuni se sono interessati. \u00c8 il Comune che deve proporre la sua progettualit\u00e0: Informest lo aiuter\u00e0 nel reperimento dei fondi e nella stesura della panificazione\u00bb.<\/p>\n<p><strong>Un cambio di mentalit\u00e0 realizzabile?<\/strong><\/p>\n<p>\u00abNon deve essere Informest a spingere sull\u2019acceleratore: noi dovremmo essere tirati per la giacca da tutte le amministrazioni comunali ogni giorno: \u201c<em>Vorremmo fare un\u00a0<\/em><em>centro per anziani, un parco per studenti, piste ciclabili, comunit\u00e0 energetiche\u2026<\/em>\u201d Da presidente di Informest vorrei ricevere 50 telefonate al giorno, perch\u00e9 significherebbe che c\u2019\u00e8 un territorio che freme e non che aspetta l\u2019arrivo di un contributo. Ci sono\u00a0Stati che sono vicini al 100% di utilizzo dei fondi europei. Dobbiamo prendere spunto dal loro esempio\u00bb.<\/p>\n<p><strong>Quali sono le caratteristiche che ricercate nelle figure che collaborano con la vostra realt\u00e0?<\/strong><\/p>\n<p>\u00abPrediligiamo chi ha gi\u00e0 esperienza nel reperimento dei fondi europei, ma ci piace anche formare le competenze in casa. Aspetto basilare \u00e8 la conoscenza della lingua\u00a0inglese: abbiamo frequentemente incontri, anche online, con realt\u00e0 slovene e austriache e la comunicazione in inglese \u00e8 indispensabile. Inoltre serve la capacit\u00e0 di mettersi in gioco per scrivere progetti e per valutare la loro sostenibilit\u00e0 economica.\u00a0Competenze complesse non sempre facili da trovare sul mercato. Prossimamente usciranno un paio di bandi proprio per la selezione del personale\u00bb.<\/p>\n<figure id=\"attachment_71650\" aria-describedby=\"caption-attachment-71650\" style=\"width: 1000px\" class=\"wp-caption aligncenter\"><img loading=\"lazy\" decoding=\"async\" class=\"size-full wp-image-71650\" src=\"https:\/\/imagazine.it\/wp-content\/uploads\/2026\/02\/low-seminario.jpg\" alt=\"\" width=\"1000\" height=\"665\" title=\"\" srcset=\"https:\/\/imagazine.it\/wp-content\/uploads\/2026\/02\/low-seminario.jpg 1000w, https:\/\/imagazine.it\/wp-content\/uploads\/2026\/02\/low-seminario-300x200.jpg 300w, https:\/\/imagazine.it\/wp-content\/uploads\/2026\/02\/low-seminario-768x511.jpg 768w, https:\/\/imagazine.it\/wp-content\/uploads\/2026\/02\/low-seminario-391x260.jpg 391w, https:\/\/imagazine.it\/wp-content\/uploads\/2026\/02\/low-seminario-272x182.jpg 272w\" sizes=\"auto, (max-width: 1000px) 100vw, 1000px\" \/><figcaption id=\"caption-attachment-71650\" class=\"wp-caption-text\">Il presidente Lepori, primo da destra, durante un seminario promosso da Informest<\/figcaption><\/figure>\n<p><strong>Il suo mandato di presidente \u00e8 prossimo alla scadenza: che eredit\u00e0 lascer\u00e0 al suo successore?<\/strong><\/p>\n<p>\u00abChi verr\u00e0 dopo di me trover\u00e0 gli ultimi due migliori bilanci prodotti da Informest e una situazione gestita in modo molto oculata, grazie alle opportunit\u00e0 che io ho avuto. Come avere un direttore generale con cui ho condiviso gli obiettivi da raggiungere, tra cui la maggior presenza sul territorio. Abbiamo inoltre rinnovato contratti di lavoro, dando la possibilit\u00e0 di puntare anche sullo <em>smart working<\/em>. Infine abbiamo puntato sul riassetto organizzativo per dare un senso al ruolo che deve avere \u00a0Informest\u00bb.<\/p>\n<p><strong>Quali sono invece a suo avviso le priorit\u00e0 su cui Informest dovrebbe puntare nel futuro?<\/strong><\/p>\n<p>\u00abPotenziare i contatti con Bruxelles e continuare a farsi conoscere sempre di pi\u00f9. Insistendo sui seminari formativi per creare informazione e cultura. Puntare su una corretta informazione che dia competenze \u00e8 il modo migliore per fornire un sostegno a tutti gli attori del territorio\u00bb.<\/p>\n<p><strong>Terminata questa esperienza quali sono le sfide che Davide Lepori vorrebbe intraprendere?<\/strong><\/p>\n<p>\u00abMi piacerebbe continuare a lasciare qualcosa di meglio, in particolare per i giovani. Se mi verr\u00e0 data la possibilit\u00e0 lo far\u00f2 ancora lavorando in enti e istituzioni. Diversamente, lo far\u00f2 da nonno con la mia nipotina\u00bb.<\/p>\n","protected":false},"excerpt":{"rendered":"<p>Nei prossimi mesi scadr\u00e0 il suo mandato di presidente di Informest: \u00abUna realt\u00e0 a supporto delle amministrazioni locali nello sfruttare al meglio i fondi europei per migliorare la qualit\u00e0 della vita, i servizi, le infrastrutture e l\u2019ambiente\u00bb<\/p>\n","protected":false},"author":3,"featured_media":71651,"comment_status":"closed","ping_status":"closed","sticky":false,"template":"","format":"image","meta":{"dwc-title":[""],"dwc-content":[""],"footnotes":""},"categories":[6],"tags":[987,427,43,3710],"class_list":["post-71649","post","type-post","status-publish","format-image","has-post-thumbnail","hentry","category-societa","tag-contributi","tag-europa","tag-gorizia","tag-informest","post_format-post-format-image"],"rttpg_featured_image_url":{"full":["https:\/\/imagazine.it\/wp-content\/uploads\/2026\/02\/a_IMG_0109.jpg",1366,801,false],"landscape":["https:\/\/imagazine.it\/wp-content\/uploads\/2026\/02\/a_IMG_0109.jpg",1366,801,false],"portraits":["https:\/\/imagazine.it\/wp-content\/uploads\/2026\/02\/a_IMG_0109.jpg",1366,801,false],"thumbnail":["https:\/\/imagazine.it\/wp-content\/uploads\/2026\/02\/a_IMG_0109-150x150.jpg",150,150,true],"medium":["https:\/\/imagazine.it\/wp-content\/uploads\/2026\/02\/a_IMG_0109-300x176.jpg",300,176,true],"large":["https:\/\/imagazine.it\/wp-content\/uploads\/2026\/02\/a_IMG_0109-1024x600.jpg",640,375,true],"thumblist":["https:\/\/imagazine.it\/wp-content\/uploads\/2026\/02\/a_IMG_0109-300x300.jpg",300,300,true],"thumbrelated":["https:\/\/imagazine.it\/wp-content\/uploads\/2026\/02\/a_IMG_0109-500x500.jpg",500,500,true],"meccarouselthumb":["https:\/\/imagazine.it\/wp-content\/uploads\/2026\/02\/a_IMG_0109-474x324.jpg",474,324,true],"gridsquare":["https:\/\/imagazine.it\/wp-content\/uploads\/2026\/02\/a_IMG_0109-391x260.jpg",391,260,true],"tileview":["https:\/\/imagazine.it\/wp-content\/uploads\/2026\/02\/a_IMG_0109-300x400.jpg",300,400,true],"1536x1536":["https:\/\/imagazine.it\/wp-content\/uploads\/2026\/02\/a_IMG_0109.jpg",1366,801,false],"2048x2048":["https:\/\/imagazine.it\/wp-content\/uploads\/2026\/02\/a_IMG_0109.jpg",1366,801,false],"newsup-slider-full":["https:\/\/imagazine.it\/wp-content\/uploads\/2026\/02\/a_IMG_0109-1280x720.jpg",1280,720,true],"newsup-featured":["https:\/\/imagazine.it\/wp-content\/uploads\/2026\/02\/a_IMG_0109-1024x600.jpg",1024,600,true],"newsup-medium":["https:\/\/imagazine.it\/wp-content\/uploads\/2026\/02\/a_IMG_0109-720x380.jpg",720,380,true],"tptn_thumbnail":["https:\/\/imagazine.it\/wp-content\/uploads\/2026\/02\/a_IMG_0109-250x210.jpg",250,210,true],"sow-carousel-default":["https:\/\/imagazine.it\/wp-content\/uploads\/2026\/02\/a_IMG_0109-272x182.jpg",272,182,true]},"rttpg_author":{"display_name":"Andrea Doncovio","author_link":"https:\/\/imagazine.it\/home_desk\/author\/andrea\/"},"rttpg_comment":0,"rttpg_category":"<a href=\"https:\/\/imagazine.it\/home_desk\/category\/societa\/\" rel=\"category tag\">SOCIET\u00c0<\/a>","rttpg_excerpt":"Nei prossimi mesi scadr\u00e0 il suo mandato di presidente di Informest: \u00abUna realt\u00e0 a supporto delle amministrazioni locali nello sfruttare al meglio i fondi europei per migliorare la qualit\u00e0 della vita, i servizi, le infrastrutture e l\u2019ambiente\u00bb","_links":{"self":[{"href":"https:\/\/imagazine.it\/home_desk\/wp-json\/wp\/v2\/posts\/71649","targetHints":{"allow":["GET"]}}],"collection":[{"href":"https:\/\/imagazine.it\/home_desk\/wp-json\/wp\/v2\/posts"}],"about":[{"href":"https:\/\/imagazine.it\/home_desk\/wp-json\/wp\/v2\/types\/post"}],"author":[{"embeddable":true,"href":"https:\/\/imagazine.it\/home_desk\/wp-json\/wp\/v2\/users\/3"}],"replies":[{"embeddable":true,"href":"https:\/\/imagazine.it\/home_desk\/wp-json\/wp\/v2\/comments?post=71649"}],"version-history":[{"count":2,"href":"https:\/\/imagazine.it\/home_desk\/wp-json\/wp\/v2\/posts\/71649\/revisions"}],"predecessor-version":[{"id":71653,"href":"https:\/\/imagazine.it\/home_desk\/wp-json\/wp\/v2\/posts\/71649\/revisions\/71653"}],"wp:featuredmedia":[{"embeddable":true,"href":"https:\/\/imagazine.it\/home_desk\/wp-json\/wp\/v2\/media\/71651"}],"wp:attachment":[{"href":"https:\/\/imagazine.it\/home_desk\/wp-json\/wp\/v2\/media?parent=71649"}],"wp:term":[{"taxonomy":"category","embeddable":true,"href":"https:\/\/imagazine.it\/home_desk\/wp-json\/wp\/v2\/categories?post=71649"},{"taxonomy":"post_tag","embeddable":true,"href":"https:\/\/imagazine.it\/home_desk\/wp-json\/wp\/v2\/tags?post=71649"}],"curies":[{"name":"wp","href":"https:\/\/api.w.org\/{rel}","templated":true}]}}