{"id":71608,"date":"2026-02-16T15:44:14","date_gmt":"2026-02-16T14:44:14","guid":{"rendered":"https:\/\/imagazine.it\/home_desk\/?p=71608"},"modified":"2026-02-16T15:45:51","modified_gmt":"2026-02-16T14:45:51","slug":"un-carnevale-di-comunita-grazie-alle-scuole","status":"publish","type":"post","link":"https:\/\/imagazine.it\/home_desk\/un-carnevale-di-comunita-grazie-alle-scuole\/","title":{"rendered":"Un carnevale di comunit\u00e0 grazie alle scuole"},"content":{"rendered":"<h6>Alcuni momenti della sfilata degli alunni<\/h6>\n<p>&nbsp;<\/p>\n<p>CERVIGNANO DEL FRIULI \u2013 Venerd\u00ec 13 febbraio le vie del centro si sono animate di colori, sorrisi e allegria grazie alla sfilata di Carnevale organizzata dall\u2019<strong>Istituto<\/strong> <strong>Comprensivo di Cervignano del Friuli<\/strong>.<\/p>\n<p>Protagonisti dell\u2019iniziativa sono stati gli alunni delle quattro scuole primarie, i quali, tutti vestiti in maschera, hanno attraversato le strade del centro accompagnati dagli insegnanti, trasformando il Carnevale in un momento di festa condivisa con la cittadinanza.<\/p>\n<p>Il corteo si \u00e8 concluso in\u00a0Piazza Indipendenza, dove i bambini sono stati accolti dal sindaco <strong>Andrea Balducci<\/strong> per un saluto istituzionale.<\/p>\n<p>Nel suo intervento, il primo cittadino ha ringraziato l\u2019Istituto Comprensivo per l\u2019organizzazione dell\u2019iniziativa, sottolineandone il valore educativo e sociale, ed esprimendo l\u2019auspicio che questo appuntamento possa essere confermato e portato avanti anche nei prossimi anni.<\/p>\n<p><img loading=\"lazy\" decoding=\"async\" class=\"aligncenter size-full wp-image-71609\" src=\"https:\/\/imagazine.it\/wp-content\/uploads\/2026\/02\/carnevale-scuola2.jpg\" alt=\"\" width=\"800\" height=\"299\" title=\"\" srcset=\"https:\/\/imagazine.it\/wp-content\/uploads\/2026\/02\/carnevale-scuola2.jpg 800w, https:\/\/imagazine.it\/wp-content\/uploads\/2026\/02\/carnevale-scuola2-300x112.jpg 300w, https:\/\/imagazine.it\/wp-content\/uploads\/2026\/02\/carnevale-scuola2-768x287.jpg 768w\" sizes=\"auto, (max-width: 800px) 100vw, 800px\" \/><\/p>\n<p>La sfilata di Carnevale si \u00e8 cos\u00ec rivelata non solo un momento di gioia per i pi\u00f9 piccoli, ma anche un\u2019occasione significativa di incontro tra scuola e territorio, capace di rafforzare il senso di comunit\u00e0 e di appartenenza alla vita cittadina.<\/p>\n<p><img loading=\"lazy\" decoding=\"async\" class=\"aligncenter size-full wp-image-71610\" src=\"https:\/\/imagazine.it\/wp-content\/uploads\/2026\/02\/carnevale-scuola3.jpg\" alt=\"\" width=\"800\" height=\"294\" title=\"\" srcset=\"https:\/\/imagazine.it\/wp-content\/uploads\/2026\/02\/carnevale-scuola3.jpg 800w, https:\/\/imagazine.it\/wp-content\/uploads\/2026\/02\/carnevale-scuola3-300x110.jpg 300w, https:\/\/imagazine.it\/wp-content\/uploads\/2026\/02\/carnevale-scuola3-768x282.jpg 768w\" sizes=\"auto, (max-width: 800px) 100vw, 800px\" \/><\/p>\n","protected":false},"excerpt":{"rendered":"<p>Gli alunni delle primarie di Cervignano del Friuli hanno sfilato in maschera per le vie del centro destando la curiosit\u00e0 dei cittadini<\/p>\n","protected":false},"author":28,"featured_media":71611,"comment_status":"closed","ping_status":"closed","sticky":false,"template":"","format":"image","meta":{"dwc-title":[""],"dwc-content":[""],"footnotes":""},"categories":[5],"tags":[93,119,3709],"class_list":["post-71608","post","type-post","status-publish","format-image","has-post-thumbnail","hentry","category-attualita","tag-carnevale","tag-cervignano","tag-scuola-bambini","post_format-post-format-image"],"rttpg_featured_image_url":{"full":["https:\/\/imagazine.it\/wp-content\/uploads\/2026\/02\/carnevale-scuola1.jpg",1366,693,false],"landscape":["https:\/\/imagazine.it\/wp-content\/uploads\/2026\/02\/carnevale-scuola1.jpg",1366,693,false],"portraits":["https:\/\/imagazine.it\/wp-content\/uploads\/2026\/02\/carnevale-scuola1.jpg",1366,693,false],"thumbnail":["https:\/\/imagazine.it\/wp-content\/uploads\/2026\/02\/carnevale-scuola1-150x150.jpg",150,150,true],"medium":["https:\/\/imagazine.it\/wp-content\/uploads\/2026\/02\/carnevale-scuola1-300x152.jpg",300,152,true],"large":["https:\/\/imagazine.it\/wp-content\/uploads\/2026\/02\/carnevale-scuola1-1024x519.jpg",640,324,true],"thumblist":["https:\/\/imagazine.it\/wp-content\/uploads\/2026\/02\/carnevale-scuola1-300x300.jpg",300,300,true],"thumbrelated":["https:\/\/imagazine.it\/wp-content\/uploads\/2026\/02\/carnevale-scuola1-500x500.jpg",500,500,true],"meccarouselthumb":["https:\/\/imagazine.it\/wp-content\/uploads\/2026\/02\/carnevale-scuola1-474x324.jpg",474,324,true],"gridsquare":["https:\/\/imagazine.it\/wp-content\/uploads\/2026\/02\/carnevale-scuola1-391x260.jpg",391,260,true],"tileview":["https:\/\/imagazine.it\/wp-content\/uploads\/2026\/02\/carnevale-scuola1-300x400.jpg",300,400,true],"1536x1536":["https:\/\/imagazine.it\/wp-content\/uploads\/2026\/02\/carnevale-scuola1.jpg",1366,693,false],"2048x2048":["https:\/\/imagazine.it\/wp-content\/uploads\/2026\/02\/carnevale-scuola1.jpg",1366,693,false],"newsup-slider-full":["https:\/\/imagazine.it\/wp-content\/uploads\/2026\/02\/carnevale-scuola1-1280x693.jpg",1280,693,true],"newsup-featured":["https:\/\/imagazine.it\/wp-content\/uploads\/2026\/02\/carnevale-scuola1-1024x519.jpg",1024,519,true],"newsup-medium":["https:\/\/imagazine.it\/wp-content\/uploads\/2026\/02\/carnevale-scuola1-720x380.jpg",720,380,true],"tptn_thumbnail":["https:\/\/imagazine.it\/wp-content\/uploads\/2026\/02\/carnevale-scuola1-250x210.jpg",250,210,true],"sow-carousel-default":["https:\/\/imagazine.it\/wp-content\/uploads\/2026\/02\/carnevale-scuola1-272x182.jpg",272,182,true]},"rttpg_author":{"display_name":"redazione","author_link":"https:\/\/imagazine.it\/home_desk\/author\/redazione\/"},"rttpg_comment":0,"rttpg_category":"<a href=\"https:\/\/imagazine.it\/home_desk\/category\/attualita\/\" rel=\"category tag\">ATTUALIT\u00c0<\/a>","rttpg_excerpt":"Gli alunni delle primarie di Cervignano del Friuli hanno sfilato in maschera per le vie del centro destando la curiosit\u00e0 dei cittadini","_links":{"self":[{"href":"https:\/\/imagazine.it\/home_desk\/wp-json\/wp\/v2\/posts\/71608","targetHints":{"allow":["GET"]}}],"collection":[{"href":"https:\/\/imagazine.it\/home_desk\/wp-json\/wp\/v2\/posts"}],"about":[{"href":"https:\/\/imagazine.it\/home_desk\/wp-json\/wp\/v2\/types\/post"}],"author":[{"embeddable":true,"href":"https:\/\/imagazine.it\/home_desk\/wp-json\/wp\/v2\/users\/28"}],"replies":[{"embeddable":true,"href":"https:\/\/imagazine.it\/home_desk\/wp-json\/wp\/v2\/comments?post=71608"}],"version-history":[{"count":3,"href":"https:\/\/imagazine.it\/home_desk\/wp-json\/wp\/v2\/posts\/71608\/revisions"}],"predecessor-version":[{"id":71614,"href":"https:\/\/imagazine.it\/home_desk\/wp-json\/wp\/v2\/posts\/71608\/revisions\/71614"}],"wp:featuredmedia":[{"embeddable":true,"href":"https:\/\/imagazine.it\/home_desk\/wp-json\/wp\/v2\/media\/71611"}],"wp:attachment":[{"href":"https:\/\/imagazine.it\/home_desk\/wp-json\/wp\/v2\/media?parent=71608"}],"wp:term":[{"taxonomy":"category","embeddable":true,"href":"https:\/\/imagazine.it\/home_desk\/wp-json\/wp\/v2\/categories?post=71608"},{"taxonomy":"post_tag","embeddable":true,"href":"https:\/\/imagazine.it\/home_desk\/wp-json\/wp\/v2\/tags?post=71608"}],"curies":[{"name":"wp","href":"https:\/\/api.w.org\/{rel}","templated":true}]}}