{"id":71603,"date":"2026-02-16T14:38:56","date_gmt":"2026-02-16T13:38:56","guid":{"rendered":"https:\/\/imagazine.it\/home_desk\/?p=71603"},"modified":"2026-02-18T16:28:20","modified_gmt":"2026-02-18T15:28:20","slug":"economia-circolare-i-pc-delluniversita-alla-scuola-superiore","status":"publish","type":"post","link":"https:\/\/imagazine.it\/home_desk\/economia-circolare-i-pc-delluniversita-alla-scuola-superiore\/","title":{"rendered":"Economia circolare: i pc dell&#8217;Universit\u00e0 alla scuola superiore"},"content":{"rendered":"<h6>Da sinistra Giuliano Banelli, Sara Colussi, Luca Cadez<\/h6>\n<p>&nbsp;<\/p>\n<p>UDINE \u2013 L\u2019Universit\u00e0 di Udine ha donato <strong>quasi 100 computer ricondizionati<\/strong> all\u2019Istituto superiore di istruzione secondaria <strong>\u201cFermo Solari\u201d di Tolmezzo<\/strong> che li utilizzer\u00e0 per un nuovo laboratorio informatico.<\/p>\n<p>L\u2019operazione rientra nell\u2019attivit\u00e0 del \u201c<span style=\"text-decoration: underline;\"><a href=\"https:\/\/riuso.uniud.it\/\" target=\"_blank\" rel=\"noopener\"><em>Portale del riuso<\/em><\/a><\/span>\u201d, il progetto di economia circolare attivato nove anni fa dall\u2019Ateneo friulano.<\/p>\n<p>I pc donati sono il frutto del periodico aggiornamento di attrezzature e beni compiuto dall\u2019universit\u00e0 che poi li dismette gratuitamente a favore di scuole e organizzazioni no profit.<\/p>\n<p>Al portale sono iscritte oltre 80 associazioni e scuole della regione e anche le universit\u00e0 di Parma e Siena hanno aderito.<\/p>\n<p>A oggi sono stati donati oltre 400 computer, oltre a monitor, tablet e mobili di vario tipo tra librerie, armadi, schedari e scrivanie. Il progetto mira condividere, senza fini di lucro, materiali e strumenti dell\u2019Ateneo riparati, riutilizzati, ricondizionati e riciclati per estendere il loro ciclo di vita e contribuire cos\u00ec a ridurre i rifiuti al minimo.<\/p>\n<p>\u00abL\u2019Ateneo \u2013 ha spiegato la delegata dell\u2019Ateneo per la sostenibilit\u00e0, <strong>Sara Colussi<\/strong> \u2013 ha adottato e rafforzato un modello virtuoso volto a contenere l\u2019impatto ambientale delle proprie molteplici attivit\u00e0, riducendo la produzione di rifiuti e generando un risparmio economico ed energetico. Il percorso, di cui il \u201cPortale del riuso\u201d \u00e8 una delle attivit\u00e0, \u00e8 ancora in evoluzione e comprende azioni mirate all\u2019efficientamento energetico, alla riduzione dei consumi e alla promozione della mobilit\u00e0 sostenibile\u00bb ha concluso la professoressa Colussi.<\/p>\n<p>\u00abL\u2019Isis \u201cFermo Solari\u201d di Tolmezzo \u2013 ha affermato il responsabile informatico dell\u2019istituto, <strong>Giuliano Banelli<\/strong> \u2013 ringrazia l&#8217;Universit\u00e0 di Udine per la preziosa collaborazione. L\u2019iniziativa promossa dall\u2019Ateneo col \u201cPortale del riuso\u201d \u00e8 un beneficio alla eco-sostenibilit\u00e0 e un sostegno alle scuole di ogni grado che vogliono migliorare le loro attrezzature informatiche. Non tutte le scuole possono accedere a contributi pertanto questa iniziativa \u00e8 azzeccatissima in tutte le sue sfumature di utilizzo e riciclo\u00bb.<\/p>\n<figure id=\"attachment_71605\" aria-describedby=\"caption-attachment-71605\" style=\"width: 800px\" class=\"wp-caption aligncenter\"><img loading=\"lazy\" decoding=\"async\" class=\"size-full wp-image-71605\" src=\"https:\/\/imagazine.it\/wp-content\/uploads\/2026\/02\/2-Una-parte-dei-pc-donati.jpg\" alt=\"\" width=\"800\" height=\"360\" title=\"\" srcset=\"https:\/\/imagazine.it\/wp-content\/uploads\/2026\/02\/2-Una-parte-dei-pc-donati.jpg 800w, https:\/\/imagazine.it\/wp-content\/uploads\/2026\/02\/2-Una-parte-dei-pc-donati-300x135.jpg 300w, https:\/\/imagazine.it\/wp-content\/uploads\/2026\/02\/2-Una-parte-dei-pc-donati-768x346.jpg 768w\" sizes=\"auto, (max-width: 800px) 100vw, 800px\" \/><figcaption id=\"caption-attachment-71605\" class=\"wp-caption-text\">Alcuni dei pc donati<\/figcaption><\/figure>\n<p>Il coordinatore del \u201cPortale del riuso\u201d, <strong>Luca Cadez<\/strong>, ha evidenziato che \u00abnel 2023 Legambiente ha premiato il progetto collocandolo fra le prime otto iniziative della classifica nazionale delle \u201cStorie di ordinaria buona gestione\u201d. Inoltre \u00e8 stato segnalato tra le buone pratiche dalla Piattaforma italiana degli attori per l\u2019economia circolare \u2013 Icesp\u00bb.<\/p>\n","protected":false},"excerpt":{"rendered":"<p>Cento computer ricondizionati donati all\u2019istituto \u201cFermo Solari\u201d di Tolmezzo. Serviranno a realizzare un nuovo laboratorio informatico<\/p>\n","protected":false},"author":28,"featured_media":71604,"comment_status":"closed","ping_status":"closed","sticky":false,"template":"","format":"image","meta":{"dwc-title":[""],"dwc-content":[""],"footnotes":""},"categories":[5],"tags":[1633,129,206,388],"class_list":["post-71603","post","type-post","status-publish","format-image","has-post-thumbnail","hentry","category-attualita","tag-informatica","tag-scuola","tag-uniud","tag-universita","post_format-post-format-image"],"rttpg_featured_image_url":{"full":["https:\/\/imagazine.it\/wp-content\/uploads\/2026\/02\/1-Da-sinistra-Giuliano-Banelli-Sara-Colussi-Luca-Cadez.jpg",1366,669,false],"landscape":["https:\/\/imagazine.it\/wp-content\/uploads\/2026\/02\/1-Da-sinistra-Giuliano-Banelli-Sara-Colussi-Luca-Cadez.jpg",1366,669,false],"portraits":["https:\/\/imagazine.it\/wp-content\/uploads\/2026\/02\/1-Da-sinistra-Giuliano-Banelli-Sara-Colussi-Luca-Cadez.jpg",1366,669,false],"thumbnail":["https:\/\/imagazine.it\/wp-content\/uploads\/2026\/02\/1-Da-sinistra-Giuliano-Banelli-Sara-Colussi-Luca-Cadez-150x150.jpg",150,150,true],"medium":["https:\/\/imagazine.it\/wp-content\/uploads\/2026\/02\/1-Da-sinistra-Giuliano-Banelli-Sara-Colussi-Luca-Cadez-300x147.jpg",300,147,true],"large":["https:\/\/imagazine.it\/wp-content\/uploads\/2026\/02\/1-Da-sinistra-Giuliano-Banelli-Sara-Colussi-Luca-Cadez-1024x502.jpg",640,314,true],"thumblist":["https:\/\/imagazine.it\/wp-content\/uploads\/2026\/02\/1-Da-sinistra-Giuliano-Banelli-Sara-Colussi-Luca-Cadez-300x300.jpg",300,300,true],"thumbrelated":["https:\/\/imagazine.it\/wp-content\/uploads\/2026\/02\/1-Da-sinistra-Giuliano-Banelli-Sara-Colussi-Luca-Cadez-500x500.jpg",500,500,true],"meccarouselthumb":["https:\/\/imagazine.it\/wp-content\/uploads\/2026\/02\/1-Da-sinistra-Giuliano-Banelli-Sara-Colussi-Luca-Cadez-474x324.jpg",474,324,true],"gridsquare":["https:\/\/imagazine.it\/wp-content\/uploads\/2026\/02\/1-Da-sinistra-Giuliano-Banelli-Sara-Colussi-Luca-Cadez-391x260.jpg",391,260,true],"tileview":["https:\/\/imagazine.it\/wp-content\/uploads\/2026\/02\/1-Da-sinistra-Giuliano-Banelli-Sara-Colussi-Luca-Cadez-300x400.jpg",300,400,true],"1536x1536":["https:\/\/imagazine.it\/wp-content\/uploads\/2026\/02\/1-Da-sinistra-Giuliano-Banelli-Sara-Colussi-Luca-Cadez.jpg",1366,669,false],"2048x2048":["https:\/\/imagazine.it\/wp-content\/uploads\/2026\/02\/1-Da-sinistra-Giuliano-Banelli-Sara-Colussi-Luca-Cadez.jpg",1366,669,false],"newsup-slider-full":["https:\/\/imagazine.it\/wp-content\/uploads\/2026\/02\/1-Da-sinistra-Giuliano-Banelli-Sara-Colussi-Luca-Cadez-1280x669.jpg",1280,669,true],"newsup-featured":["https:\/\/imagazine.it\/wp-content\/uploads\/2026\/02\/1-Da-sinistra-Giuliano-Banelli-Sara-Colussi-Luca-Cadez-1024x502.jpg",1024,502,true],"newsup-medium":["https:\/\/imagazine.it\/wp-content\/uploads\/2026\/02\/1-Da-sinistra-Giuliano-Banelli-Sara-Colussi-Luca-Cadez-720x380.jpg",720,380,true],"tptn_thumbnail":["https:\/\/imagazine.it\/wp-content\/uploads\/2026\/02\/1-Da-sinistra-Giuliano-Banelli-Sara-Colussi-Luca-Cadez-250x210.jpg",250,210,true],"sow-carousel-default":["https:\/\/imagazine.it\/wp-content\/uploads\/2026\/02\/1-Da-sinistra-Giuliano-Banelli-Sara-Colussi-Luca-Cadez-272x182.jpg",272,182,true]},"rttpg_author":{"display_name":"redazione","author_link":"https:\/\/imagazine.it\/home_desk\/author\/redazione\/"},"rttpg_comment":0,"rttpg_category":"<a href=\"https:\/\/imagazine.it\/home_desk\/category\/attualita\/\" rel=\"category tag\">ATTUALIT\u00c0<\/a>","rttpg_excerpt":"Cento computer ricondizionati donati all\u2019istituto \u201cFermo Solari\u201d di Tolmezzo. Serviranno a realizzare un nuovo laboratorio informatico","_links":{"self":[{"href":"https:\/\/imagazine.it\/home_desk\/wp-json\/wp\/v2\/posts\/71603","targetHints":{"allow":["GET"]}}],"collection":[{"href":"https:\/\/imagazine.it\/home_desk\/wp-json\/wp\/v2\/posts"}],"about":[{"href":"https:\/\/imagazine.it\/home_desk\/wp-json\/wp\/v2\/types\/post"}],"author":[{"embeddable":true,"href":"https:\/\/imagazine.it\/home_desk\/wp-json\/wp\/v2\/users\/28"}],"replies":[{"embeddable":true,"href":"https:\/\/imagazine.it\/home_desk\/wp-json\/wp\/v2\/comments?post=71603"}],"version-history":[{"count":2,"href":"https:\/\/imagazine.it\/home_desk\/wp-json\/wp\/v2\/posts\/71603\/revisions"}],"predecessor-version":[{"id":71607,"href":"https:\/\/imagazine.it\/home_desk\/wp-json\/wp\/v2\/posts\/71603\/revisions\/71607"}],"wp:featuredmedia":[{"embeddable":true,"href":"https:\/\/imagazine.it\/home_desk\/wp-json\/wp\/v2\/media\/71604"}],"wp:attachment":[{"href":"https:\/\/imagazine.it\/home_desk\/wp-json\/wp\/v2\/media?parent=71603"}],"wp:term":[{"taxonomy":"category","embeddable":true,"href":"https:\/\/imagazine.it\/home_desk\/wp-json\/wp\/v2\/categories?post=71603"},{"taxonomy":"post_tag","embeddable":true,"href":"https:\/\/imagazine.it\/home_desk\/wp-json\/wp\/v2\/tags?post=71603"}],"curies":[{"name":"wp","href":"https:\/\/api.w.org\/{rel}","templated":true}]}}