{"id":71201,"date":"2026-01-30T16:58:02","date_gmt":"2026-01-30T15:58:02","guid":{"rendered":"https:\/\/imagazine.it\/home_desk\/?p=71201"},"modified":"2026-02-03T10:54:16","modified_gmt":"2026-02-03T09:54:16","slug":"un-giardino-partecipato-al-polo-giovani-toti","status":"publish","type":"post","link":"https:\/\/imagazine.it\/home_desk\/un-giardino-partecipato-al-polo-giovani-toti\/","title":{"rendered":"Un giardino partecipato al Polo Giovani Toti"},"content":{"rendered":"<h6>L&#8217;area interessata dalla progettualit\u00e0 partecipata<\/h6>\n<p>&nbsp;<\/p>\n<p>TRIESTE \u2013 Si \u00e8 appena concluso <em>RE-GARDEN<\/em>, progetto di rigenerazione urbana promosso da <strong>UGor\u00e0 &#8211; Urban Gardening Ora APS<\/strong> in collaborazione con il Comune di Trieste, che ha coinvolto <strong>giovani under 35<\/strong> e associazioni del quartiere di San Giusto in un <strong>percorso partecipativo per riconfigurare il giardino del Polo Giovani Toti<\/strong>.<\/p>\n<p>I risultati del progetto saranno presentati alla citt\u00e0 durante un incontro pubblico di restituzione, in programma gioved\u00ec 5 febbraio alle ore 17.30 in via Madonna del Mare, 10 &#8211; Sede del CEST e delle attivit\u00e0 di tempo libero dell\u2019Ass. FuoriOrario.<\/p>\n<p>RE-GARDEN ha avuto come obiettivo quello di re-immaginare e ri-progettare uno spazio verde urbano collettivo, destinato ai giovani, attraverso un processo partecipativo, basato su esplorazioni del quartiere, mappature collettive e laboratori di progettazione.<\/p>\n<p>I partecipanti hanno contribuito attivamente con idee, osservazioni e proposte per immaginare nuovi usi del giardino come luogo di socialit\u00e0, benessere e incontro.<\/p>\n<p>Durante l\u2019evento di restituzione verranno presentati i principali esiti del progetto, la proposta elaborata dai partecipanti e i materiali prodotti nel corso del progetto, offrendo un\u2019occasione di confronto sul futuro del giardino e sul valore dei processi partecipativi in ambito urbano.<\/p>\n<p>L\u2019incontro, previa prenotazione al numero 328 9584055, \u00e8 aperto alla cittadinanza.<\/p>\n<figure id=\"attachment_71202\" aria-describedby=\"caption-attachment-71202\" style=\"width: 800px\" class=\"wp-caption aligncenter\"><img loading=\"lazy\" decoding=\"async\" class=\"size-full wp-image-71202\" src=\"https:\/\/imagazine.it\/wp-content\/uploads\/2026\/01\/WhatsApp-Image-2026-01-29-at-20.31.48-1.jpg\" alt=\"\" width=\"800\" height=\"656\" title=\"\" srcset=\"https:\/\/imagazine.it\/wp-content\/uploads\/2026\/01\/WhatsApp-Image-2026-01-29-at-20.31.48-1.jpg 800w, https:\/\/imagazine.it\/wp-content\/uploads\/2026\/01\/WhatsApp-Image-2026-01-29-at-20.31.48-1-300x246.jpg 300w, https:\/\/imagazine.it\/wp-content\/uploads\/2026\/01\/WhatsApp-Image-2026-01-29-at-20.31.48-1-768x630.jpg 768w\" sizes=\"auto, (max-width: 800px) 100vw, 800px\" \/><figcaption id=\"caption-attachment-71202\" class=\"wp-caption-text\">Un momento della fase progettuale<\/figcaption><\/figure>\n","protected":false},"excerpt":{"rendered":"<p>A Trieste un progetto di rigenerazione urbana , che ha coinvolto giovani under 35 e associazioni del quartiere di San Giusto<\/p>\n","protected":false},"author":28,"featured_media":71203,"comment_status":"closed","ping_status":"closed","sticky":false,"template":"","format":"image","meta":{"dwc-title":[""],"dwc-content":[""],"footnotes":""},"categories":[5],"tags":[66,83,72,65],"class_list":["post-71201","post","type-post","status-publish","format-image","has-post-thumbnail","hentry","category-attualita","tag-ambiente","tag-giovani","tag-natura","tag-trieste","post_format-post-format-image"],"rttpg_featured_image_url":{"full":["https:\/\/imagazine.it\/wp-content\/uploads\/2026\/01\/WhatsApp-Image-2026-01-29-at-20.31.50.jpg",1366,774,false],"landscape":["https:\/\/imagazine.it\/wp-content\/uploads\/2026\/01\/WhatsApp-Image-2026-01-29-at-20.31.50.jpg",1366,774,false],"portraits":["https:\/\/imagazine.it\/wp-content\/uploads\/2026\/01\/WhatsApp-Image-2026-01-29-at-20.31.50.jpg",1366,774,false],"thumbnail":["https:\/\/imagazine.it\/wp-content\/uploads\/2026\/01\/WhatsApp-Image-2026-01-29-at-20.31.50-150x150.jpg",150,150,true],"medium":["https:\/\/imagazine.it\/wp-content\/uploads\/2026\/01\/WhatsApp-Image-2026-01-29-at-20.31.50-300x170.jpg",300,170,true],"large":["https:\/\/imagazine.it\/wp-content\/uploads\/2026\/01\/WhatsApp-Image-2026-01-29-at-20.31.50-1024x580.jpg",640,363,true],"thumblist":["https:\/\/imagazine.it\/wp-content\/uploads\/2026\/01\/WhatsApp-Image-2026-01-29-at-20.31.50-300x300.jpg",300,300,true],"thumbrelated":["https:\/\/imagazine.it\/wp-content\/uploads\/2026\/01\/WhatsApp-Image-2026-01-29-at-20.31.50-500x500.jpg",500,500,true],"meccarouselthumb":["https:\/\/imagazine.it\/wp-content\/uploads\/2026\/01\/WhatsApp-Image-2026-01-29-at-20.31.50-474x324.jpg",474,324,true],"gridsquare":["https:\/\/imagazine.it\/wp-content\/uploads\/2026\/01\/WhatsApp-Image-2026-01-29-at-20.31.50-391x260.jpg",391,260,true],"tileview":["https:\/\/imagazine.it\/wp-content\/uploads\/2026\/01\/WhatsApp-Image-2026-01-29-at-20.31.50-300x400.jpg",300,400,true],"1536x1536":["https:\/\/imagazine.it\/wp-content\/uploads\/2026\/01\/WhatsApp-Image-2026-01-29-at-20.31.50.jpg",1366,774,false],"2048x2048":["https:\/\/imagazine.it\/wp-content\/uploads\/2026\/01\/WhatsApp-Image-2026-01-29-at-20.31.50.jpg",1366,774,false],"newsup-slider-full":["https:\/\/imagazine.it\/wp-content\/uploads\/2026\/01\/WhatsApp-Image-2026-01-29-at-20.31.50-1280x720.jpg",1280,720,true],"newsup-featured":["https:\/\/imagazine.it\/wp-content\/uploads\/2026\/01\/WhatsApp-Image-2026-01-29-at-20.31.50-1024x580.jpg",1024,580,true],"newsup-medium":["https:\/\/imagazine.it\/wp-content\/uploads\/2026\/01\/WhatsApp-Image-2026-01-29-at-20.31.50-720x380.jpg",720,380,true],"tptn_thumbnail":["https:\/\/imagazine.it\/wp-content\/uploads\/2026\/01\/WhatsApp-Image-2026-01-29-at-20.31.50-250x210.jpg",250,210,true],"sow-carousel-default":["https:\/\/imagazine.it\/wp-content\/uploads\/2026\/01\/WhatsApp-Image-2026-01-29-at-20.31.50-272x182.jpg",272,182,true]},"rttpg_author":{"display_name":"redazione","author_link":"https:\/\/imagazine.it\/home_desk\/author\/redazione\/"},"rttpg_comment":0,"rttpg_category":"<a href=\"https:\/\/imagazine.it\/home_desk\/category\/attualita\/\" rel=\"category tag\">ATTUALIT\u00c0<\/a>","rttpg_excerpt":"A Trieste un progetto di rigenerazione urbana , che ha coinvolto giovani under 35 e associazioni del quartiere di San Giusto","_links":{"self":[{"href":"https:\/\/imagazine.it\/home_desk\/wp-json\/wp\/v2\/posts\/71201","targetHints":{"allow":["GET"]}}],"collection":[{"href":"https:\/\/imagazine.it\/home_desk\/wp-json\/wp\/v2\/posts"}],"about":[{"href":"https:\/\/imagazine.it\/home_desk\/wp-json\/wp\/v2\/types\/post"}],"author":[{"embeddable":true,"href":"https:\/\/imagazine.it\/home_desk\/wp-json\/wp\/v2\/users\/28"}],"replies":[{"embeddable":true,"href":"https:\/\/imagazine.it\/home_desk\/wp-json\/wp\/v2\/comments?post=71201"}],"version-history":[{"count":2,"href":"https:\/\/imagazine.it\/home_desk\/wp-json\/wp\/v2\/posts\/71201\/revisions"}],"predecessor-version":[{"id":71205,"href":"https:\/\/imagazine.it\/home_desk\/wp-json\/wp\/v2\/posts\/71201\/revisions\/71205"}],"wp:featuredmedia":[{"embeddable":true,"href":"https:\/\/imagazine.it\/home_desk\/wp-json\/wp\/v2\/media\/71203"}],"wp:attachment":[{"href":"https:\/\/imagazine.it\/home_desk\/wp-json\/wp\/v2\/media?parent=71201"}],"wp:term":[{"taxonomy":"category","embeddable":true,"href":"https:\/\/imagazine.it\/home_desk\/wp-json\/wp\/v2\/categories?post=71201"},{"taxonomy":"post_tag","embeddable":true,"href":"https:\/\/imagazine.it\/home_desk\/wp-json\/wp\/v2\/tags?post=71201"}],"curies":[{"name":"wp","href":"https:\/\/api.w.org\/{rel}","templated":true}]}}