{"id":71131,"date":"2026-01-27T10:25:04","date_gmt":"2026-01-27T09:25:04","guid":{"rendered":"https:\/\/imagazine.it\/home_desk\/?p=71131"},"modified":"2026-01-27T18:53:32","modified_gmt":"2026-01-27T17:53:32","slug":"verona-si-inchina-al-dominio-udinese","status":"publish","type":"post","link":"https:\/\/imagazine.it\/home_desk\/verona-si-inchina-al-dominio-udinese\/","title":{"rendered":"Verona si inchina al dominio Udinese"},"content":{"rendered":"<h6>Tifosi bianconeri sugli spalti del Bentegodi<\/h6>\n<p>&nbsp;<\/p>\n<p>VERONA \u2013 Una gagliarda Udinese torna a espugnare il Bentegodi di Verona dopo quattro anni. Tuttavia, al di l\u00e0 del giudizio tecnico, una gara giocata di luned\u00ec sera davanti a spalti semideserti non \u00e8 un bene per il calcio. Costringere i tifosi ospiti a sobbarcare trasferte feriali per pure esigenze televisive va contro l&#8217;auspicio di avere tribune sempre esaurite.<\/p>\n<p>A livello tecnico c\u2019\u00e8 stata una sola squadra in campo: l\u2019Udinese ha saputo destreggiarsi per tutti i 90 minuti con personalit\u00e0. Eccezion fatta per il gol subito in contropiede, con alcuni giocatori che &#8216;dormivano&#8217;, si pu\u00f2 dire che la vittoria non fa una grinza. Finalmente non si sono visti i soliti patemi d\u2019animo che hanno caratterizzato le partite fino al 90\u2019 e oltre.<\/p>\n<p>Dopo una prima fase di studio, in cui la squadra ospite ha mostrato personalit\u00e0 e voglia di comandare il gioco, arriva il vantaggio bianconero: \u00e8 il 23\u2019 quando <strong>Zemura<\/strong> serve <strong>Atta<\/strong>; quest&#8217;ultimo trova un varco e fa partire un tiro a giro che, grazie alla deviazione decisiva di <strong>Slotsager<\/strong>, spiazza l\u2019estremo difensore veronese (anche se, probabilmente, sarebbe stato comunque gol).<\/p>\n<p>Non sono ancora finiti i festeggiamenti che l\u2019Hellas trova il pareggio: \u00e8 il 26\u2019 e <strong>Orban<\/strong> viene lasciato completamente solo, con la difesa in netto ritardo sulla ripartenza scaligera. Ricevuto il passaggio, l&#8217;attaccante controlla, protegge il pallone dal ritorno di <strong>Kristensen<\/strong> e <strong>Solet<\/strong> e batte <strong>Okoye<\/strong> sul primo palo.<\/p>\n<p>L\u2019Udinese, tuttavia, non ci sta e riprende a macinare gioco: quasi al tramonto del primo tempo, <strong>Zemura<\/strong> controlla e calcia a colpo sicuro, ma <strong>Perilli<\/strong> salva in angolo.<\/p>\n<p>Nella ripresa la musica non cambia: l\u2019Udinese continua a dettare i ritmi e si affaccia pi\u00f9 volte pericolosamente in area, seppur inizialmente senza costrutto.<\/p>\n<p>Al 13\u2019 arriva finalmente il premio per il lavoro svolto, grazie a una splendida esecuzione: la punizione di <strong>Zemura<\/strong> viene ribattuta dalla barriera e finisce sui piedi di <strong>Zanoli<\/strong> che, dal cuore dell&#8217;area di rigore, fa partire un bellissimo tiro che s&#8217;insacca imparabilmente sotto l&#8217;incrocio dei pali.<\/p>\n<p>Successivamente sale in cattedra <strong>Perilli<\/strong>, protagonista per due volte su <strong>Atta<\/strong>, negandogli il gol con ottimi interventi.<\/p>\n<p>Al 21\u2019 giunge per\u00f2 il gol della sicurezza con <strong>Keinan Davis<\/strong>, in assoluto il migliore in campo: dopo un bello scambio con Atta, sempre presente nelle azioni pi\u00f9 pericolose, il centravanti bianconero trafigge Perilli con un violento tracciante vicino all\u2019incrocio.<\/p>\n<p>Nel finale si registra un ultimo sussulto del Verona con <strong>Orban<\/strong>, ma <strong>Okoye<\/strong> si fa trovare pronto e blocca la conclusione<\/p>\n<p>Con questo successo, l\u2019Udinese raggiunge la Lazio al nono posto nella parte sinistra della classifica. Una posizione tranquilla, che potrebbe segnare la svolta definitiva della stagione: la gara di oggi \u00e8 stata il frutto di una ritrovata concentrazione, della voglia di vincere e, soprattutto, del desiderio di dimostrare di essere superiori agli avversari.<\/p>\n<figure id=\"attachment_71132\" aria-describedby=\"caption-attachment-71132\" style=\"width: 800px\" class=\"wp-caption aligncenter\"><img loading=\"lazy\" decoding=\"async\" class=\"size-full wp-image-71132\" src=\"https:\/\/imagazine.it\/wp-content\/uploads\/2026\/01\/verona-udinese-26-01-2026-01.jpg\" alt=\"\" width=\"800\" height=\"573\" title=\"\" srcset=\"https:\/\/imagazine.it\/wp-content\/uploads\/2026\/01\/verona-udinese-26-01-2026-01.jpg 800w, https:\/\/imagazine.it\/wp-content\/uploads\/2026\/01\/verona-udinese-26-01-2026-01-300x215.jpg 300w, https:\/\/imagazine.it\/wp-content\/uploads\/2026\/01\/verona-udinese-26-01-2026-01-768x550.jpg 768w\" sizes=\"auto, (max-width: 800px) 100vw, 800px\" \/><figcaption id=\"caption-attachment-71132\" class=\"wp-caption-text\">Le squadra prima del calcio d&#8217;inizio<\/figcaption><\/figure>\n<h3><strong>Il tabellino<\/strong><\/h3>\n<p><strong>VERONA \u2013 UDINESE 1-3 (1-1)<\/strong><\/p>\n<p><strong>VERONA:<\/strong>\u00a0Perilli; Slotsager, Nelsson, Ebosse; Lirola (dal 23\u2019 st Harroui), Bernede (dal 39\u2019 st Kastanos), Gagliardini, Serdar (cap.) (dal 23\u2019 st Niasse), Bradaric (dal 39\u2019 st Oyegoke); Sarr (dal 26\u2019 st Isaac), Orban. All. Zanetti<\/p>\n<p><strong>UDINESE:<\/strong>\u00a0Okoye; Solet, Kristensen, Bertola; Zanoli (dal 32\u2019 st Ehizibue), Miller (dal 32\u2019 st Zarraga), Karlstrom (cap.), Zemura (dal 44\u2019 st Goglichidze); Ekkelenkamp (dal 38\u2019 st Lovric), Atta; Davis (dal 38\u2019 st Gueye). Runjaic<\/p>\n<p><strong>Arbitro:<\/strong>\u00a0Manganiello<\/p>\n<p><strong>Marcatori:<\/strong>\u00a0Atta (U) al 23\u2019 pt, Orban (V) al 26\u2019 pt, Zanoli (U) al 13\u2019 st, Davis (U) al 22\u2019 st<br \/>\n<strong>Ammoniti:<\/strong>\u00a0Lirola (V) al 1\u2019 st, Gagliardini (V) al 11\u2019 st<br \/>\n<strong>Note:<\/strong>\u00a02\u2019 di recupero nel primo tempo. \u2019 di recupero nel secondo tempo.<\/p>\n<p>\u200b<\/p>\n<figure id=\"attachment_70245\" aria-describedby=\"caption-attachment-70245\" style=\"width: 800px\" class=\"wp-caption aligncenter\"><img loading=\"lazy\" decoding=\"async\" class=\"size-full wp-image-70245\" src=\"https:\/\/imagazine.it\/wp-content\/uploads\/2025\/12\/stera.jpg\" alt=\"\" width=\"800\" height=\"624\" title=\"\" srcset=\"https:\/\/imagazine.it\/wp-content\/uploads\/2025\/12\/stera.jpg 800w, https:\/\/imagazine.it\/wp-content\/uploads\/2025\/12\/stera-300x234.jpg 300w, https:\/\/imagazine.it\/wp-content\/uploads\/2025\/12\/stera-768x599.jpg 768w\" sizes=\"auto, (max-width: 800px) 100vw, 800px\" \/><figcaption id=\"caption-attachment-70245\" class=\"wp-caption-text\">Stera<\/figcaption><\/figure>\n<h3><strong>LE PAGELLE DI STERA<\/strong><\/h3>\n<p><strong>OKOYE<\/strong>: 6,5<\/p>\n<p>Nulla pu\u00f2 sulla fucilata di Orban. Comunque non si scompone e garantisce attenzione e giuste scelte di tempo, con alcuni interventi rilevanti.<\/p>\n<p>SOLIDO<\/p>\n<p><strong>SOLET<\/strong>: 6<\/p>\n<p>Poco deciso su Orban in occasione del pareggio veronese. Riesce per\u00f2 a riprendersi e farsi perdonare con giuste chiusure e scelte di tempo efficaci. Non manca poi di dare il suo peso in fase di impostazione, sostituendosi spesso ad uno spento Zemura.<\/p>\n<p>MUTEVOLE<\/p>\n<p><strong>KRISTENSEN<\/strong>: 6,5<\/p>\n<p>Impacciato nel tentativo di contrastare Orban sulla rete del pareggio. Ma \u00e8 anche grazie a lui se il Verona trova spesso la via del gol sbarrata. Concreto e diligente, garantisce la giusta attenzione davanti ad Okoye.<\/p>\n<p>ACCORTO<\/p>\n<p><strong>BERTOLA<\/strong>: 6<\/p>\n<p>Cresce l&#8217;intesa con i compagni di reparto e non solo sulla linea difensiva. Il modulo gli consente ampie possibilit\u00e0 di manovra, risultando utile ed efficace.<\/p>\n<p>CONCRETO<\/p>\n<p><strong>ZANOLI<\/strong>: 7<\/p>\n<p>&#8230;e oggi arriva anche la rete, per suggellare una prova molto positiva del bianconero. Molto attivo in spinta, si prende cura a dovere anche della fase difensiva. Esce per Ehizibue.<\/p>\n<p>RILEVANTE<\/p>\n<p><strong>KARLSTROM<\/strong>: 6<\/p>\n<p>Padrone del centrocampo nel primo tempo, detta tempi e copre tutta la mediana. Cala leggermente nella ripresa, garantendo per\u00f2 sempre la giusta sostanza.<\/p>\n<p>CORPOSO<\/p>\n<p><strong>ZEMURA<\/strong>: 5,5<\/p>\n<p>Ci mette la voglia, la grinta, ma gli mancano i fondamentali. Litiga spesso con la palla, mancando di finalizzare i palloni che i compagni gli affidano con vane speranze. Esce per Goglichidze.<\/p>\n<p>MALDESTRO<\/p>\n<p><strong>EKKELENKAMP<\/strong>: 6<\/p>\n<p>Una partita tra le linee, senza spunti rilevanti. A uno sguardo pi\u00f9 attento, per\u00f2, sar\u00e0 balzata all&#8217;occhio la sua duttilit\u00e0 tattica, che garantisce sempre alla squadra il cambio di passo. Esce per Lovric.<\/p>\n<p>BASILARE<\/p>\n<p><strong>MILLER<\/strong>: 6,5<\/p>\n<p>Lo scozzese si conferma una garanzia. Sempre preciso palla al piede, si spende bene sulla trequarti nelle due fasi. Risulta utile e tangibile il suo contributo alla squadra. Esce per Zarraga.<\/p>\n<p>ADEGUATO<\/p>\n<p><strong>ATTA<\/strong>: 7,5<\/p>\n<p>Si rivede la classe del francese. Difficile togliergli palla dai piedi. Con un gol e un assist e almeno altre due occasioni da rete illumina il gioco dei bianconeri.<\/p>\n<p>ELEGANTE<\/p>\n<p><strong>DAVIS<\/strong>: 8<\/p>\n<p>Smista palloni neanche fosse un distributore automatico. \u00c8 il faro della manovra avanzata dei bianconeri. Segna di prepotenza suggellando una prestazione sugli scudi. Anche dopo quasi 90 minuti di pura energia riesce a portare palla per met\u00e0 campo e provare la via del goal. Esce per Gueye.<\/p>\n<p>MONUMENTALE<\/p>\n<p>_____________________________________<\/p>\n<p>ZARRAGA: s.v.<\/p>\n<p>Entra al posto Miller.<\/p>\n<p>EHIZIBUE: 6<\/p>\n<p>Dentro per Zanoli. Buono per gestire palla e tenerla lontano dalla sua area.<\/p>\n<p>LOVRIC: 6<\/p>\n<p>D\u00e0 il cambio ad Ekkelenkamp. Sfiora la rete con una bella conclusione.<\/p>\n<p>GUEYE: s.v.<\/p>\n<p>Subentra a Davis.<\/p>\n<p>GOGLICHIDZE: s.v.<\/p>\n<p>Quinto cambio per Zemura.<\/p>\n<p>_____________________________________<\/p>\n<p><strong>MISTER RUNJAIC<\/strong>: 7<\/p>\n<p>La scelta dei due centrali sembrava un azzardo, ma alla lunga premia. Con una sola punta chiede ai \u201cpiedi buoni\u201d di fare la differenza e viene ripagato!<\/p>\n<p>ISPIRATO<\/p>\n<p>_____________________________________<\/p>\n<p><strong>CITAZIONE SPECIALE DI OGGI<\/strong><\/p>\n<p>Attaccanti: 5<\/p>\n<p>Pozzo, servirebbe intervenire sul mercato.<\/p>\n<p>&nbsp;<\/p>\n<p>ARBITRO \u2013 Ottima la direzione di gara di Gianluca Manganiello di Pinerolo: una partita facile, arbitrata con tranquillit\u00e0 e con il giusto piglio. Il fischietto piemontese ha privilegiato il fluido svolgimento del gioco, evitando interventi plateali e mantenendo sempre il controllo della situazione senza inutile protagonismo.<\/p>\n<p>VOTO 7.<\/p>\n","protected":false},"excerpt":{"rendered":"<p>Prova di forza dei bianconeri che si impongono al Bentegodi con un netto 3-1. Davis e Atta protagonisti della serata<\/p>\n","protected":false},"author":22,"featured_media":71133,"comment_status":"closed","ping_status":"closed","sticky":false,"template":"","format":"image","meta":{"dwc-title":[""],"dwc-content":[""],"footnotes":""},"categories":[38],"tags":[947,1714,949,1871],"class_list":["post-71131","post","type-post","status-publish","format-image","has-post-thumbnail","hentry","category-sport","tag-calcio","tag-serie-a","tag-udinese","tag-verona","post_format-post-format-image"],"rttpg_featured_image_url":{"full":["https:\/\/imagazine.it\/wp-content\/uploads\/2026\/01\/verona-udinese-26-01-2026-02.jpg",1366,821,false],"landscape":["https:\/\/imagazine.it\/wp-content\/uploads\/2026\/01\/verona-udinese-26-01-2026-02.jpg",1366,821,false],"portraits":["https:\/\/imagazine.it\/wp-content\/uploads\/2026\/01\/verona-udinese-26-01-2026-02.jpg",1366,821,false],"thumbnail":["https:\/\/imagazine.it\/wp-content\/uploads\/2026\/01\/verona-udinese-26-01-2026-02-150x150.jpg",150,150,true],"medium":["https:\/\/imagazine.it\/wp-content\/uploads\/2026\/01\/verona-udinese-26-01-2026-02-300x180.jpg",300,180,true],"large":["https:\/\/imagazine.it\/wp-content\/uploads\/2026\/01\/verona-udinese-26-01-2026-02-1024x615.jpg",640,384,true],"thumblist":["https:\/\/imagazine.it\/wp-content\/uploads\/2026\/01\/verona-udinese-26-01-2026-02-300x300.jpg",300,300,true],"thumbrelated":["https:\/\/imagazine.it\/wp-content\/uploads\/2026\/01\/verona-udinese-26-01-2026-02-500x500.jpg",500,500,true],"meccarouselthumb":["https:\/\/imagazine.it\/wp-content\/uploads\/2026\/01\/verona-udinese-26-01-2026-02-474x324.jpg",474,324,true],"gridsquare":["https:\/\/imagazine.it\/wp-content\/uploads\/2026\/01\/verona-udinese-26-01-2026-02-391x260.jpg",391,260,true],"tileview":["https:\/\/imagazine.it\/wp-content\/uploads\/2026\/01\/verona-udinese-26-01-2026-02-300x400.jpg",300,400,true],"1536x1536":["https:\/\/imagazine.it\/wp-content\/uploads\/2026\/01\/verona-udinese-26-01-2026-02.jpg",1366,821,false],"2048x2048":["https:\/\/imagazine.it\/wp-content\/uploads\/2026\/01\/verona-udinese-26-01-2026-02.jpg",1366,821,false],"newsup-slider-full":["https:\/\/imagazine.it\/wp-content\/uploads\/2026\/01\/verona-udinese-26-01-2026-02-1280x720.jpg",1280,720,true],"newsup-featured":["https:\/\/imagazine.it\/wp-content\/uploads\/2026\/01\/verona-udinese-26-01-2026-02-1024x615.jpg",1024,615,true],"newsup-medium":["https:\/\/imagazine.it\/wp-content\/uploads\/2026\/01\/verona-udinese-26-01-2026-02-720x380.jpg",720,380,true],"tptn_thumbnail":["https:\/\/imagazine.it\/wp-content\/uploads\/2026\/01\/verona-udinese-26-01-2026-02-250x210.jpg",250,210,true],"sow-carousel-default":["https:\/\/imagazine.it\/wp-content\/uploads\/2026\/01\/verona-udinese-26-01-2026-02-272x182.jpg",272,182,true]},"rttpg_author":{"display_name":"Livio Nonis","author_link":"https:\/\/imagazine.it\/home_desk\/author\/nonis\/"},"rttpg_comment":0,"rttpg_category":"<a href=\"https:\/\/imagazine.it\/home_desk\/category\/sport\/\" rel=\"category tag\">SPORT<\/a>","rttpg_excerpt":"Prova di forza dei bianconeri che si impongono al Bentegodi con un netto 3-1. Davis e Atta protagonisti della serata","_links":{"self":[{"href":"https:\/\/imagazine.it\/home_desk\/wp-json\/wp\/v2\/posts\/71131","targetHints":{"allow":["GET"]}}],"collection":[{"href":"https:\/\/imagazine.it\/home_desk\/wp-json\/wp\/v2\/posts"}],"about":[{"href":"https:\/\/imagazine.it\/home_desk\/wp-json\/wp\/v2\/types\/post"}],"author":[{"embeddable":true,"href":"https:\/\/imagazine.it\/home_desk\/wp-json\/wp\/v2\/users\/22"}],"replies":[{"embeddable":true,"href":"https:\/\/imagazine.it\/home_desk\/wp-json\/wp\/v2\/comments?post=71131"}],"version-history":[{"count":1,"href":"https:\/\/imagazine.it\/home_desk\/wp-json\/wp\/v2\/posts\/71131\/revisions"}],"predecessor-version":[{"id":71134,"href":"https:\/\/imagazine.it\/home_desk\/wp-json\/wp\/v2\/posts\/71131\/revisions\/71134"}],"wp:featuredmedia":[{"embeddable":true,"href":"https:\/\/imagazine.it\/home_desk\/wp-json\/wp\/v2\/media\/71133"}],"wp:attachment":[{"href":"https:\/\/imagazine.it\/home_desk\/wp-json\/wp\/v2\/media?parent=71131"}],"wp:term":[{"taxonomy":"category","embeddable":true,"href":"https:\/\/imagazine.it\/home_desk\/wp-json\/wp\/v2\/categories?post=71131"},{"taxonomy":"post_tag","embeddable":true,"href":"https:\/\/imagazine.it\/home_desk\/wp-json\/wp\/v2\/tags?post=71131"}],"curies":[{"name":"wp","href":"https:\/\/api.w.org\/{rel}","templated":true}]}}