{"id":71033,"date":"2026-01-22T16:13:48","date_gmt":"2026-01-22T15:13:48","guid":{"rendered":"https:\/\/imagazine.it\/home_desk\/?p=71033"},"modified":"2026-01-23T17:26:16","modified_gmt":"2026-01-23T16:26:16","slug":"montagna-friulana-accessibile-a-tutti","status":"publish","type":"post","link":"https:\/\/imagazine.it\/home_desk\/montagna-friulana-accessibile-a-tutti\/","title":{"rendered":"Montagna friulana accessibile a tutti"},"content":{"rendered":"<h6>(ph. Mirko Locatelli)<\/h6>\n<p>&nbsp;<\/p>\n<p>TRIESTE \u2013 Rendere le montagne del Friuli Venezia Giulia sempre pi\u00f9 accessibili, accoglienti e fruibili da tutti: \u00e8 questo l\u2019obiettivo di\u00a0<strong>\u201c<em>I AM FVG \u2013 Inclusione e accessibilit\u00e0 per montagne facili da vivere e godere<\/em>\u201d<\/strong>, il nuovo progetto che coinvolger\u00e0 84 Comuni del Friuli Venezia Giulia e vedr\u00e0 l\u2019attivazione di molte iniziative volte al miglioramento dell<strong>\u2019accessibilit\u00e0 delle risorse turistiche delle aree montane sia d\u2019estate che d\u2019inverno.<\/strong><\/p>\n<p>Attraverso\u00a0<strong>rilievi tecnici su strutture, percorsi e servizi turistici<\/strong>, I AM FVG intende fotografare in modo accurato lo stato reale dell\u2019accessibilit\u00e0, individuando criticit\u00e0 e potenzialit\u00e0 su cui intervenire in maniera mirata.<\/p>\n<p>I dati raccolti confluiranno nel portale\u00a0<strong>\u201cFVG per tutti\u201d\u00a0<\/strong><span style=\"text-decoration: underline;\"><a href=\"http:\/\/link.promoturismo.fvg.it\/c\/7\/eyJhaSI6MjAzNzY4NDksImUiOiJtZy1lbmM6SEhWUmthRjlkVjJCRitLdEJqVEZqbXlmNEpEOElCeHUiLCJyaSI6ImNvbnRhY3QtZTQzZjllNjAwZWM3ZWMxMWE3YjYwMDIyNDg5YjUyNzQtZmJlMzk1NDMxYjUyNDY2ZTgwMzM3NjQyNGE3Y2U4NTgiLCJycSI6InAxLWIyNjAyMi0wOTI1MzNmNmQ1YzU0ZWJmOGU0NGFmZTY3MmE3Zjk0NCIsIm0iOmZhbHNlLCJ1aSI6IjYiLCJ1biI6IiIsInUiOiJodHRwczovL2ZyaXVsaXZlbmV6aWFnaXVsaWFwZXJ0dXR0aS5pdC9pdC8_X2NsZGVlPVRERGVIck11aUtDSnFibnZlTEpiV3oyc09GQlZwUTNCME9RMjVSZE83eFBaTU5CSnpvY0djblVxaVMzRFFhRksmcmVjaXBpZW50aWQ9Y29udGFjdC1lNDNmOWU2MDBlYzdlYzExYTdiNjAwMjI0ODliNTI3NC1mYmUzOTU0MzFiNTI0NjZlODAzMzc2NDI0YTdjZTg1OCZlc2lkPTVlYjJkMmEwLTdiZjctZjAxMS04NDA2LTAwMGQzYWI3YjM2YSJ9\/CypNjaO3HymUXhqAMhdfGg\" target=\"_blank\" rel=\"noopener\"><strong>https:\/\/friuliveneziagiuliapertutti.it\/it\/<\/strong><\/a><\/span>, strumento chiave che consente a ogni persona di scegliere in autonomia esperienze, servizi, strutture ricettive e ristoranti in linea con le proprie esigenze.<\/p>\n<p>Accanto alla mappatura, il progetto prevede\u00a0<strong>l\u2019acquisto di ausili e attrezzature inclusive<\/strong>\u00a0e\u00a0<strong>percorsi di formazione<\/strong>\u00a0dedicati agli operatori turistici, culturali e sportivi, con l\u2019obiettivo di rendere l\u2019esperienza in montagna sempre pi\u00f9\u00a0<strong>sicura, autonoma e accessibile<\/strong>.<\/p>\n<p>Un\u2019attenzione particolare \u00e8 riservata anche alla comunicazione, attraverso la produzione di contenuti multimediali e attivit\u00e0 promozionali capaci di valorizzare un\u2019offerta turistica che mette davvero la persona al centro.<\/p>\n<p>Nell\u2019ambito del progetto I AM FVG \u00e8 partito anche il\u00a0<strong>corso di specializzazione per maestri di sci del Friuli Venezia Giulia<\/strong>\u00a0<strong>in \u201cinsegnamento e accompagnamento di persone con disabilit\u00e0\u201d.<\/strong><\/p>\n<p>Organizzato da AMSI FVG e dal Collegio maestri di sci FVG, in collaborazione con PromoTurismoFVG, il corso si svolger\u00e0 fino a marzo e coinvolge 33 maestri, che seguiranno lezioni teoriche e pratiche su disabilit\u00e0 motorie, sensoriali e neurodivergenze, con l\u2019obiettivo di rafforzare competenze e professionalit\u00e0 nell\u2019ottica di uno sci sempre pi\u00f9 inclusivo.<\/p>\n<p>Sono state infine aggiornate e realizzate\u00a0<strong>nuove brochure informative dedicate al turismo accessibile<\/strong>: la pubblicazione \u201cFVG una regione per tutti \u2013 turismo accessibile in FVG\u201d raccoglie l\u2019intera offerta turistica accessibile mappata sul territorio regionale; \u201cUn mare di accessibilit\u00e0\u201d approfondisce invece le risorse turistiche della costa sviluppate nell\u2019ambito del progetto \u201cA mare il mare\u201d; la brochure \u201cFVG \u2013 i posti e i paesi pi\u00f9 belli da visitare\u201d presenta la regione in linguaggio facile da leggere e da capire.<\/p>\n<p>Con I AM FVG, PromoTurismoFVG prosegue un\u00a0<strong>percorso avviato nel 2015\u00a0<\/strong>in collaborazione con la Consulta regionale delle persone con disabilit\u00e0 e delle loro famiglie, che ha reso\u00a0<strong>l\u2019accessibilit\u00e0 una componente strutturale dell\u2019offerta turistica regionale<\/strong>: le attivit\u00e0 hanno riguardato il controllo dei percorsi di visita guidata di PromoTurismoFVG e delle strutture lungo gli itinerari, l\u2019attivazione di un servizio gratuito di mediazione in LIS e la mappatura di itinerari e servizi accessibili in riserve naturali, parchi, borghi storici e fattorie sociali.<\/p>\n<p>Parallelamente sono stati sviluppati progetti tematici come la Strada del Vino e dei Sapori, con l\u2019individuazione di cantine, ristoranti e servizi inclusivi, e iniziative di mappatura urbana con diverse amministrazioni locali.<\/p>\n<p>Completano il quadro i progetti \u201cFVG in Movimento\u201d, \u201cA Mare il Mare\u201d e \u201cI AM FVG\u201d, finalizzati a\u00a0<strong>migliorare l\u2019accessibilit\u00e0 dei servizi turistici nelle aree urbane, costiere e montane della regione<\/strong>.<\/p>\n","protected":false},"excerpt":{"rendered":"<p>Nuovo progetto coinvolger\u00e0 84 Comuni per attivare iniziative volte al miglioramento dell\u2019accessibilit\u00e0 delle risorse turistiche delle aree montane sia d\u2019estate che d\u2019inverno<\/p>\n","protected":false},"author":28,"featured_media":71034,"comment_status":"closed","ping_status":"closed","sticky":false,"template":"","format":"image","meta":{"dwc-title":[""],"dwc-content":[""],"footnotes":""},"categories":[8],"tags":[960,256,885,108,999],"class_list":["post-71033","post","type-post","status-publish","format-image","has-post-thumbnail","hentry","category-turismo","tag-accessibilita","tag-disabilita","tag-inclusione","tag-montagna","tag-turismo","post_format-post-format-image"],"rttpg_featured_image_url":{"full":["https:\/\/imagazine.it\/wp-content\/uploads\/2026\/01\/accessibilita_mirkolocatelli.jpg",1366,795,false],"landscape":["https:\/\/imagazine.it\/wp-content\/uploads\/2026\/01\/accessibilita_mirkolocatelli.jpg",1366,795,false],"portraits":["https:\/\/imagazine.it\/wp-content\/uploads\/2026\/01\/accessibilita_mirkolocatelli.jpg",1366,795,false],"thumbnail":["https:\/\/imagazine.it\/wp-content\/uploads\/2026\/01\/accessibilita_mirkolocatelli-150x150.jpg",150,150,true],"medium":["https:\/\/imagazine.it\/wp-content\/uploads\/2026\/01\/accessibilita_mirkolocatelli-300x175.jpg",300,175,true],"large":["https:\/\/imagazine.it\/wp-content\/uploads\/2026\/01\/accessibilita_mirkolocatelli-1024x596.jpg",640,373,true],"thumblist":["https:\/\/imagazine.it\/wp-content\/uploads\/2026\/01\/accessibilita_mirkolocatelli-300x300.jpg",300,300,true],"thumbrelated":["https:\/\/imagazine.it\/wp-content\/uploads\/2026\/01\/accessibilita_mirkolocatelli-500x500.jpg",500,500,true],"meccarouselthumb":["https:\/\/imagazine.it\/wp-content\/uploads\/2026\/01\/accessibilita_mirkolocatelli-474x324.jpg",474,324,true],"gridsquare":["https:\/\/imagazine.it\/wp-content\/uploads\/2026\/01\/accessibilita_mirkolocatelli-391x260.jpg",391,260,true],"tileview":["https:\/\/imagazine.it\/wp-content\/uploads\/2026\/01\/accessibilita_mirkolocatelli-300x400.jpg",300,400,true],"1536x1536":["https:\/\/imagazine.it\/wp-content\/uploads\/2026\/01\/accessibilita_mirkolocatelli.jpg",1366,795,false],"2048x2048":["https:\/\/imagazine.it\/wp-content\/uploads\/2026\/01\/accessibilita_mirkolocatelli.jpg",1366,795,false],"newsup-slider-full":["https:\/\/imagazine.it\/wp-content\/uploads\/2026\/01\/accessibilita_mirkolocatelli-1280x720.jpg",1280,720,true],"newsup-featured":["https:\/\/imagazine.it\/wp-content\/uploads\/2026\/01\/accessibilita_mirkolocatelli-1024x596.jpg",1024,596,true],"newsup-medium":["https:\/\/imagazine.it\/wp-content\/uploads\/2026\/01\/accessibilita_mirkolocatelli-720x380.jpg",720,380,true],"tptn_thumbnail":["https:\/\/imagazine.it\/wp-content\/uploads\/2026\/01\/accessibilita_mirkolocatelli-250x210.jpg",250,210,true],"sow-carousel-default":["https:\/\/imagazine.it\/wp-content\/uploads\/2026\/01\/accessibilita_mirkolocatelli-272x182.jpg",272,182,true]},"rttpg_author":{"display_name":"redazione","author_link":"https:\/\/imagazine.it\/home_desk\/author\/redazione\/"},"rttpg_comment":0,"rttpg_category":"<a href=\"https:\/\/imagazine.it\/home_desk\/category\/turismo\/\" rel=\"category tag\">TURISMO<\/a>","rttpg_excerpt":"Nuovo progetto coinvolger\u00e0 84 Comuni per attivare iniziative volte al miglioramento dell\u2019accessibilit\u00e0 delle risorse turistiche delle aree montane sia d\u2019estate che d\u2019inverno","_links":{"self":[{"href":"https:\/\/imagazine.it\/home_desk\/wp-json\/wp\/v2\/posts\/71033","targetHints":{"allow":["GET"]}}],"collection":[{"href":"https:\/\/imagazine.it\/home_desk\/wp-json\/wp\/v2\/posts"}],"about":[{"href":"https:\/\/imagazine.it\/home_desk\/wp-json\/wp\/v2\/types\/post"}],"author":[{"embeddable":true,"href":"https:\/\/imagazine.it\/home_desk\/wp-json\/wp\/v2\/users\/28"}],"replies":[{"embeddable":true,"href":"https:\/\/imagazine.it\/home_desk\/wp-json\/wp\/v2\/comments?post=71033"}],"version-history":[{"count":2,"href":"https:\/\/imagazine.it\/home_desk\/wp-json\/wp\/v2\/posts\/71033\/revisions"}],"predecessor-version":[{"id":71036,"href":"https:\/\/imagazine.it\/home_desk\/wp-json\/wp\/v2\/posts\/71033\/revisions\/71036"}],"wp:featuredmedia":[{"embeddable":true,"href":"https:\/\/imagazine.it\/home_desk\/wp-json\/wp\/v2\/media\/71034"}],"wp:attachment":[{"href":"https:\/\/imagazine.it\/home_desk\/wp-json\/wp\/v2\/media?parent=71033"}],"wp:term":[{"taxonomy":"category","embeddable":true,"href":"https:\/\/imagazine.it\/home_desk\/wp-json\/wp\/v2\/categories?post=71033"},{"taxonomy":"post_tag","embeddable":true,"href":"https:\/\/imagazine.it\/home_desk\/wp-json\/wp\/v2\/tags?post=71033"}],"curies":[{"name":"wp","href":"https:\/\/api.w.org\/{rel}","templated":true}]}}