{"id":70342,"date":"2025-12-17T11:56:10","date_gmt":"2025-12-17T10:56:10","guid":{"rendered":"https:\/\/imagazine.it\/home_desk\/?p=70342"},"modified":"2025-12-17T11:56:10","modified_gmt":"2025-12-17T10:56:10","slug":"canta-con-noi-bis-di-beatrice-cesare","status":"publish","type":"post","link":"https:\/\/imagazine.it\/home_desk\/canta-con-noi-bis-di-beatrice-cesare\/","title":{"rendered":"Canta con Noi: bis di Beatrice Cesare"},"content":{"rendered":"<p><span style=\"font-size: 10pt;\"><em>Beatrice Cesare (ph. Claudio Pizzin)<\/em><\/span><\/p>\n<p>PALMANOVA \u2013 Per la seconda volta consecutiva \u00e8 <strong>Beatrice Cesare<\/strong> la vincitrice della quinta edizione del festival canoro inclusivo &#8220;Canta Con Noi&#8221;, organizzato dall\u2019associazione\u00a0PROMETEO87-APS ETS di Cervignano del Friuli, tenutosi nel \u201cTeatro Modena\u201d a Palmanova.<\/p>\n<p>Sul palco si sono sfidati 13 ragazzi di et\u00e0 compresa tra gli\u00a011 e i 20 anni, che hanno entusiasmato il pubblico presente.<\/p>\n<p>Si sono cos\u00ec esibiti <strong>Giorgia Fabbris<\/strong> (con la canzone <em>Canta Ancora<\/em> di Arisa), <strong>Evelina Gottardo<\/strong> (<em>La cura per me<\/em>, Giorgia), <strong>Sean Marchese<\/strong> (<em>Those eyes<\/em>, New West), <strong>Chiara Inguscio<\/strong> (<em>Fallin&#8217;<\/em>, Alicia Keys), <strong>Davide Beraldo<\/strong> (<em>Cinque Giorni<\/em>, Michele Zarrillo), <strong>Gioia Macor<\/strong> (<em>Giudizi Universali<\/em>, Samuele Bersani), <strong>Sara Porro<\/strong> (<em>I&#8217;ll never love again<\/em>, Lady Gaga), <strong>Giorgia Calligaris<\/strong> (<em>No time to die<\/em>, Billie Eilish), <strong>Nancy Poukert<\/strong> (<em>Vertigine<\/em>, Elodie), <strong>Simone Candotto<\/strong> (<em>Un&#8217;artista in cartolina<\/em>, Lorenzo Pilat), <strong>Aurora Anello<\/strong> (<em>Piccola anima<\/em>, Ermal Meta), <strong>Noemi Benardel <\/strong>(<em>People help the people<\/em>, Birdy) e la vincitrice Beatrice Cesare (<em>Hymne \u00e0 l&#8217;amour<\/em>, Edith Piaf).<\/p>\n<p>Ma canta \u201cCanta con noi\u201d non \u00e8 soltanto intrattenimento, ma anche momento di riflessione.<\/p>\n<p>Il messaggio del festival \u00e8 sempre il medesimo: l&#8217;inclusione sociale della persona con disabilit\u00e0. Quest&#8217;anno ci si \u00e8 voluti focalizzare su due temi, ossia la valorizzazione dei talenti delle persone disabili e la normalit\u00e0.<\/p>\n<p>\u201cUna persona con disabilit\u00e0 \u2013 ha affermato il promotore <strong>Salvo Barbera<\/strong> \u2013 deve essere vista come una risorsa e non solo come bisognosa di cura e assistenza, e tanto meno non pu\u00f2 essere considerata in alcun modo non normale. La disabilit\u00e0 fa parte dell&#8217;umanit\u00e0 quindi va abbracciata, non respinta\u201d.<\/p>\n<p>Per quanto riguarda la gara, a completare il podio sono stati Simone Candotto, secondo classificato, e Sara Porro, terza.<\/p>\n<p>Chiara Inguscio si \u00e8 aggiudicata il premio della giuria giornalistica, mentre il pubblico si \u00e8 espresso a favore di Beatrice Cesare.<\/p>\n<div id=\"metaslider-id-70343\" style=\"max-width: 700px;\" class=\"ml-slider-3-108-0 metaslider metaslider-flex metaslider-70343 ml-slider has-dots-nav ms-theme-default-base\" role=\"region\" aria-label=\"Canta con Noi 2025\" data-height=\"500\" data-width=\"700\">\n    <div id=\"metaslider_container_70343\">\n        <div id=\"metaslider_70343\">\n            <ul aria-live='off' class='slides'>\n                <li style=\"display: block; width: 100%;\" class=\"slide-70350 ms-image \" aria-roledescription=\"slide\" data-date=\"2025-12-17 11:49:16\" data-filename=\"Chiara-Inguscio.jpg\" data-slide-type=\"image\"><img loading=\"lazy\" decoding=\"async\" width=\"1000\" height=\"667\" src=\"https:\/\/imagazine.it\/wp-content\/uploads\/2025\/12\/Chiara-Inguscio.jpg\" class=\"slider-70343 slide-70350 msDefaultImage\" alt=\"\" rel=\"\" title=\"_Chiara Inguscio\" srcset=\"https:\/\/imagazine.it\/wp-content\/uploads\/2025\/12\/Chiara-Inguscio.jpg 1000w, https:\/\/imagazine.it\/wp-content\/uploads\/2025\/12\/Chiara-Inguscio-300x200.jpg 300w, https:\/\/imagazine.it\/wp-content\/uploads\/2025\/12\/Chiara-Inguscio-768x512.jpg 768w, https:\/\/imagazine.it\/wp-content\/uploads\/2025\/12\/Chiara-Inguscio-391x260.jpg 391w, https:\/\/imagazine.it\/wp-content\/uploads\/2025\/12\/Chiara-Inguscio-272x182.jpg 272w\" sizes=\"auto, (max-width: 1000px) 100vw, 1000px\"><div class=\"caption-wrap\"><div class=\"caption\"><div>Chiara Inguscio (ph. Claudio Pizzin)<\/div><\/div><\/div><\/li>\n                <li style=\"display: none; width: 100%;\" class=\"slide-70351 ms-image \" aria-roledescription=\"slide\" data-date=\"2025-12-17 11:49:16\" data-filename=\"danza.jpg\" data-slide-type=\"image\"><img loading=\"lazy\" decoding=\"async\" width=\"2048\" height=\"1365\" src=\"https:\/\/imagazine.it\/wp-content\/uploads\/2025\/12\/danza.jpg\" class=\"slider-70343 slide-70351 msDefaultImage\" alt=\"\" rel=\"\" title=\"_danza\" srcset=\"https:\/\/imagazine.it\/wp-content\/uploads\/2025\/12\/danza.jpg 2048w, https:\/\/imagazine.it\/wp-content\/uploads\/2025\/12\/danza-300x200.jpg 300w, https:\/\/imagazine.it\/wp-content\/uploads\/2025\/12\/danza-1024x683.jpg 1024w, https:\/\/imagazine.it\/wp-content\/uploads\/2025\/12\/danza-768x512.jpg 768w, https:\/\/imagazine.it\/wp-content\/uploads\/2025\/12\/danza-391x260.jpg 391w, https:\/\/imagazine.it\/wp-content\/uploads\/2025\/12\/danza-1536x1024.jpg 1536w, https:\/\/imagazine.it\/wp-content\/uploads\/2025\/12\/danza-272x182.jpg 272w\" sizes=\"auto, (max-width: 2048px) 100vw, 2048px\"><div class=\"caption-wrap\"><div class=\"caption\"><div>La scuola di ballo Dance Area (ph. Claudio Pizzin)<\/div><\/div><\/div><\/li>\n                <li style=\"display: none; width: 100%;\" class=\"slide-70352 ms-image \" aria-roledescription=\"slide\" data-date=\"2025-12-17 11:49:16\" data-filename=\"salvo-.jpg\" data-slide-type=\"image\"><img loading=\"lazy\" decoding=\"async\" width=\"1000\" height=\"667\" src=\"https:\/\/imagazine.it\/wp-content\/uploads\/2025\/12\/salvo-.jpg\" class=\"slider-70343 slide-70352 msDefaultImage\" alt=\"\" rel=\"\" title=\"_salvo\" srcset=\"https:\/\/imagazine.it\/wp-content\/uploads\/2025\/12\/salvo-.jpg 1000w, https:\/\/imagazine.it\/wp-content\/uploads\/2025\/12\/salvo--300x200.jpg 300w, https:\/\/imagazine.it\/wp-content\/uploads\/2025\/12\/salvo--768x512.jpg 768w, https:\/\/imagazine.it\/wp-content\/uploads\/2025\/12\/salvo--391x260.jpg 391w, https:\/\/imagazine.it\/wp-content\/uploads\/2025\/12\/salvo--272x182.jpg 272w\" sizes=\"auto, (max-width: 1000px) 100vw, 1000px\"><div class=\"caption-wrap\"><div class=\"caption\"><div>Salvo Barbera con i ragazzi della Prometeo 87 (ph. Claudio Pizzin)<\/div><\/div><\/div><\/li>\n                <li style=\"display: none; width: 100%;\" class=\"slide-70353 ms-image \" aria-roledescription=\"slide\" data-date=\"2025-12-17 11:49:17\" data-filename=\"Sara-Porro.jpg\" data-slide-type=\"image\"><img loading=\"lazy\" decoding=\"async\" width=\"2048\" height=\"1365\" src=\"https:\/\/imagazine.it\/wp-content\/uploads\/2025\/12\/Sara-Porro.jpg\" class=\"slider-70343 slide-70353 msDefaultImage\" alt=\"\" rel=\"\" title=\"_Sara Porro\" srcset=\"https:\/\/imagazine.it\/wp-content\/uploads\/2025\/12\/Sara-Porro.jpg 2048w, https:\/\/imagazine.it\/wp-content\/uploads\/2025\/12\/Sara-Porro-300x200.jpg 300w, https:\/\/imagazine.it\/wp-content\/uploads\/2025\/12\/Sara-Porro-1024x683.jpg 1024w, https:\/\/imagazine.it\/wp-content\/uploads\/2025\/12\/Sara-Porro-768x512.jpg 768w, https:\/\/imagazine.it\/wp-content\/uploads\/2025\/12\/Sara-Porro-391x260.jpg 391w, https:\/\/imagazine.it\/wp-content\/uploads\/2025\/12\/Sara-Porro-1536x1024.jpg 1536w, https:\/\/imagazine.it\/wp-content\/uploads\/2025\/12\/Sara-Porro-272x182.jpg 272w\" sizes=\"auto, (max-width: 2048px) 100vw, 2048px\"><div class=\"caption-wrap\"><div class=\"caption\"><div>Sara Porro (ph. Claudio Pizzin)<\/div><\/div><\/div><\/li>\n                <li style=\"display: none; width: 100%;\" class=\"slide-70354 ms-image \" aria-roledescription=\"slide\" data-date=\"2025-12-17 11:49:17\" data-filename=\"Simone-Candotto.jpg\" data-slide-type=\"image\"><img loading=\"lazy\" decoding=\"async\" width=\"1000\" height=\"667\" src=\"https:\/\/imagazine.it\/wp-content\/uploads\/2025\/12\/Simone-Candotto.jpg\" class=\"slider-70343 slide-70354 msDefaultImage\" alt=\"\" rel=\"\" title=\"_Simone Candotto\" srcset=\"https:\/\/imagazine.it\/wp-content\/uploads\/2025\/12\/Simone-Candotto.jpg 1000w, https:\/\/imagazine.it\/wp-content\/uploads\/2025\/12\/Simone-Candotto-300x200.jpg 300w, https:\/\/imagazine.it\/wp-content\/uploads\/2025\/12\/Simone-Candotto-768x512.jpg 768w, https:\/\/imagazine.it\/wp-content\/uploads\/2025\/12\/Simone-Candotto-391x260.jpg 391w, https:\/\/imagazine.it\/wp-content\/uploads\/2025\/12\/Simone-Candotto-272x182.jpg 272w\" sizes=\"auto, (max-width: 1000px) 100vw, 1000px\"><div class=\"caption-wrap\"><div class=\"caption\"><div>Simone Candotto (ph. Claudio Pizzin)<\/div><\/div><\/div><\/li>\n                <li style=\"display: none; width: 100%;\" class=\"slide-70355 ms-image \" aria-roledescription=\"slide\" data-date=\"2025-12-17 11:49:17\" data-filename=\"Trigeminus.jpg\" data-slide-type=\"image\"><img loading=\"lazy\" decoding=\"async\" width=\"1000\" height=\"667\" src=\"https:\/\/imagazine.it\/wp-content\/uploads\/2025\/12\/Trigeminus.jpg\" class=\"slider-70343 slide-70355 msDefaultImage\" alt=\"\" rel=\"\" title=\"_Trigeminus\" srcset=\"https:\/\/imagazine.it\/wp-content\/uploads\/2025\/12\/Trigeminus.jpg 1000w, https:\/\/imagazine.it\/wp-content\/uploads\/2025\/12\/Trigeminus-300x200.jpg 300w, https:\/\/imagazine.it\/wp-content\/uploads\/2025\/12\/Trigeminus-768x512.jpg 768w, https:\/\/imagazine.it\/wp-content\/uploads\/2025\/12\/Trigeminus-391x260.jpg 391w, https:\/\/imagazine.it\/wp-content\/uploads\/2025\/12\/Trigeminus-272x182.jpg 272w\" sizes=\"auto, (max-width: 1000px) 100vw, 1000px\"><div class=\"caption-wrap\"><div class=\"caption\"><div>I Trigeminus (ph. Claudio Pizzin)<\/div><\/div><\/div><\/li>\n            <\/ul>\n        <\/div>\n        \n    <\/div>\n<\/div>\n<p>Ospiti della serata i <strong>Trigeminus<\/strong>\u00a0\u2013 che hanno fatto ridere il pubblico con i loro sketch, affrontando\u00a0il tema della sicurezza nei luoghi di lavoro \u2013 e le allieve della <strong>scuola di ballo DanceArea<\/strong> di San Giovanni al Natisone.<\/p>\n<p>&#8220;Ringrazio tutti coloro che hanno reso possibile l\u2019evento: dai cantanti alle ballerine, ai fonici, ai cabarettisti, alla squadra antiincendio, passando per i giudici. In particolare ringrazio l&#8217;Amministrazione comunale di Palmanova per il contributo anche quest&#8217;anno concesso: come dico sempre, per noi Palmanova \u00e8 un porto sicuro. Un caloroso ringraziamento va all&#8217;assessor Thomas Trino e al consigliere regionale Francesco Martines, sempre attento e sensibile alle nostre progettualit\u00e0&#8221;, ha concluso Barbera.<\/p>\n","protected":false},"excerpt":{"rendered":"<p>Emozioni e riflessioni durante la quinta edizione del festival canoro inclusivo tenutosi a Palmanova<\/p>\n","protected":false},"author":12,"featured_media":70356,"comment_status":"closed","ping_status":"closed","sticky":false,"template":"","format":"image","meta":{"dwc-title":[""],"dwc-content":[""],"footnotes":""},"categories":[37],"tags":[58,885,55,154],"class_list":["post-70342","post","type-post","status-publish","format-image","has-post-thumbnail","hentry","category-cultura-e-spettacolo","tag-festival","tag-inclusione","tag-musica","tag-palmanova","post_format-post-format-image"],"rttpg_featured_image_url":{"full":["https:\/\/imagazine.it\/wp-content\/uploads\/2025\/12\/Beatrice-Cesare.jpg",1366,798,false],"landscape":["https:\/\/imagazine.it\/wp-content\/uploads\/2025\/12\/Beatrice-Cesare.jpg",1366,798,false],"portraits":["https:\/\/imagazine.it\/wp-content\/uploads\/2025\/12\/Beatrice-Cesare.jpg",1366,798,false],"thumbnail":["https:\/\/imagazine.it\/wp-content\/uploads\/2025\/12\/Beatrice-Cesare-150x150.jpg",150,150,true],"medium":["https:\/\/imagazine.it\/wp-content\/uploads\/2025\/12\/Beatrice-Cesare-300x175.jpg",300,175,true],"large":["https:\/\/imagazine.it\/wp-content\/uploads\/2025\/12\/Beatrice-Cesare-1024x598.jpg",640,374,true],"thumblist":["https:\/\/imagazine.it\/wp-content\/uploads\/2025\/12\/Beatrice-Cesare-300x300.jpg",300,300,true],"thumbrelated":["https:\/\/imagazine.it\/wp-content\/uploads\/2025\/12\/Beatrice-Cesare-500x500.jpg",500,500,true],"meccarouselthumb":["https:\/\/imagazine.it\/wp-content\/uploads\/2025\/12\/Beatrice-Cesare-474x324.jpg",474,324,true],"gridsquare":["https:\/\/imagazine.it\/wp-content\/uploads\/2025\/12\/Beatrice-Cesare-391x260.jpg",391,260,true],"tileview":["https:\/\/imagazine.it\/wp-content\/uploads\/2025\/12\/Beatrice-Cesare-300x400.jpg",300,400,true],"1536x1536":["https:\/\/imagazine.it\/wp-content\/uploads\/2025\/12\/Beatrice-Cesare.jpg",1366,798,false],"2048x2048":["https:\/\/imagazine.it\/wp-content\/uploads\/2025\/12\/Beatrice-Cesare.jpg",1366,798,false],"newsup-slider-full":["https:\/\/imagazine.it\/wp-content\/uploads\/2025\/12\/Beatrice-Cesare-1280x720.jpg",1280,720,true],"newsup-featured":["https:\/\/imagazine.it\/wp-content\/uploads\/2025\/12\/Beatrice-Cesare-1024x598.jpg",1024,598,true],"newsup-medium":["https:\/\/imagazine.it\/wp-content\/uploads\/2025\/12\/Beatrice-Cesare-720x380.jpg",720,380,true],"tptn_thumbnail":["https:\/\/imagazine.it\/wp-content\/uploads\/2025\/12\/Beatrice-Cesare-250x210.jpg",250,210,true],"sow-carousel-default":["https:\/\/imagazine.it\/wp-content\/uploads\/2025\/12\/Beatrice-Cesare-272x182.jpg",272,182,true]},"rttpg_author":{"display_name":"Claudio Pizzin","author_link":"https:\/\/imagazine.it\/home_desk\/author\/pizzin\/"},"rttpg_comment":0,"rttpg_category":"<a href=\"https:\/\/imagazine.it\/home_desk\/category\/cultura-e-spettacolo\/\" rel=\"category tag\">CULTURA&amp;SPETTACOLO<\/a>","rttpg_excerpt":"Emozioni e riflessioni durante la quinta edizione del festival canoro inclusivo tenutosi a Palmanova","_links":{"self":[{"href":"https:\/\/imagazine.it\/home_desk\/wp-json\/wp\/v2\/posts\/70342","targetHints":{"allow":["GET"]}}],"collection":[{"href":"https:\/\/imagazine.it\/home_desk\/wp-json\/wp\/v2\/posts"}],"about":[{"href":"https:\/\/imagazine.it\/home_desk\/wp-json\/wp\/v2\/types\/post"}],"author":[{"embeddable":true,"href":"https:\/\/imagazine.it\/home_desk\/wp-json\/wp\/v2\/users\/12"}],"replies":[{"embeddable":true,"href":"https:\/\/imagazine.it\/home_desk\/wp-json\/wp\/v2\/comments?post=70342"}],"version-history":[{"count":2,"href":"https:\/\/imagazine.it\/home_desk\/wp-json\/wp\/v2\/posts\/70342\/revisions"}],"predecessor-version":[{"id":70358,"href":"https:\/\/imagazine.it\/home_desk\/wp-json\/wp\/v2\/posts\/70342\/revisions\/70358"}],"wp:featuredmedia":[{"embeddable":true,"href":"https:\/\/imagazine.it\/home_desk\/wp-json\/wp\/v2\/media\/70356"}],"wp:attachment":[{"href":"https:\/\/imagazine.it\/home_desk\/wp-json\/wp\/v2\/media?parent=70342"}],"wp:term":[{"taxonomy":"category","embeddable":true,"href":"https:\/\/imagazine.it\/home_desk\/wp-json\/wp\/v2\/categories?post=70342"},{"taxonomy":"post_tag","embeddable":true,"href":"https:\/\/imagazine.it\/home_desk\/wp-json\/wp\/v2\/tags?post=70342"}],"curies":[{"name":"wp","href":"https:\/\/api.w.org\/{rel}","templated":true}]}}