{"id":70336,"date":"2025-12-17T10:01:49","date_gmt":"2025-12-17T09:01:49","guid":{"rendered":"https:\/\/imagazine.it\/home_desk\/?p=70336"},"modified":"2025-12-18T18:04:35","modified_gmt":"2025-12-18T17:04:35","slug":"la-quotidianita-dun-tempo-del-castello-di-gorizia","status":"publish","type":"post","link":"https:\/\/imagazine.it\/home_desk\/la-quotidianita-dun-tempo-del-castello-di-gorizia\/","title":{"rendered":"La quotidianit\u00e0 d&#8217;un tempo del Castello di Gorizia"},"content":{"rendered":"<p><span style=\"font-size: 10pt;\"><em>Il Castello di Gorizia<\/em><\/span><\/p>\n<p>GORIZIA \u2013 Una nuova <strong>proposta multimediale<\/strong> interesser\u00e0 il Castello di Gorizia.<\/p>\n<p>Da venerd\u00ec 19 dicembre a sabato 31 gennaio la <strong>Corte dei Lanzi<\/strong> far\u00e0 da cornice agli <strong>spettacoli di video mapping<\/strong> tematico dal titolo \u201c<em>Nel Castello tra Conti e cavalieri, dame e servitori<\/em>\u201d, realizzato nell&#8217;ambito del progetto Bando Borghi.<\/p>\n<p>Le proiezioni, della durata di 15 minuti, saranno a ingresso gratuito e saranno proposte in due momenti, alle 18.30 e alle 19.30, in tutti i giorni di apertura al pubblico.<\/p>\n<p>La proiezione di immagini, luci e suoni \u00e8 resa possibile grazie al contributo e alla collaborazione del Ministero della Cultura, della Regione Friuli Venezia Giulia, dell&#8217;EDR Gorizia e dell&#8217;ERPAC, ed \u00e8 stata messa a punto per il Comune di Gorizia dalla Ditta ETT di Genova.<\/p>\n<p>Grazie a <strong>sei proiettori<\/strong>, per un totale di <strong>86.500 lumen<\/strong>, lo spettatore sar\u00e0 immerso nella vita quotidiana del Castello, incontrando i personaggi che lo abitavano. Ma non sono: i visitatori a loro volta saranno protagonisti di momenti caratteristici come danze, feste, banchetti, investiture cavalleresche e d\u2019armi.<\/p>\n<p>Gli spettacoli non si svolgeranno mercoled\u00ec 24 e mercoled\u00ec 31 dicembre e nei giorni di chiusura al pubblico del Castello, quindi i luned\u00ec, a Natale e a Capodanno.<\/p>\n<p>Il maniero \u00e8 aperto da marted\u00ec a domenica con orario 10-18 (ultimo ingresso alle 17.15). Nel periodo delle feste il Castello sar\u00e0 visitabile anche il giorno dell&#8217;Epifania, marted\u00ec 6 gennaio.<\/p>\n","protected":false},"excerpt":{"rendered":"<p>Spettacoli di video mapping con immagini, luci e suoni per immergere lo spettatore nella vita dell&#8217;epoca del maniero, incontrando i personaggi che lo abitavano<\/p>\n","protected":false},"author":28,"featured_media":70337,"comment_status":"closed","ping_status":"closed","sticky":false,"template":"","format":"image","meta":{"dwc-title":[""],"dwc-content":[""],"footnotes":""},"categories":[37],"tags":[386,43,568,976],"class_list":["post-70336","post","type-post","status-publish","format-image","has-post-thumbnail","hentry","category-cultura-e-spettacolo","tag-castello","tag-gorizia","tag-storia","tag-tecnologia","post_format-post-format-image"],"rttpg_featured_image_url":{"full":["https:\/\/imagazine.it\/wp-content\/uploads\/2025\/12\/Castello-esterni-1.jpg",1366,871,false],"landscape":["https:\/\/imagazine.it\/wp-content\/uploads\/2025\/12\/Castello-esterni-1.jpg",1366,871,false],"portraits":["https:\/\/imagazine.it\/wp-content\/uploads\/2025\/12\/Castello-esterni-1.jpg",1366,871,false],"thumbnail":["https:\/\/imagazine.it\/wp-content\/uploads\/2025\/12\/Castello-esterni-1-150x150.jpg",150,150,true],"medium":["https:\/\/imagazine.it\/wp-content\/uploads\/2025\/12\/Castello-esterni-1-300x191.jpg",300,191,true],"large":["https:\/\/imagazine.it\/wp-content\/uploads\/2025\/12\/Castello-esterni-1-1024x653.jpg",640,408,true],"thumblist":["https:\/\/imagazine.it\/wp-content\/uploads\/2025\/12\/Castello-esterni-1-300x300.jpg",300,300,true],"thumbrelated":["https:\/\/imagazine.it\/wp-content\/uploads\/2025\/12\/Castello-esterni-1-500x500.jpg",500,500,true],"meccarouselthumb":["https:\/\/imagazine.it\/wp-content\/uploads\/2025\/12\/Castello-esterni-1-474x324.jpg",474,324,true],"gridsquare":["https:\/\/imagazine.it\/wp-content\/uploads\/2025\/12\/Castello-esterni-1-391x260.jpg",391,260,true],"tileview":["https:\/\/imagazine.it\/wp-content\/uploads\/2025\/12\/Castello-esterni-1-300x400.jpg",300,400,true],"1536x1536":["https:\/\/imagazine.it\/wp-content\/uploads\/2025\/12\/Castello-esterni-1.jpg",1366,871,false],"2048x2048":["https:\/\/imagazine.it\/wp-content\/uploads\/2025\/12\/Castello-esterni-1.jpg",1366,871,false],"newsup-slider-full":["https:\/\/imagazine.it\/wp-content\/uploads\/2025\/12\/Castello-esterni-1-1280x720.jpg",1280,720,true],"newsup-featured":["https:\/\/imagazine.it\/wp-content\/uploads\/2025\/12\/Castello-esterni-1-1024x653.jpg",1024,653,true],"newsup-medium":["https:\/\/imagazine.it\/wp-content\/uploads\/2025\/12\/Castello-esterni-1-720x380.jpg",720,380,true],"tptn_thumbnail":["https:\/\/imagazine.it\/wp-content\/uploads\/2025\/12\/Castello-esterni-1-250x210.jpg",250,210,true],"sow-carousel-default":["https:\/\/imagazine.it\/wp-content\/uploads\/2025\/12\/Castello-esterni-1-272x182.jpg",272,182,true]},"rttpg_author":{"display_name":"redazione","author_link":"https:\/\/imagazine.it\/home_desk\/author\/redazione\/"},"rttpg_comment":0,"rttpg_category":"<a href=\"https:\/\/imagazine.it\/home_desk\/category\/cultura-e-spettacolo\/\" rel=\"category tag\">CULTURA&amp;SPETTACOLO<\/a>","rttpg_excerpt":"Spettacoli di video mapping con immagini, luci e suoni per immergere lo spettatore nella vita dell'epoca del maniero, incontrando i personaggi che lo abitavano","_links":{"self":[{"href":"https:\/\/imagazine.it\/home_desk\/wp-json\/wp\/v2\/posts\/70336","targetHints":{"allow":["GET"]}}],"collection":[{"href":"https:\/\/imagazine.it\/home_desk\/wp-json\/wp\/v2\/posts"}],"about":[{"href":"https:\/\/imagazine.it\/home_desk\/wp-json\/wp\/v2\/types\/post"}],"author":[{"embeddable":true,"href":"https:\/\/imagazine.it\/home_desk\/wp-json\/wp\/v2\/users\/28"}],"replies":[{"embeddable":true,"href":"https:\/\/imagazine.it\/home_desk\/wp-json\/wp\/v2\/comments?post=70336"}],"version-history":[{"count":4,"href":"https:\/\/imagazine.it\/home_desk\/wp-json\/wp\/v2\/posts\/70336\/revisions"}],"predecessor-version":[{"id":70341,"href":"https:\/\/imagazine.it\/home_desk\/wp-json\/wp\/v2\/posts\/70336\/revisions\/70341"}],"wp:featuredmedia":[{"embeddable":true,"href":"https:\/\/imagazine.it\/home_desk\/wp-json\/wp\/v2\/media\/70337"}],"wp:attachment":[{"href":"https:\/\/imagazine.it\/home_desk\/wp-json\/wp\/v2\/media?parent=70336"}],"wp:term":[{"taxonomy":"category","embeddable":true,"href":"https:\/\/imagazine.it\/home_desk\/wp-json\/wp\/v2\/categories?post=70336"},{"taxonomy":"post_tag","embeddable":true,"href":"https:\/\/imagazine.it\/home_desk\/wp-json\/wp\/v2\/tags?post=70336"}],"curies":[{"name":"wp","href":"https:\/\/api.w.org\/{rel}","templated":true}]}}