{"id":70332,"date":"2025-12-16T18:46:27","date_gmt":"2025-12-16T17:46:27","guid":{"rendered":"https:\/\/imagazine.it\/home_desk\/?p=70332"},"modified":"2025-12-16T18:46:27","modified_gmt":"2025-12-16T17:46:27","slug":"nuovi-successi-per-il-karate-strassoldo","status":"publish","type":"post","link":"https:\/\/imagazine.it\/home_desk\/nuovi-successi-per-il-karate-strassoldo\/","title":{"rendered":"Nuovi successi per il Karate Strassoldo"},"content":{"rendered":"<p><span style=\"font-size: 10pt;\"><em>L&#8217;ASD Karate Strassoldo a Borgoricco<\/em><\/span><\/p>\n<p>CERVIGNANO DEL FRIULI \u2013 Show dell\u2019<strong>ASD Karate Strassoldo<\/strong> al Palestraelle di Borgoricco, nel <strong>6\u00b0 Trofeo DKKC<\/strong>, manifestazione capace di richiamare oltre 35 societ\u00e0 e pi\u00f9 di 330 atleti.<\/p>\n<p>La squadra guidata da <strong>Michael Zamaro<\/strong> ha sbaragliato la concorrenza sul tatami, chiudendo la giornata con un bottino di <strong>30 podi complessivi<\/strong>: <strong>14 medaglie d\u2019oro, 7 d\u2019argento e 9 di bronzo<\/strong>. Risultati maturati nelle diverse prove in programma \u2014 kata, percorso, palloncino e kumite \u2014 e frutto di una preparazione completa, capace di coniugare tecnica, velocit\u00e0 e spirito combattivo.<\/p>\n<p>Prestazioni solide e continue che hanno permesso alla societ\u00e0 friulana di centrare anche il <strong>secondo posto nella classifica generale per societ\u00e0<\/strong>, alle spalle soltanto dei padroni di casa, al termine di una gara serrata e combattuta fino all\u2019ultimo minuto.<\/p>\n<p>Il Trofeo DKKC ha regalato una giornata di karate intenso e appassionato, con il Palestraelle trasformato in un\u2019arena vibrante di pubblico, tifo ed emozioni.<\/p>\n<p>In questo contesto, gli atleti di Zamaro hanno saputo distinguersi per maturit\u00e0 agonistica, concentrazione e rispetto dei valori marziali, confermando la crescita costante di un progetto sportivo ormai consolidato.<\/p>\n<p>Per l\u2019ASD Karate Strassoldo si tratta di un risultato di grande peso, che certifica il valore del lavoro svolto in palestra e proietta la societ\u00e0 friulana tra le realt\u00e0 pi\u00f9 competitive del panorama regionale.<\/p>\n","protected":false},"excerpt":{"rendered":"<p>I giovani atleti guidati da Michael Zamaro hanno conquistato 30 medaglie al Trofeo DKKC e il secondo posto in classifica generale<\/p>\n","protected":false},"author":28,"featured_media":70333,"comment_status":"closed","ping_status":"closed","sticky":false,"template":"","format":"image","meta":{"dwc-title":[""],"dwc-content":[""],"footnotes":""},"categories":[38],"tags":[119,487,120],"class_list":["post-70332","post","type-post","status-publish","format-image","has-post-thumbnail","hentry","category-sport","tag-cervignano","tag-karate","tag-strassoldo","post_format-post-format-image"],"rttpg_featured_image_url":{"full":["https:\/\/imagazine.it\/wp-content\/uploads\/2025\/12\/borgoricco.jpg",1366,799,false],"landscape":["https:\/\/imagazine.it\/wp-content\/uploads\/2025\/12\/borgoricco.jpg",1366,799,false],"portraits":["https:\/\/imagazine.it\/wp-content\/uploads\/2025\/12\/borgoricco.jpg",1366,799,false],"thumbnail":["https:\/\/imagazine.it\/wp-content\/uploads\/2025\/12\/borgoricco-150x150.jpg",150,150,true],"medium":["https:\/\/imagazine.it\/wp-content\/uploads\/2025\/12\/borgoricco-300x175.jpg",300,175,true],"large":["https:\/\/imagazine.it\/wp-content\/uploads\/2025\/12\/borgoricco-1024x599.jpg",640,374,true],"thumblist":["https:\/\/imagazine.it\/wp-content\/uploads\/2025\/12\/borgoricco-300x300.jpg",300,300,true],"thumbrelated":["https:\/\/imagazine.it\/wp-content\/uploads\/2025\/12\/borgoricco-500x500.jpg",500,500,true],"meccarouselthumb":["https:\/\/imagazine.it\/wp-content\/uploads\/2025\/12\/borgoricco-474x324.jpg",474,324,true],"gridsquare":["https:\/\/imagazine.it\/wp-content\/uploads\/2025\/12\/borgoricco-391x260.jpg",391,260,true],"tileview":["https:\/\/imagazine.it\/wp-content\/uploads\/2025\/12\/borgoricco-300x400.jpg",300,400,true],"1536x1536":["https:\/\/imagazine.it\/wp-content\/uploads\/2025\/12\/borgoricco.jpg",1366,799,false],"2048x2048":["https:\/\/imagazine.it\/wp-content\/uploads\/2025\/12\/borgoricco.jpg",1366,799,false],"newsup-slider-full":["https:\/\/imagazine.it\/wp-content\/uploads\/2025\/12\/borgoricco-1280x720.jpg",1280,720,true],"newsup-featured":["https:\/\/imagazine.it\/wp-content\/uploads\/2025\/12\/borgoricco-1024x599.jpg",1024,599,true],"newsup-medium":["https:\/\/imagazine.it\/wp-content\/uploads\/2025\/12\/borgoricco-720x380.jpg",720,380,true],"tptn_thumbnail":["https:\/\/imagazine.it\/wp-content\/uploads\/2025\/12\/borgoricco-250x210.jpg",250,210,true],"sow-carousel-default":["https:\/\/imagazine.it\/wp-content\/uploads\/2025\/12\/borgoricco-272x182.jpg",272,182,true]},"rttpg_author":{"display_name":"redazione","author_link":"https:\/\/imagazine.it\/home_desk\/author\/redazione\/"},"rttpg_comment":0,"rttpg_category":"<a href=\"https:\/\/imagazine.it\/home_desk\/category\/sport\/\" rel=\"category tag\">SPORT<\/a>","rttpg_excerpt":"I giovani atleti guidati da Michael Zamaro hanno conquistato 30 medaglie al Trofeo DKKC e il secondo posto in classifica generale","_links":{"self":[{"href":"https:\/\/imagazine.it\/home_desk\/wp-json\/wp\/v2\/posts\/70332","targetHints":{"allow":["GET"]}}],"collection":[{"href":"https:\/\/imagazine.it\/home_desk\/wp-json\/wp\/v2\/posts"}],"about":[{"href":"https:\/\/imagazine.it\/home_desk\/wp-json\/wp\/v2\/types\/post"}],"author":[{"embeddable":true,"href":"https:\/\/imagazine.it\/home_desk\/wp-json\/wp\/v2\/users\/28"}],"replies":[{"embeddable":true,"href":"https:\/\/imagazine.it\/home_desk\/wp-json\/wp\/v2\/comments?post=70332"}],"version-history":[{"count":2,"href":"https:\/\/imagazine.it\/home_desk\/wp-json\/wp\/v2\/posts\/70332\/revisions"}],"predecessor-version":[{"id":70335,"href":"https:\/\/imagazine.it\/home_desk\/wp-json\/wp\/v2\/posts\/70332\/revisions\/70335"}],"wp:featuredmedia":[{"embeddable":true,"href":"https:\/\/imagazine.it\/home_desk\/wp-json\/wp\/v2\/media\/70333"}],"wp:attachment":[{"href":"https:\/\/imagazine.it\/home_desk\/wp-json\/wp\/v2\/media?parent=70332"}],"wp:term":[{"taxonomy":"category","embeddable":true,"href":"https:\/\/imagazine.it\/home_desk\/wp-json\/wp\/v2\/categories?post=70332"},{"taxonomy":"post_tag","embeddable":true,"href":"https:\/\/imagazine.it\/home_desk\/wp-json\/wp\/v2\/tags?post=70332"}],"curies":[{"name":"wp","href":"https:\/\/api.w.org\/{rel}","templated":true}]}}