{"id":70328,"date":"2025-12-16T18:27:54","date_gmt":"2025-12-16T17:27:54","guid":{"rendered":"https:\/\/imagazine.it\/home_desk\/?p=70328"},"modified":"2025-12-18T16:11:35","modified_gmt":"2025-12-18T15:11:35","slug":"premio-zalaegerszeg-a-maurizio-gualdi","status":"publish","type":"post","link":"https:\/\/imagazine.it\/home_desk\/premio-zalaegerszeg-a-maurizio-gualdi\/","title":{"rendered":"Premio &#8220;Zalaegerszeg&#8221; a Maurizio Gualdi"},"content":{"rendered":"<p><span style=\"font-size: 10pt;\"><em>Maurizio Gualdi, in centro, con il premio in mano (ph. Comune di Zalaegerszeg)<\/em><\/span><\/p>\n<p>GORIZIA \u2013 Il Consiglio comunale di Zalaegerszeg, citt\u00e0 ungherese gemellata con Gorizia, ha conferito all\u2019unanimit\u00e0 il <em>Premio Zalaegerszeg<\/em> a <strong>Maurizio Gualdi<\/strong>, presidente dello <strong>Sci Club Monte Calvario di Lucinico<\/strong>.<\/p>\n<p>Nello scorso fine settimana si \u00e8 tenuta la cerimonia di consegna nella sala dei ricevimenti e del consiglio comunale della localit\u00e0 magiara.<\/p>\n<p>Il premio, una sorta di \u201c<em>cittadinanza onoraria<\/em>\u201d, viene assegnato ogni anno a personalit\u00e0 che si sono particolarmente distinte in diversi ambiti, contribuendo a onorare il nome della citt\u00e0 ungherese.<\/p>\n<p>Alla cerimonia solenne hanno preso parte, oltre alle autorit\u00e0 civili, militari e religiose dell\u2019intera provincia, anche il viceministro <strong>Mikl\u00f3s Panyi<\/strong>, segretario di Stato per il Parlamento e la strategia.<\/p>\n<p>Dal sindaco di Zalaegerszeg, <strong>Balaicz Zolt\u00e1n<\/strong>, sono stati premiati altri sette cittadini ungheresi, oltre a Gualdi, unico straniero insignito del riconoscimento.<\/p>\n<p>Un percorso che lo affianca a Fabio Gentile, gi\u00e0 vicesindaco di Gorizia, che aveva ricevuto lo stesso premio nel 2021 per aver portato a compimento il gemellaggio tra le due citt\u00e0 e per l\u2019attivit\u00e0 di promozione che svolge tutt\u2019ora \u2013 anche insieme a Gualdi \u2013 a favore di tutto il Friuli Venezia Giulia.<\/p>\n<p>Il sindaco Zolt\u00e1n ha letto le motivazioni ufficiali del conferimento:<\/p>\n<p><em>\u201cMaurizio Gualdi \u00e8 Presidente dello Sci Club Monte Calvario di Lucinico (Gorizia). \u00c8 stato consigliere comunale per diversi mandati, \u00e8 padre di due figli e nonno di cinque. \u00c8 un personaggio attivo della vita pubblica di Gorizia, citt\u00e0 gemellata di Zalaegerszeg, e ha creduto fermamente nello sviluppo dei rapporti di gemellaggio all&#8217;inizio del 2010. Ha accompagnato gruppi turistici a Zalaegerszeg in diverse occasioni per promuovere la citt\u00e0 gemellata ungherese e far conoscere al maggior numero possibile di suoi connazionali la cultura, i luoghi d&#8217;interesse e le attrazioni della cittadina circondata dalle colline di Zala. Ha visto l&#8217;opportunit\u00e0 di ampliare la collaborazione nella gestione di uno stand di Gorizia. Da oltre dieci anni presenta l&#8217;offerta gastronomica e le tradizioni di Gorizia e della sua regione al Festival di Egerszeg, ponendo l&#8217;accento ogni anno su una nuova specialit\u00e0 culinaria. Maurizio riteneva importante che Gorizia non solo fosse presente al Festival di Egerszeg, ma fosse anche rappresentata alla Festa del Goulash, della Caccia e del Vino, dove inizialmente ha partecipato con solo due cuochi ma da alcuni anni con ben due team di cucina e decine di goriziani. Oltre ai piatti di selvaggina di Zala, vengono servite anche specialit\u00e0 tipiche del Friuli Venezia Giulia, offrendo ai cittadini della nostra citt\u00e0 un assaggio dei capolavori della cucina italiana. Grazie all&#8217;attivit\u00e0 organizzativa di Maurizio Gualdi, negli ultimi quindici anni sono nate numerose amicizie e sono stati implementati programmi congiunti, tutti esempi di un gemellaggio ben funzionante\u201d.<\/em><\/p>\n<p>A testimonianza del profondo legame culturale e di amicizia che Gualdi ha sempre promosso nell\u2019unione Gorizia-Zalaegerszeg, anche in questa occasione, alla presenza dei familiari pi\u00f9 stretti e di numerosi amici, dopo la premiazione \u2013 accompagnato da due amici in costume tipico friulano dei <em>\u201cDanzerini di Lucinico\u201d<\/em> \u2013 ha consegnato al sindaco e al viceministro una Pigotta dell\u2019Unicef in edizione speciale, vestita con i colori di <em>GO! 2025<\/em>, e l\u2019emissione postale commemorativa dei francobolli italiani dedicati all\u2019evento, realizzati dalla Zecca di Stato in un elegantissimo pannello con immagini della citt\u00e0 isontina.<\/p>\n<p>Al termine della cerimonia, la delegazione goriziana, insieme a diversi consiglieri comunali locali e funzionari, ha visitato il Giardino di Natale allestito dal Comune di Zalaegerszeg nella piazza principale.<\/p>\n<p>Tra brindisi e festeggiamenti, la comitiva di Gorizia \u2013 con Babbo Natale, elfi e un suggestivo albero di Natale vivente \u2013 ha distribuito doni, caramelle e cioccolatini ai numerosi bambini che, seppur infreddoliti, hanno animato la piazza ammirando gli spettacoli canori e le luci dell\u2019Avvento.<\/p>\n","protected":false},"excerpt":{"rendered":"<p>Il presidente dello Sci Club Monte Calvario di Lucinico insignito del riconoscimento da parte della citt\u00e0 ungherese gemellata con Gorizia<\/p>\n","protected":false},"author":28,"featured_media":70329,"comment_status":"closed","ping_status":"closed","sticky":false,"template":"","format":"image","meta":{"dwc-title":[""],"dwc-content":[""],"footnotes":""},"categories":[5],"tags":[43,2419,540,2341],"class_list":["post-70328","post","type-post","status-publish","format-image","has-post-thumbnail","hentry","category-attualita","tag-gorizia","tag-lucinico","tag-premi","tag-ungheria","post_format-post-format-image"],"rttpg_featured_image_url":{"full":["https:\/\/imagazine.it\/wp-content\/uploads\/2025\/12\/Gualdi_Zalaegerszeg1.jpg",1366,779,false],"landscape":["https:\/\/imagazine.it\/wp-content\/uploads\/2025\/12\/Gualdi_Zalaegerszeg1.jpg",1366,779,false],"portraits":["https:\/\/imagazine.it\/wp-content\/uploads\/2025\/12\/Gualdi_Zalaegerszeg1.jpg",1366,779,false],"thumbnail":["https:\/\/imagazine.it\/wp-content\/uploads\/2025\/12\/Gualdi_Zalaegerszeg1-150x150.jpg",150,150,true],"medium":["https:\/\/imagazine.it\/wp-content\/uploads\/2025\/12\/Gualdi_Zalaegerszeg1-300x171.jpg",300,171,true],"large":["https:\/\/imagazine.it\/wp-content\/uploads\/2025\/12\/Gualdi_Zalaegerszeg1-1024x584.jpg",640,365,true],"thumblist":["https:\/\/imagazine.it\/wp-content\/uploads\/2025\/12\/Gualdi_Zalaegerszeg1-300x300.jpg",300,300,true],"thumbrelated":["https:\/\/imagazine.it\/wp-content\/uploads\/2025\/12\/Gualdi_Zalaegerszeg1-500x500.jpg",500,500,true],"meccarouselthumb":["https:\/\/imagazine.it\/wp-content\/uploads\/2025\/12\/Gualdi_Zalaegerszeg1-474x324.jpg",474,324,true],"gridsquare":["https:\/\/imagazine.it\/wp-content\/uploads\/2025\/12\/Gualdi_Zalaegerszeg1-391x260.jpg",391,260,true],"tileview":["https:\/\/imagazine.it\/wp-content\/uploads\/2025\/12\/Gualdi_Zalaegerszeg1-300x400.jpg",300,400,true],"1536x1536":["https:\/\/imagazine.it\/wp-content\/uploads\/2025\/12\/Gualdi_Zalaegerszeg1.jpg",1366,779,false],"2048x2048":["https:\/\/imagazine.it\/wp-content\/uploads\/2025\/12\/Gualdi_Zalaegerszeg1.jpg",1366,779,false],"newsup-slider-full":["https:\/\/imagazine.it\/wp-content\/uploads\/2025\/12\/Gualdi_Zalaegerszeg1-1280x720.jpg",1280,720,true],"newsup-featured":["https:\/\/imagazine.it\/wp-content\/uploads\/2025\/12\/Gualdi_Zalaegerszeg1-1024x584.jpg",1024,584,true],"newsup-medium":["https:\/\/imagazine.it\/wp-content\/uploads\/2025\/12\/Gualdi_Zalaegerszeg1-720x380.jpg",720,380,true],"tptn_thumbnail":["https:\/\/imagazine.it\/wp-content\/uploads\/2025\/12\/Gualdi_Zalaegerszeg1-250x210.jpg",250,210,true],"sow-carousel-default":["https:\/\/imagazine.it\/wp-content\/uploads\/2025\/12\/Gualdi_Zalaegerszeg1-272x182.jpg",272,182,true]},"rttpg_author":{"display_name":"redazione","author_link":"https:\/\/imagazine.it\/home_desk\/author\/redazione\/"},"rttpg_comment":0,"rttpg_category":"<a href=\"https:\/\/imagazine.it\/home_desk\/category\/attualita\/\" rel=\"category tag\">ATTUALIT\u00c0<\/a>","rttpg_excerpt":"Il presidente dello Sci Club Monte Calvario di Lucinico insignito del riconoscimento da parte della citt\u00e0 ungherese gemellata con Gorizia","_links":{"self":[{"href":"https:\/\/imagazine.it\/home_desk\/wp-json\/wp\/v2\/posts\/70328","targetHints":{"allow":["GET"]}}],"collection":[{"href":"https:\/\/imagazine.it\/home_desk\/wp-json\/wp\/v2\/posts"}],"about":[{"href":"https:\/\/imagazine.it\/home_desk\/wp-json\/wp\/v2\/types\/post"}],"author":[{"embeddable":true,"href":"https:\/\/imagazine.it\/home_desk\/wp-json\/wp\/v2\/users\/28"}],"replies":[{"embeddable":true,"href":"https:\/\/imagazine.it\/home_desk\/wp-json\/wp\/v2\/comments?post=70328"}],"version-history":[{"count":2,"href":"https:\/\/imagazine.it\/home_desk\/wp-json\/wp\/v2\/posts\/70328\/revisions"}],"predecessor-version":[{"id":70331,"href":"https:\/\/imagazine.it\/home_desk\/wp-json\/wp\/v2\/posts\/70328\/revisions\/70331"}],"wp:featuredmedia":[{"embeddable":true,"href":"https:\/\/imagazine.it\/home_desk\/wp-json\/wp\/v2\/media\/70329"}],"wp:attachment":[{"href":"https:\/\/imagazine.it\/home_desk\/wp-json\/wp\/v2\/media?parent=70328"}],"wp:term":[{"taxonomy":"category","embeddable":true,"href":"https:\/\/imagazine.it\/home_desk\/wp-json\/wp\/v2\/categories?post=70328"},{"taxonomy":"post_tag","embeddable":true,"href":"https:\/\/imagazine.it\/home_desk\/wp-json\/wp\/v2\/tags?post=70328"}],"curies":[{"name":"wp","href":"https:\/\/api.w.org\/{rel}","templated":true}]}}