{"id":70309,"date":"2025-12-16T14:52:48","date_gmt":"2025-12-16T13:52:48","guid":{"rendered":"https:\/\/imagazine.it\/home_desk\/?p=70309"},"modified":"2025-12-16T14:52:48","modified_gmt":"2025-12-16T13:52:48","slug":"comunicazione-istituzionale-lesercito-a-gorizia","status":"publish","type":"post","link":"https:\/\/imagazine.it\/home_desk\/comunicazione-istituzionale-lesercito-a-gorizia\/","title":{"rendered":"Comunicazione istituzionale: l\u2019Esercito a Gorizia"},"content":{"rendered":"<p>GORIZIA \u2013 Dal 2 al 4 dicembre scorsi si \u00e8 svolto al <strong>Comando Brigata \u201cPozzuolo del Friuli&#8221; di Gorizia<\/strong> il seminario informativo sulla comunicazione, giunto alla tredicesima edizione dal titolo \u201c<em>La comunicazione istituzionale: dinamiche, relazioni pubbliche e territorio<\/em>&#8220;.<\/p>\n<p>L&#8217;evento \u00e8 nato nel 2009 quale momento di aggiornamento per gli addetti stampa militari della \u201cPozzuolo del Friuli&#8221; e occasione di approfondimento sul mondo della comunicazione e dell&#8217;informazione pubblica. Dal 2011 \u00e8 aperto agli studenti dei due corsi di Laurea presenti in citt\u00e0: Scienze Internazionali e Diplomatiche e Relazioni Pubbliche.<\/p>\n<p>A patrocinare l&#8217;evento: il Comune di Gorizia, l&#8217;Universit\u00e0 degli Studi di Trieste \u2013 Dipartimento di Scienze Politiche e Sociali, l&#8217;Universit\u00e0 di Udine \u2013 Corsi di Laurea in Comunicazione Integrata per le Imprese e Relazioni Pubbliche, l&#8217;Ordine dei Giornalisti del Friuli Venezia Giulia, la Federazione Relazioni Pubbliche Italiana, l&#8217;Associazione Nazionale Arma di Cavalleria e l&#8217;Associazione Lagunari Truppe Anfibie.<\/p>\n<p>I lavori sono stati aperti dal Comandante della \u201cPozzuolo del Friuli&#8221;, il Generale di Brigata <strong>Andrea Bertazzo<\/strong>: \u201cLa nostra Forza Armata \u00e8 un&#8217;istituzione dinamica, al passo con i tempi e che fa della comunicazione, interna ed esterna, uno dei propri cardini. Per gli addetti alla Pubblica Informazione, momenti come questo non sono semplici occasioni di confronto, ma vero e proprio addestramento, coerentemente a quanto indicatoci dal Capo di SME, Generale di Corpo d&#8217;Armata Carmine Masiello, in merito ai pilastri che devono costituire il fondamento della nostra azione: valori, addestramento e tecnologia. \u00c8 proprio qui, nel perfezionamento di competenze e nel rafforzamento della nostra identit\u00e0, che questi principii si concretizzano. La comunicazione \u00e8 responsabilit\u00e0, \u00e8 competenza e, per noi militari, \u00e8 anche servizio al Paese&#8221;.<\/p>\n<p>Ha sottolineato, inoltre, il forte legame che \u00e8 da sempre presente tra le Forze Armate e il territorio isontino.<\/p>\n<p>Tra le autorit\u00e0 presenti nella giornata di apertura dei lavori sono intervenuti, la prefetta di Gorizia, <strong>Ester Fedullo<\/strong>, il questore <strong>Luigi Di Ruscio<\/strong>, l&#8217;assessore comunale <strong>Patrizia Artico<\/strong>, il direttore del Dipartimento di Scienze Politiche e Sociali dell&#8217;Universit\u00e0 degli Studi di Trieste, <strong>Georg Meyr<\/strong>, e per l&#8217;Universit\u00e0 degli Studi di Udine per la sede di Gorizia, il professor <strong>Daniele Ungaro<\/strong>, che hanno mostrato grande apprezzamento per l&#8217;iniziativa quale momento di incontro tra l&#8217;Esercito e realt\u00e0 pubbliche e private presenti nel goriziano.<\/p>\n<p>L&#8217;attivit\u00e0 coordinata dalla Sezione Pubblica Informazione della \u201cPozzuolo del Friuli&#8221; \u00e8 stata incentrata sulle tematiche delle relazioni pubbliche, ruolo del giornalista e rapporti dell&#8217;Esercito con l&#8217;esterno con particolare riguardo al territorio.\u200b<\/p>\n","protected":false},"excerpt":{"rendered":"<p>Il capoluogo isontino ha ospitato il seminario informativo: tra relazioni pubbliche, ruolo del giornalista e rapporti con l\u2019esterno<\/p>\n","protected":false},"author":28,"featured_media":70310,"comment_status":"closed","ping_status":"closed","sticky":false,"template":"","format":"image","meta":{"dwc-title":[""],"dwc-content":[""],"footnotes":""},"categories":[5],"tags":[1674,1608,43],"class_list":["post-70309","post","type-post","status-publish","format-image","has-post-thumbnail","hentry","category-attualita","tag-comunicazione","tag-esercito","tag-gorizia","post_format-post-format-image"],"rttpg_featured_image_url":{"full":["https:\/\/imagazine.it\/wp-content\/uploads\/2025\/12\/esercito-seminario-comunicazione.jpg",1366,800,false],"landscape":["https:\/\/imagazine.it\/wp-content\/uploads\/2025\/12\/esercito-seminario-comunicazione.jpg",1366,800,false],"portraits":["https:\/\/imagazine.it\/wp-content\/uploads\/2025\/12\/esercito-seminario-comunicazione.jpg",1366,800,false],"thumbnail":["https:\/\/imagazine.it\/wp-content\/uploads\/2025\/12\/esercito-seminario-comunicazione-150x150.jpg",150,150,true],"medium":["https:\/\/imagazine.it\/wp-content\/uploads\/2025\/12\/esercito-seminario-comunicazione-300x176.jpg",300,176,true],"large":["https:\/\/imagazine.it\/wp-content\/uploads\/2025\/12\/esercito-seminario-comunicazione-1024x600.jpg",640,375,true],"thumblist":["https:\/\/imagazine.it\/wp-content\/uploads\/2025\/12\/esercito-seminario-comunicazione-300x300.jpg",300,300,true],"thumbrelated":["https:\/\/imagazine.it\/wp-content\/uploads\/2025\/12\/esercito-seminario-comunicazione-500x500.jpg",500,500,true],"meccarouselthumb":["https:\/\/imagazine.it\/wp-content\/uploads\/2025\/12\/esercito-seminario-comunicazione-474x324.jpg",474,324,true],"gridsquare":["https:\/\/imagazine.it\/wp-content\/uploads\/2025\/12\/esercito-seminario-comunicazione-391x260.jpg",391,260,true],"tileview":["https:\/\/imagazine.it\/wp-content\/uploads\/2025\/12\/esercito-seminario-comunicazione-300x400.jpg",300,400,true],"1536x1536":["https:\/\/imagazine.it\/wp-content\/uploads\/2025\/12\/esercito-seminario-comunicazione.jpg",1366,800,false],"2048x2048":["https:\/\/imagazine.it\/wp-content\/uploads\/2025\/12\/esercito-seminario-comunicazione.jpg",1366,800,false],"newsup-slider-full":["https:\/\/imagazine.it\/wp-content\/uploads\/2025\/12\/esercito-seminario-comunicazione-1280x720.jpg",1280,720,true],"newsup-featured":["https:\/\/imagazine.it\/wp-content\/uploads\/2025\/12\/esercito-seminario-comunicazione-1024x600.jpg",1024,600,true],"newsup-medium":["https:\/\/imagazine.it\/wp-content\/uploads\/2025\/12\/esercito-seminario-comunicazione-720x380.jpg",720,380,true],"tptn_thumbnail":["https:\/\/imagazine.it\/wp-content\/uploads\/2025\/12\/esercito-seminario-comunicazione-250x210.jpg",250,210,true],"sow-carousel-default":["https:\/\/imagazine.it\/wp-content\/uploads\/2025\/12\/esercito-seminario-comunicazione-272x182.jpg",272,182,true]},"rttpg_author":{"display_name":"redazione","author_link":"https:\/\/imagazine.it\/home_desk\/author\/redazione\/"},"rttpg_comment":0,"rttpg_category":"<a href=\"https:\/\/imagazine.it\/home_desk\/category\/attualita\/\" rel=\"category tag\">ATTUALIT\u00c0<\/a>","rttpg_excerpt":"Il capoluogo isontino ha ospitato il seminario informativo: tra relazioni pubbliche, ruolo del giornalista e rapporti con l\u2019esterno","_links":{"self":[{"href":"https:\/\/imagazine.it\/home_desk\/wp-json\/wp\/v2\/posts\/70309","targetHints":{"allow":["GET"]}}],"collection":[{"href":"https:\/\/imagazine.it\/home_desk\/wp-json\/wp\/v2\/posts"}],"about":[{"href":"https:\/\/imagazine.it\/home_desk\/wp-json\/wp\/v2\/types\/post"}],"author":[{"embeddable":true,"href":"https:\/\/imagazine.it\/home_desk\/wp-json\/wp\/v2\/users\/28"}],"replies":[{"embeddable":true,"href":"https:\/\/imagazine.it\/home_desk\/wp-json\/wp\/v2\/comments?post=70309"}],"version-history":[{"count":1,"href":"https:\/\/imagazine.it\/home_desk\/wp-json\/wp\/v2\/posts\/70309\/revisions"}],"predecessor-version":[{"id":70311,"href":"https:\/\/imagazine.it\/home_desk\/wp-json\/wp\/v2\/posts\/70309\/revisions\/70311"}],"wp:featuredmedia":[{"embeddable":true,"href":"https:\/\/imagazine.it\/home_desk\/wp-json\/wp\/v2\/media\/70310"}],"wp:attachment":[{"href":"https:\/\/imagazine.it\/home_desk\/wp-json\/wp\/v2\/media?parent=70309"}],"wp:term":[{"taxonomy":"category","embeddable":true,"href":"https:\/\/imagazine.it\/home_desk\/wp-json\/wp\/v2\/categories?post=70309"},{"taxonomy":"post_tag","embeddable":true,"href":"https:\/\/imagazine.it\/home_desk\/wp-json\/wp\/v2\/tags?post=70309"}],"curies":[{"name":"wp","href":"https:\/\/api.w.org\/{rel}","templated":true}]}}