{"id":70302,"date":"2025-12-16T12:26:14","date_gmt":"2025-12-16T11:26:14","guid":{"rendered":"https:\/\/imagazine.it\/home_desk\/?p=70302"},"modified":"2025-12-17T10:02:36","modified_gmt":"2025-12-17T09:02:36","slug":"screening-mammografico-nuova-sede-per-il-programma-regionale","status":"publish","type":"post","link":"https:\/\/imagazine.it\/home_desk\/screening-mammografico-nuova-sede-per-il-programma-regionale\/","title":{"rendered":"Screening mammografico: nuova sede per il programma regionale"},"content":{"rendered":"<p><span style=\"font-size: 10pt;\"><em>Un momento dell&#8217;inaugurazione<\/em><\/span><\/p>\n<p>TRIESTE \u2013 Inaugurati presso l\u2019Azienda pubblica di Servizi alla Persona ITIS di via Pascoli gli spazi ambulatoriali e di segreteria del <strong>Programma Ragionale di Screening mammografico<\/strong>.<\/p>\n<p>Gli ambienti recentemente rinnovati e la nuova sede \u2013 che sostituisce la precedente collocazione presso il comprensorio di San Giovanni \u2013 sono stati progettati per offrire un contesto pi\u00f9 <strong>accessibile<\/strong> e <strong>accogliente<\/strong> per le cittadine che aderiscono al programma di prevenzione.<\/p>\n<p>In occasione dell\u2019inaugurazione \u00e8 stata inoltre allestita una <strong>mostra temporanea<\/strong> del pittore triestino <strong>Paolo Cervi Kervisher<\/strong> negli spazi ambulatoriali, come segno simbolico di alleanza tra sanit\u00e0 pubblica, prevenzione e cultura.<\/p>\n<p>Lo <em>screening<\/em> mammografico \u00e8 fondamentale perch\u00e9 permette la diagnosi precoce del tumore al seno, individuando anomalie prima dei sintomi, il che riduce significativamente la mortalit\u00e0 (fino al 30-40% per le donne tra 50 e 69 anni) e rende le cure meno invasive e pi\u00f9 efficaci, migliorando drasticamente le possibilit\u00e0 di guarigione.<\/p>\n<p>Questo esame \u00e8 una forma di prevenzione secondaria che affianca uno stile di vita sano per proteggere la salute femminile.<\/p>\n<p>A livello regionale dal 2005 al 2025 sono state eseguite oltre 1,1 milioni di mammografie di screening, con 280 mila donne prese in carico. L&#8217;adesione al programma ha raggiunto il 77,7%, che colloca il Friuli Venezia Giulia al terzo posto in Italia, e l&#8217;estensione degli inviti copre il 100% della popolazione target (45-74 anni).<\/p>\n<figure id=\"attachment_70304\" aria-describedby=\"caption-attachment-70304\" style=\"width: 800px\" class=\"wp-caption aligncenter\"><img loading=\"lazy\" decoding=\"async\" class=\"size-full wp-image-70304\" src=\"https:\/\/imagazine.it\/wp-content\/uploads\/2025\/12\/ambiente.jpg\" alt=\"\" width=\"800\" height=\"830\" title=\"\" srcset=\"https:\/\/imagazine.it\/wp-content\/uploads\/2025\/12\/ambiente.jpg 800w, https:\/\/imagazine.it\/wp-content\/uploads\/2025\/12\/ambiente-289x300.jpg 289w, https:\/\/imagazine.it\/wp-content\/uploads\/2025\/12\/ambiente-768x797.jpg 768w\" sizes=\"auto, (max-width: 800px) 100vw, 800px\" \/><figcaption id=\"caption-attachment-70304\" class=\"wp-caption-text\">I nuovi ambienti<\/figcaption><\/figure>\n","protected":false},"excerpt":{"rendered":"<p>Inaugurata a Trieste in via Pascoli: offrir\u00e0 un contesto pi\u00f9 accessibile e accogliente per le cittadine che aderiscono al programma di prevenzione<\/p>\n","protected":false},"author":28,"featured_media":70303,"comment_status":"closed","ping_status":"closed","sticky":false,"template":"","format":"image","meta":{"dwc-title":[""],"dwc-content":[""],"footnotes":""},"categories":[5],"tags":[209,97,95,65],"class_list":["post-70302","post","type-post","status-publish","format-image","has-post-thumbnail","hentry","category-attualita","tag-prevenzione","tag-salute","tag-sanita","tag-trieste","post_format-post-format-image"],"rttpg_featured_image_url":{"full":["https:\/\/imagazine.it\/wp-content\/uploads\/2025\/12\/inaugurazione.jpg",1366,856,false],"landscape":["https:\/\/imagazine.it\/wp-content\/uploads\/2025\/12\/inaugurazione.jpg",1366,856,false],"portraits":["https:\/\/imagazine.it\/wp-content\/uploads\/2025\/12\/inaugurazione.jpg",1366,856,false],"thumbnail":["https:\/\/imagazine.it\/wp-content\/uploads\/2025\/12\/inaugurazione-150x150.jpg",150,150,true],"medium":["https:\/\/imagazine.it\/wp-content\/uploads\/2025\/12\/inaugurazione-300x188.jpg",300,188,true],"large":["https:\/\/imagazine.it\/wp-content\/uploads\/2025\/12\/inaugurazione-1024x642.jpg",640,401,true],"thumblist":["https:\/\/imagazine.it\/wp-content\/uploads\/2025\/12\/inaugurazione-300x300.jpg",300,300,true],"thumbrelated":["https:\/\/imagazine.it\/wp-content\/uploads\/2025\/12\/inaugurazione-500x500.jpg",500,500,true],"meccarouselthumb":["https:\/\/imagazine.it\/wp-content\/uploads\/2025\/12\/inaugurazione-474x324.jpg",474,324,true],"gridsquare":["https:\/\/imagazine.it\/wp-content\/uploads\/2025\/12\/inaugurazione-391x260.jpg",391,260,true],"tileview":["https:\/\/imagazine.it\/wp-content\/uploads\/2025\/12\/inaugurazione-300x400.jpg",300,400,true],"1536x1536":["https:\/\/imagazine.it\/wp-content\/uploads\/2025\/12\/inaugurazione.jpg",1366,856,false],"2048x2048":["https:\/\/imagazine.it\/wp-content\/uploads\/2025\/12\/inaugurazione.jpg",1366,856,false],"newsup-slider-full":["https:\/\/imagazine.it\/wp-content\/uploads\/2025\/12\/inaugurazione-1280x720.jpg",1280,720,true],"newsup-featured":["https:\/\/imagazine.it\/wp-content\/uploads\/2025\/12\/inaugurazione-1024x642.jpg",1024,642,true],"newsup-medium":["https:\/\/imagazine.it\/wp-content\/uploads\/2025\/12\/inaugurazione-720x380.jpg",720,380,true],"tptn_thumbnail":["https:\/\/imagazine.it\/wp-content\/uploads\/2025\/12\/inaugurazione-250x210.jpg",250,210,true],"sow-carousel-default":["https:\/\/imagazine.it\/wp-content\/uploads\/2025\/12\/inaugurazione-272x182.jpg",272,182,true]},"rttpg_author":{"display_name":"redazione","author_link":"https:\/\/imagazine.it\/home_desk\/author\/redazione\/"},"rttpg_comment":0,"rttpg_category":"<a href=\"https:\/\/imagazine.it\/home_desk\/category\/attualita\/\" rel=\"category tag\">ATTUALIT\u00c0<\/a>","rttpg_excerpt":"Inaugurata a Trieste in via Pascoli: offrir\u00e0 un contesto pi\u00f9 accessibile e accogliente per le cittadine che aderiscono al programma di prevenzione","_links":{"self":[{"href":"https:\/\/imagazine.it\/home_desk\/wp-json\/wp\/v2\/posts\/70302","targetHints":{"allow":["GET"]}}],"collection":[{"href":"https:\/\/imagazine.it\/home_desk\/wp-json\/wp\/v2\/posts"}],"about":[{"href":"https:\/\/imagazine.it\/home_desk\/wp-json\/wp\/v2\/types\/post"}],"author":[{"embeddable":true,"href":"https:\/\/imagazine.it\/home_desk\/wp-json\/wp\/v2\/users\/28"}],"replies":[{"embeddable":true,"href":"https:\/\/imagazine.it\/home_desk\/wp-json\/wp\/v2\/comments?post=70302"}],"version-history":[{"count":2,"href":"https:\/\/imagazine.it\/home_desk\/wp-json\/wp\/v2\/posts\/70302\/revisions"}],"predecessor-version":[{"id":70306,"href":"https:\/\/imagazine.it\/home_desk\/wp-json\/wp\/v2\/posts\/70302\/revisions\/70306"}],"wp:featuredmedia":[{"embeddable":true,"href":"https:\/\/imagazine.it\/home_desk\/wp-json\/wp\/v2\/media\/70303"}],"wp:attachment":[{"href":"https:\/\/imagazine.it\/home_desk\/wp-json\/wp\/v2\/media?parent=70302"}],"wp:term":[{"taxonomy":"category","embeddable":true,"href":"https:\/\/imagazine.it\/home_desk\/wp-json\/wp\/v2\/categories?post=70302"},{"taxonomy":"post_tag","embeddable":true,"href":"https:\/\/imagazine.it\/home_desk\/wp-json\/wp\/v2\/tags?post=70302"}],"curies":[{"name":"wp","href":"https:\/\/api.w.org\/{rel}","templated":true}]}}